{"id":1276483,"date":"2026-09-02T19:22:19","date_gmt":"2026-09-02T19:22:19","guid":{"rendered":"https:\/\/www.europesays.com\/de\/1276483\/"},"modified":"2026-09-02T19:22:19","modified_gmt":"2026-09-02T19:22:19","slug":"karlsruhe-leipzig-medien-zwei-verdaechtige-nach-drohnenangriff-identifiziert","status":"publish","type":"post","link":"https:\/\/www.europesays.com\/de\/1276483\/","title":{"rendered":"Karlsruhe\/Leipzig | Medien: Zwei Verd\u00e4chtige nach Drohnenangriff identifiziert"},"content":{"rendered":"<p>Sprengstoff-Drohne<\/p>\n<p>Karlsruhe\/Leipzig (dpa) &#8211; Im Zusammenhang mit dem versuchten Drohnenanschlag am Flughafen Leipzig\/Halle haben die Ermittler laut Medienberichten zwei Tatverd\u00e4chtige im Visier. Der \u00abZeit\u00bb zufolge ermittelt die Bundesanwaltschaft gegen zwei Beschuldigte. NDR, WDR und \u00abS\u00fcddeutsche Zeitung\u00bb (SZ) berichten, es sei dem Bundeskriminalamt gelungen, zwei Verd\u00e4chtige zu identifizieren. Die Bundesanwaltschaft wollte sich auf Anfrage nicht dazu \u00e4u\u00dfern.<\/p>\n<p>In der Nacht zum 5. August war auf dem Gel\u00e4nde des Flughafens in Leipzig eine Drohne mit professionellem Sprengstoff und Z\u00fcnder gefunden worden. Die Bundesanwaltschaft ermittelt wegen des Verdachts des versuchten Herbeif\u00fchrens einer Sprengstoffexplosion. Die Bundesregierung hat Russland f\u00fcr den Angriff verantwortlich gemacht. Moskau bestreitet dies.<\/p>\n<p>\u00a9 dpa-infocom, dpa:260902-930-622875\/1<\/p>\n","protected":false},"excerpt":{"rendered":"Sprengstoff-Drohne Karlsruhe\/Leipzig (dpa) &#8211; Im Zusammenhang mit dem versuchten Drohnenanschlag am Flughafen Leipzig\/Halle haben die Ermittler laut Medienberichten&hellip;\n","protected":false},"author":2,"featured_media":1276484,"comment_status":"","ping_status":"","sticky":false,"template":"","format":"standard","meta":{"footnotes":"","_share_on_mastodon":"0"},"categories":[1844],"tags":[1634,3364,29,30,14936,8903,8221,1584,859],"class_list":["post-1276483","post","type-post","status-publish","format-standard","has-post-thumbnail","category-karlsruhe","tag-baden-wuerttemberg","tag-de","tag-deutschland","tag-germany","tag-innere-sicherheit","tag-karlsruhe","tag-konflikte","tag-kriminalitaet","tag-sachsen"],"share_on_mastodon":{"url":"https:\/\/pubeurope.com\/@de\/117203078269716010","error":""},"_links":{"self":[{"href":"https:\/\/www.europesays.com\/de\/wp-json\/wp\/v2\/posts\/1276483","targetHints":{"allow":["GET"]}}],"collection":[{"href":"https:\/\/www.europesays.com\/de\/wp-json\/wp\/v2\/posts"}],"about":[{"href":"https:\/\/www.europesays.com\/de\/wp-json\/wp\/v2\/types\/post"}],"author":[{"embeddable":true,"href":"https:\/\/www.europesays.com\/de\/wp-json\/wp\/v2\/users\/2"}],"replies":[{"embeddable":true,"href":"https:\/\/www.europesays.com\/de\/wp-json\/wp\/v2\/comments?post=1276483"}],"version-history":[{"count":0,"href":"https:\/\/www.europesays.com\/de\/wp-json\/wp\/v2\/posts\/1276483\/revisions"}],"wp:featuredmedia":[{"embeddable":true,"href":"https:\/\/www.europesays.com\/de\/wp-json\/wp\/v2\/media\/1276484"}],"wp:attachment":[{"href":"https:\/\/www.europesays.com\/de\/wp-json\/wp\/v2\/media?parent=1276483"}],"wp:term":[{"taxonomy":"category","embeddable":true,"href":"https:\/\/www.europesays.com\/de\/wp-json\/wp\/v2\/categories?post=1276483"},{"taxonomy":"post_tag","embeddable":true,"href":"https:\/\/www.europesays.com\/de\/wp-json\/wp\/v2\/tags?post=1276483"}],"curies":[{"name":"wp","href":"https:\/\/api.w.org\/{rel}","templated":true}]}}