{"id":1276487,"date":"2026-09-02T19:24:50","date_gmt":"2026-09-02T19:24:50","guid":{"rendered":"https:\/\/www.europesays.com\/de\/1276487\/"},"modified":"2026-09-02T19:24:50","modified_gmt":"2026-09-02T19:24:50","slug":"service-de-c-1995-2026-ruhr-concept-kg-das-presseportal-fuer-die-erfolgreiche-pressearbeit-von-staedten-kreisen-verbaenden-verlagen-parteien-unternehmen-medienbueros-hotelketten-etc-77","status":"publish","type":"post","link":"https:\/\/www.europesays.com\/de\/1276487\/","title":{"rendered":"service.de &#8211; (c) 1995-2026 ruhr-concept KG, das Presseportal f\u00fcr die erfolgreiche Pressearbeit von St\u00e4dten, Kreisen, Verb\u00e4nden, Verlagen, Parteien, Unternehmen, Medienb\u00fcros, Hotelketten etc."},"content":{"rendered":"<p>            &#13;<br \/>\n                Alle Meldungen:<\/p>\n<p>  &#13;<br \/>\n02.09.2026 &#8211; <a href=\"https:\/\/www.presse-service.de\/public\/Default.aspx?p=1591\" rel=\"nofollow noopener\" target=\"_blank\">Stadt Soest<\/a>&#13;<\/p>\n<p>  &#13;<br \/>\nVollsperrung am Franz-Haas-Weg&#13;<\/p>\n<p class=\"ins_r\">&#13;<br \/>\n      <img decoding=\"async\" class=\"news_list_single_image\" src=\"https:\/\/www.europesays.com\/de\/wp-content\/uploads\/2026\/06\/291958V.jpg\" alt=\"\u00a9 Stadt Soest\"\/>&#13;<br \/>\nDer Franz-Haas-Weg ist vom 2. September bis zum 18. September 2026 im Bereich der Hausnummer 18 voll gesperrt.&#13;\n  <\/p>\n<p> &#13;<br \/>\n      <a href=\"https:\/\/www.presse-service.de\/public\/Single.aspx?iid=1225848\" rel=\"nofollow noopener\" target=\"_blank\">mehr lesen&#8230;<\/a>  <\/p>\n<p>  &#13;<br \/>\n02.09.2026 &#8211; <a href=\"https:\/\/www.presse-service.de\/public\/Default.aspx?p=473\" rel=\"nofollow noopener\" target=\"_blank\">Kreis Borken<\/a>&#13;<\/p>\n<p>  &#13;<br \/>\nKinder fahren am 20. September 2026 im WestfalenTarif zum Nulltarif &#13;<br \/>\nPressemitteilung der WestfalenTarif GmbH&#13;<\/p>\n<p class=\"ins_r\">&#13;<br \/>\n      <img decoding=\"async\" class=\"news_list_single_image\" src=\"https:\/\/www.europesays.com\/de\/wp-content\/uploads\/2026\/09\/1788377076_272_326102V.jpg\" alt=\"\u00a9 www.westfalentarif.de\"\/>&#13;<br \/>\nZum Weltkindertag am 20.09.2026 wird der rote Teppich f\u00fcr die junge Generation ausgerollt: Der WestfalenTarif erm\u00f6glicht zusammen mit allen Verkehrsunternehmen und -verb\u00fcnden in NRW Kindern bis einschlie\u00dflich 14 Jahre einen Tag lang freie Fahrt in allen Bussen, Bahnen und Nahverkehrsz\u00fcgen in der 2. Klasse. Ein Ticket ist f\u00fcr sie nicht n\u00f6tig \u2013 einfach einsteigen, losfahren und das n\u00e4chste Abenteuer starten! Kinder unter sieben Jahren fahren grunds\u00e4tzlich kostenlos. Begleitende Personen sorgen mit dem elektronischen Luftlinien-Tarif &#8222;eezy.nrw&#8220;&#8230;&#13;\n  <\/p>\n<p> &#13;<br \/>\n      <a href=\"https:\/\/www.presse-service.de\/public\/Single.aspx?iid=1225854\" rel=\"nofollow noopener\" target=\"_blank\">mehr lesen&#8230;<\/a>  <\/p>\n<p>  &#13;<br \/>\n02.09.2026 &#8211; <a href=\"https:\/\/www.presse-service.de\/public\/Default.aspx?p=532\" rel=\"nofollow noopener\" target=\"_blank\">Stadt Arnsberg<\/a>&#13;<\/p>\n<p>  &#13;<br \/>\nNeu auf arnsberg.de: Social-Media-News im \u00dcberblick \u2013 ganz ohne Account&#13;<\/p>\n<p class=\"ins_r\">&#13;<br \/>\n      <img decoding=\"async\" class=\"news_list_single_image\" src=\"https:\/\/www.europesays.com\/de\/wp-content\/uploads\/2026\/09\/1788377077_203_326070V.jpg\" alt=\"\u00a9 \"\/>&#13;<br \/>\nArnsberg setzt auf Transparenz und schnelle Information: Ab sofort b\u00fcndelt die Stadtverwaltung ausgew\u00e4hlte Posts von Facebook und Instagram auf einer neuen Social Wall direkt auf der Startseite der st\u00e4dtischen Website www.arnsberg.de.&#13;<br \/>\n&#13;<br \/>\nEgal ob News, Fotos oder Kurzvideos \u2013 wer auf dem Laufenden bleiben will, muss daf\u00fcr nicht mehr durch verschiedene Apps scrollen. Das Beste daran: F\u00fcr den Blick auf die Social Wall ist kein eigenes Social-Media-Profil n\u00f6tig. B\u00fcrgerinnen und B\u00fcrger k\u00f6nnen die Beitr\u00e4ge ganz niederschwellig direkt auf der Website&#8230;&#13;\n  <\/p>\n<p> &#13;<br \/>\n      <a href=\"https:\/\/www.presse-service.de\/public\/Single.aspx?iid=1225817\" rel=\"nofollow noopener\" target=\"_blank\">mehr lesen&#8230;<\/a>  <\/p>\n<p>  &#13;<br \/>\n02.09.2026 &#8211; <a href=\"https:\/\/www.presse-service.de\/public\/Default.aspx?p=1381\" rel=\"nofollow noopener\" target=\"_blank\">Kreis Viersen<\/a>&#13;<\/p>\n<p>  &#13;<br \/>\nAusschuss f\u00fcr Verbraucherschutz, Ordnung und Rettungswesen tagt am 9. September&#13;<\/p>\n<p class=\"ins_r\">&#13;<br \/>\n      <img decoding=\"async\" class=\"news_list_single_image\" src=\"https:\/\/www.europesays.com\/de\/wp-content\/uploads\/2025\/05\/logo_kv.png\" alt=\"\u00a9 \"\/>&#13;<br \/>\nDer Ausschuss f\u00fcr Verbraucherschutz, Ordnung und Rettungswesen des Kreises Viersen tagt am Mittwoch, den 9. September. Beginn ist um 18 Uhr im Sitzungssaal des Forums am Kreishaus, Rathausmarkt 2 in 41747 Viersen.&#13;<br \/>\nTagesordnung:&#13;<br \/>\nAuf der Tagesordnung stehen unter anderem die Vorstellung der Aufgabenbereiche aus den \u00c4mtern &#8211; hier: Allgemeine Kreisordnungsbeh\u00f6rde (32\/1), Ausl\u00e4nderangelegenheiten (32\/3) und Fahrzeugzulassung (32\/4) sowie der Sachstand Neubau Rettungswache Schwalmtal.&#13;<br \/>\nDen Vorsitz hat Manfred Wolfers jun. Die Sitzung ist&#8230;&#13;\n  <\/p>\n<p> &#13;<br \/>\n      <a href=\"https:\/\/www.presse-service.de\/public\/Single.aspx?iid=1225827\" rel=\"nofollow noopener\" target=\"_blank\">mehr lesen&#8230;<\/a>  <\/p>\n<p>  &#13;<br \/>\n02.09.2026 &#8211; <a href=\"https:\/\/www.presse-service.de\/public\/Default.aspx?p=1032\" rel=\"nofollow noopener\" target=\"_blank\">Kreisstadt Unna<\/a>&#13;<\/p>\n<p>  &#13;<br \/>\nL\u00fcnerner Bahnhofstra\u00dfe: Vollsperrung des Bahn\u00fcbergangs&#13;<\/p>\n<p class=\"ins_r\">&#13;<br \/>\n      <img decoding=\"async\" class=\"news_list_single_image\" src=\"https:\/\/www.europesays.com\/de\/wp-content\/uploads\/2025\/04\/StadtUnna_Logo.jpg\" alt=\"\u00a9 \"\/>&#13;<br \/>\nF\u00fcr Gleis- und Asphaltarbeiten muss der Bahn\u00fcbergang an der L\u00fcnerner Bahnhofstra\u00dfe im Zeitraum von Donnerstag, 17. September, 18 Uhr, bis einschlie\u00dflich Freitag, 18. September, komplett gesperrt werden.&#13;<br \/>\nEine Umleitung wird eingerichtet und f\u00fchrt \u00fcber die L\u00fcnerner Bahnhofstra\u00dfe, die Nordl\u00fcnerner Stra\u00dfe und die Werler Stra\u00dfe.&#13;\n  <\/p>\n<p> &#13;<br \/>\n      <a href=\"https:\/\/www.presse-service.de\/public\/Single.aspx?iid=1225830\" rel=\"nofollow noopener\" target=\"_blank\">mehr lesen&#8230;<\/a>  <\/p>\n<p>  &#13;<br \/>\n02.09.2026 &#8211; <a href=\"https:\/\/www.presse-service.de\/public\/Default.aspx?p=1452\" rel=\"nofollow noopener\" target=\"_blank\">Kreis Unna &#8211; Presse und Kommunikation<\/a>&#13;<\/p>\n<p>  &#13;<br \/>\nIgel gefunden \u2013 was tun?&#13;<br \/>\nVeterin\u00e4rbeh\u00f6rde gibt Hinweise zum Umgang&#13;<\/p>\n<p class=\"ins_r\">&#13;<br \/>\n      <img decoding=\"async\" class=\"news_list_single_image\" src=\"https:\/\/www.europesays.com\/de\/wp-content\/uploads\/2025\/05\/1747307889_562_logo.jpg\" alt=\"\u00a9 \"\/>&#13;<br \/>\nVergangene Woche gab es einen Einsatz der Kreis-Veterin\u00e4re in L\u00fcnen: Rund 130 Igel sind nach der Kontrolle einer Igel-Auffangstation in L\u00fcnen in Obhut gebracht worden. Seitdem erreichen das Veterin\u00e4ramt des Kreises Unna zahlreiche Fragen, wohin sich B\u00fcrgerinnen und B\u00fcrger denn wenden k\u00f6nnen, wenn sie einen vermeintlich hilfsbed\u00fcrftigen Igel finden. Die Veterin\u00e4rbeh\u00f6rde kl\u00e4rt auf.&#13;\n  <\/p>\n<p> &#13;<br \/>\n      <a href=\"https:\/\/www.presse-service.de\/public\/Single.aspx?iid=1225834\" rel=\"nofollow noopener\" target=\"_blank\">mehr lesen&#8230;<\/a>  <\/p>\n<p>  &#13;<br \/>\n02.09.2026 &#8211; <a href=\"https:\/\/www.presse-service.de\/public\/Default.aspx?p=1256\" rel=\"nofollow noopener\" target=\"_blank\">Stadt Hamm<\/a>&#13;<\/p>\n<p>  &#13;<br \/>\n\u201eTom Hamme\u201c hilft weiter&#13;<br \/>\nKI-gest\u00fctzter Chatbot ist online&#13;<\/p>\n<p class=\"ins_r\">&#13;<br \/>\n      <img decoding=\"async\" class=\"news_list_single_image\" src=\"https:\/\/www.europesays.com\/de\/wp-content\/uploads\/2026\/09\/1788377080_151_326087V.jpg\" alt=\"\u00a9 \"\/>&#13;<br \/>\nEr ist rund um die Uhr erreichbar, total hilfsbereit und spricht mehr als 100 Sprachen: Der Chatbot &#8222;Tom Hamme&#8220; hilft ab sofort schnell und einfach mit Infos zu Leistungen und Angeboten der Stadt Hamm weiter.&#13;<br \/>\nAuf der Suche nach Informationen zu \u00d6ffnungszeiten, Dienstleistungen oder Online-Angeboten der Stadt Hamm erhalten B\u00fcrger:innen ab sofort digitale Unterst\u00fctzung: Der Chatbot &#8222;Tom Hamme&#8220; ist Anfang September offiziell gestartet. Als digitaler Lotse hilft Tom Hamme dabei, schnell, einfach und \u00fcbersichtlich die passenden Informationen zu&#8230;&#13;\n  <\/p>\n<p> &#13;<br \/>\n      <a href=\"https:\/\/www.presse-service.de\/public\/Single.aspx?iid=1225845\" rel=\"nofollow noopener\" target=\"_blank\">mehr lesen&#8230;<\/a>  <\/p>\n<p>  &#13;<br \/>\n02.09.2026 &#8211; <a href=\"https:\/\/www.presse-service.de\/public\/Default.aspx?p=1227\" rel=\"nofollow noopener\" target=\"_blank\">Stadt Iserlohn<\/a>&#13;<\/p>\n<p>  &#13;<br \/>\nGedenkst\u00e4ttenfahrt nach Albinea \/ Reggio Emilia (Italien): \u201eAuf den Spuren von Erwin Schl\u00fcnder\u201c&#13;<br \/>\nZugeh\u00f6rige Ausstellung ab 18. September in der Reformierten Kirche und ab 6. Oktober in der Volkshochschule&#13;<\/p>\n<p class=\"ins_r\">&#13;<br \/>\n      <img decoding=\"async\" class=\"news_list_single_image\" src=\"https:\/\/www.europesays.com\/de\/wp-content\/uploads\/2026\/09\/1788377082_614_326091V.jpg\" alt=\"\u00a9 Stadt Iserlohn\"\/>&#13;<br \/>\nNachdem im April vergangenen Jahres ein Stolperstein f\u00fcr Erwin Schl\u00fcnder vor seinem Geburtshaus an der Bonstedtstra\u00dfe 12 verlegt worden ist, veranstaltete die st\u00e4dtische Abteilung Jugendarbeit (Erzieherischer Jugendschutz) nun eine besondere siebent\u00e4gige Gedenkst\u00e4ttenfahrt von Sonntag, 23. August, bis Samstag, 29. August, nach Albinea in die norditalienische Region Emilia-Romagna.&#13;<br \/>\nErwin Schl\u00fcnder wurde 1921 in Iserlohn geboren. Der Mann, der als Soldat im August 1944 in Italien stationiert war, leistete gemeinsam mit vier weiteren Kameraden im&#8230;&#13;\n  <\/p>\n<p> &#13;<br \/>\n      <a href=\"https:\/\/www.presse-service.de\/public\/Single.aspx?iid=1225847\" rel=\"nofollow noopener\" target=\"_blank\">mehr lesen&#8230;<\/a>  <\/p>\n<p>  &#13;<br \/>\n02.09.2026 &#8211; <a href=\"https:\/\/www.presse-service.de\/public\/Default.aspx?p=77\" rel=\"nofollow noopener\" target=\"_blank\">Stadt M\u00fcnster<\/a>&#13;<\/p>\n<p>  &#13;<br \/>\nNeues Zuhause f\u00fcr vier Shetlandponys&#13;<br \/>\nSternchen, Cookie, Kessi und Lola ziehen gemeinsam in die Wesermarsch&#13;<\/p>\n<p class=\"ins_r\">&#13;<br \/>\n      <img decoding=\"async\" class=\"news_list_single_image\" src=\"https:\/\/www.europesays.com\/de\/wp-content\/uploads\/2026\/09\/1788377083_447_326099V.jpg\" alt=\"\u00a9 Stadt M\u00fcnster\"\/>&#13;<br \/>\nM\u00fcnster (SMS) Die vier Shetlandponys Sternchen, Cookie, Kessi und Lola haben ein neues Zuhause gefunden. Voraussichtlich in der kommenden Woche ziehen die Stuten gemeinsam in die Wesermarsch. Derzeit leben die Tiere auf einem Hof in B\u00fcren im Kreis Paderborn. Damit k\u00f6nnen die vier Ponys zusammenbleiben \u2013 das war dem Veterin\u00e4ramt der Stadt M\u00fcnster bei der Suche nach einem neuen Zuhause wichtig.&#13;<br \/>\nDas Veterin\u00e4ramt hatte die Ponys im vergangenen Sommer aus schlechter Haltung sichergestellt. Anschlie\u00dfend wurden die Tiere tier\u00e4rztlich behandelt und&#8230;&#13;\n  <\/p>\n<p> &#13;<br \/>\n      <a href=\"https:\/\/www.presse-service.de\/public\/Single.aspx?iid=1225851\" rel=\"nofollow noopener\" target=\"_blank\">mehr lesen&#8230;<\/a>  <\/p>\n<p>  &#13;<br \/>\n02.09.2026 &#8211; <a href=\"https:\/\/www.presse-service.de\/public\/Default.aspx?p=90\" rel=\"nofollow noopener\" target=\"_blank\">Hertener Stadtwerke GmbH<\/a>&#13;<\/p>\n<p>  &#13;<br \/>\nFernw\u00e4rme-Ausbau geht in die n\u00e4chste Etappe&#13;<br \/>\nM\u00fchlenviertel: Schl\u00e4gel-und-Eisen-Stra\u00dfe wird gesperrt&#13;<\/p>\n<p class=\"ins_r\">&#13;<br \/>\n      <img decoding=\"async\" class=\"news_list_single_image\" src=\"https:\/\/www.europesays.com\/de\/wp-content\/uploads\/2026\/09\/1788377084_459_326061V.jpg\" alt=\"\u00a9 Hertener Stadtwerke\/Jan Ahlers\"\/>&#13;<br \/>\nDer Ausbau des neuen Fernw\u00e4rmenetzes im M\u00fchlenviertel in Herten-Langenbochum schreitet weiter voran. Nun steht der L\u00fcckenschluss zwischen der Wilhelminenstra\u00dfe und der Fernw\u00e4rme-\u00dcbergabestation an der Schl\u00e4gel-und-Eisen-Stra\u00dfe bevor. F\u00fcr die daf\u00fcr notwendigen Bauarbeiten muss die Schl\u00e4gel-und-Eisen-Stra\u00dfe ab Montag, 7. September, f\u00fcr voraussichtlich rund sechs Wochen vollst\u00e4ndig gesperrt werden.&#13;\n  <\/p>\n<p> &#13;<br \/>\n      <a href=\"https:\/\/www.presse-service.de\/public\/Single.aspx?iid=1225806\" rel=\"nofollow noopener\" target=\"_blank\">mehr lesen&#8230;<\/a>  <\/p>\n<p>  &#13;<br \/>\n02.09.2026 &#8211; <a href=\"https:\/\/www.presse-service.de\/public\/Default.aspx?p=1381\" rel=\"nofollow noopener\" target=\"_blank\">Kreis Viersen<\/a>&#13;<\/p>\n<p>  &#13;<br \/>\nNeue Termine f\u00fcr digitale B\u00fcrgersprechstunde mit Landrat Bennet Gielen&#13;<br \/>\n29. September und 7. Oktober, jeweils von 16 bis 17 Uhr \/ Anmeldung bis 21. September&#13;<\/p>\n<p class=\"ins_r\">&#13;<br \/>\n      <img decoding=\"async\" class=\"news_list_single_image\" src=\"https:\/\/www.europesays.com\/de\/wp-content\/uploads\/2025\/05\/logo_kv.png\" alt=\"\u00a9 \"\/>&#13;<br \/>\nAm Dienstag, 29. September, und Mittwoch, 7. Oktober, bietet sich B\u00fcrgerinnen und B\u00fcrgern im Kreis Viersen erneut die Gelegenheit, pers\u00f6nlich mit Landrat Bennet Gielen ins Gespr\u00e4ch zu kommen.&#13;<br \/>\nDie digitale B\u00fcrgersprechstunde findet an beiden Terminen jeweils von 16 bis 17 Uhr statt. Interessierte k\u00f6nnen ihre Fragen stellen, Anliegen schildern, Anregungen geben oder dem Landrat direkt R\u00fcckmeldungen zu Themengeben, die sie bewegen.&#13;<br \/>\n&#8222;Ich freue mich, mit den B\u00fcrgerinnen und B\u00fcrgern ins Gespr\u00e4ch zu kommen, zuzuh\u00f6ren und zu erfahren, was die&#8230;&#13;\n  <\/p>\n<p> &#13;<br \/>\n      <a href=\"https:\/\/www.presse-service.de\/public\/Single.aspx?iid=1225825\" rel=\"nofollow noopener\" target=\"_blank\">mehr lesen&#8230;<\/a>  <\/p>\n<p>  &#13;<br \/>\n02.09.2026 &#8211; <a href=\"https:\/\/www.presse-service.de\/public\/Default.aspx?p=925\" rel=\"nofollow noopener\" target=\"_blank\">Stadt Braunschweig<\/a>&#13;<\/p>\n<p>  &#13;<br \/>\nSpielplatz Ludwigstra\u00dfe neugestaltet und modern ausgestattet&#13;<\/p>\n<p class=\"ins_r\">&#13;<br \/>\n      <img decoding=\"async\" class=\"news_list_single_image\" src=\"https:\/\/www.europesays.com\/de\/wp-content\/uploads\/2025\/05\/logo_braunschweig.jpg\" alt=\"\u00a9 \"\/>&#13;<br \/>\nDer in die Jahre gekommene Spielplatz Ludwigstra\u00dfe in der Nordstadt ist neugestaltet und mit modernen Spielger\u00e4ten ausgestattet worden. Als Grundlage f\u00fcr die Neugestaltung dienten die Ergebnisse der Kinderbeteiligung. Hierbei wurden insbesondere folgende W\u00fcnsche genannt, die nun den neuen Spielplatz bereichern: Schaukeln, Reckstangen Kletterm\u00f6glichkeiten und eine Rutsche. Oberb\u00fcrgermeister Dr. Thorsten Kornblum er\u00f6ffnete den Spielplatz am Mittwoch, 2. September.&#13;<br \/>\n\u00a0&#13;<br \/>\n&#8222;Es ist uns sehr wichtig, in unserer Stadt ein abwechslungsreiches&#8230;&#13;\n  <\/p>\n<p> &#13;<br \/>\n      <a href=\"https:\/\/www.presse-service.de\/public\/Single.aspx?iid=1225814\" rel=\"nofollow noopener\" target=\"_blank\">mehr lesen&#8230;<\/a>  <\/p>\n<p>  &#13;<br \/>\n02.09.2026 &#8211; <a href=\"https:\/\/www.presse-service.de\/public\/Default.aspx?p=1589\" rel=\"nofollow noopener\" target=\"_blank\">Stadt Dortmund<\/a>&#13;<\/p>\n<p>  &#13;<br \/>\nDas Seniorenb\u00fcro Scharnhorst feiert sein 20-j\u00e4hriges Bestehen&#13;<\/p>\n<p class=\"ins_r\">&#13;<br \/>\n      <img decoding=\"async\" class=\"news_list_single_image\" src=\"https:\/\/www.europesays.com\/de\/wp-content\/uploads\/2025\/08\/logo_do_pink.png\" alt=\"\u00a9 \"\/>&#13;<br \/>\nDas Seniorenb\u00fcro Scharnhorst, Gleiwitzstra\u00dfe 277, besteht nun seit 20 Jahre &#8211; das wird gefeiert! Die Jubil\u00e4umsveranstaltung am Freitag, 9. Oktober, steht ab 16 Uhr unter dem Motto &#8222;Von der Idee zur Umsetzung&#8220;.&#13;<br \/>\nAuf dem Programm stehen musikalische Beitr\u00e4ge und kulinarische Spezialit\u00e4ten. Gemeinsam wollen die Veranstalter mit dem Netzwerk &#8222;Werkstatt Seniorenarbeit im Stadtbezirk Scharnhorst&#8220; und interessierten G\u00e4sten auf die Anf\u00e4nge der Seniorenb\u00fcros in Dortmund und die Arbeit der vergangenen 20 Jahre zur\u00fcckblicken. Gastredner ist Reinhard&#8230;&#13;\n  <\/p>\n<p> &#13;<br \/>\n      <a href=\"https:\/\/www.presse-service.de\/public\/Single.aspx?iid=1225331\" rel=\"nofollow noopener\" target=\"_blank\">mehr lesen&#8230;<\/a>  <\/p>\n<p>  &#13;<br \/>\n02.09.2026 &#8211; <a href=\"https:\/\/www.presse-service.de\/public\/Default.aspx?p=1589\" rel=\"nofollow noopener\" target=\"_blank\">Stadt Dortmund<\/a>&#13;<\/p>\n<p>  &#13;<br \/>\nDortmunder Wohnungsmarkt bleibt unter Druck&#13;<br \/>\nStadt stellt den neuen Wohnungsmarktbericht vor&#13;<\/p>\n<p class=\"ins_r\">&#13;<br \/>\n      <img decoding=\"async\" class=\"news_list_single_image\" src=\"https:\/\/www.presse-service.de\/data.aspx\/medien\/326075V.gif\" alt=\"\u00a9 Stadt Dortmund \/ Amt f\u00fcr Wohnen\"\/>&#13;<br \/>\nAuch im Jahr 2025 ist neuer Wohnraum entstanden. Die Summe f\u00fcr den gef\u00f6rderten Wohnungsbau war mit 109,5 Mio. Euro so hoch wie nie zuvor. Doch die Nachfrage bleibt ebenfalls hoch. Das zeigt der aktuelle Wohnungsmarktbericht 2026, den das Amt f\u00fcr Wohnen jetzt vorlegt. Die Zahlen belegen, wie schwierig die Situation vor allem f\u00fcr gro\u00dfe Familien und Menschen mit geringem Einkommen bleibt.&#13;\n  <\/p>\n<p> &#13;<br \/>\n      <a href=\"https:\/\/www.presse-service.de\/public\/Single.aspx?iid=1225667\" rel=\"nofollow noopener\" target=\"_blank\">mehr lesen&#8230;<\/a>  <\/p>\n<p>  &#13;<br \/>\n02.09.2026 &#8211; <a href=\"https:\/\/www.presse-service.de\/public\/Default.aspx?p=1589\" rel=\"nofollow noopener\" target=\"_blank\">Stadt Dortmund<\/a>&#13;<\/p>\n<p>  &#13;<br \/>\nAufbruch in der City: Neue Akzente f\u00fcrs Rosen- und Br\u00fcckviertel&#13;<br \/>\nCity-Fonds des Citymanagements f\u00f6rdert vier weitere Projekte&#13;<\/p>\n<p class=\"ins_r\">&#13;<br \/>\n      <img decoding=\"async\" class=\"news_list_single_image\" src=\"https:\/\/www.europesays.com\/de\/wp-content\/uploads\/2026\/09\/1788377088_6_326081V.jpg\" alt=\"\u00a9 Stadt Dortmund \/ Benito Barajas\"\/>&#13;<br \/>\nDas Rosenviertel arbeitet weiter an noch mehr Flair: Kleine Bistro-Garnituren laden zum Verweilen ein, und ein weiteres Banner leuchtet k\u00fcnftig an der Viktoriastra\u00dfe. Beides unterst\u00fctzt der st\u00e4dtische City-Fonds &#8211; und noch zwei weitere Projekte.&#13;\n  <\/p>\n<p> &#13;<br \/>\n      <a href=\"https:\/\/www.presse-service.de\/public\/Single.aspx?iid=1225707\" rel=\"nofollow noopener\" target=\"_blank\">mehr lesen&#8230;<\/a>  <\/p>\n<p>  &#13;<br \/>\n02.09.2026 &#8211; <a href=\"https:\/\/www.presse-service.de\/public\/Default.aspx?p=377\" rel=\"nofollow noopener\" target=\"_blank\">Stadt Lippstadt<\/a>&#13;<\/p>\n<p>  &#13;<br \/>\nVon der kleinen Raupe bis zu Felix Lobrecht: Junges Theater startet in die neue Spielzeit&#13;<\/p>\n<p class=\"ins_r\">&#13;<br \/>\n      <img decoding=\"async\" class=\"news_list_single_image\" src=\"https:\/\/www.europesays.com\/de\/wp-content\/uploads\/2026\/09\/1788377089_402_326071V.jpg\" alt=\"\u00a9 \"\/>&#13;<br \/>\nAbwechslungsreiches Programm f\u00fcr Kinder und Jugendliche im Stadttheater Lippstadt \u2013 Volksbank Beckum-Lippstadt unterst\u00fctzt die Reihe erneut&#13;<br \/>\nWenn sich im Stadttheater Lippstadt der Vorhang f\u00fcr die j\u00fcngsten Zuschauerinnen und Zuschauer \u00f6ffnet, stehen in der Spielzeit 2026\/27 gro\u00dfe Geschichten, bekannte Kinderbuchhelden, \u00fcberraschende Experimente und aktuelle Themen auf dem Programm. Bereits im September starten die ersten Vorstellungen des Jungen Theaters. Das Angebot reicht vom ersten Theaterbesuch f\u00fcr die Kleinsten bis zu Inszenierungen f\u00fcr&#8230;&#13;\n  <\/p>\n<p> &#13;<br \/>\n      <a href=\"https:\/\/www.presse-service.de\/public\/Single.aspx?iid=1225818\" rel=\"nofollow noopener\" target=\"_blank\">mehr lesen&#8230;<\/a>  <\/p>\n<p>  &#13;<br \/>\n02.09.2026 &#8211; <a href=\"https:\/\/www.presse-service.de\/public\/Default.aspx?p=77\" rel=\"nofollow noopener\" target=\"_blank\">Stadt M\u00fcnster<\/a>&#13;<\/p>\n<p>  &#13;<br \/>\nGemeinsame Beratung soll jungen Menschen noch gezielter bei Bildungs- und Berufsfragen helfen&#13;<br \/>\nStadt und Agentur f\u00fcr Arbeit unterzeichnen Vereinbarung f\u00fcr Jugendberufsagentur&#13;<\/p>\n<p class=\"ins_r\">&#13;<br \/>\n      <img decoding=\"async\" class=\"news_list_single_image\" src=\"https:\/\/www.europesays.com\/de\/wp-content\/uploads\/2026\/09\/1788377090_569_326074V.jpg\" alt=\"\u00a9 Stadt M\u00fcnster \/ Michael Lyra\"\/>&#13;<br \/>\nM\u00fcnster (SMS) Jugendliche und junge Erwachsene in M\u00fcnster sollen k\u00fcnftig Beratung rund um Schule, Ausbildung und Beruf aus einer Hand erhalten. Oberb\u00fcrgermeister Tilman Fuchs und Joachim Fahnemann, Vorsitzender der Gesch\u00e4ftsf\u00fchrung der Agentur f\u00fcr Arbeit Ahlen-M\u00fcnster, unterzeichneten am Mittwoch, 2. September, eine Vereinbarung f\u00fcr eine Jugendberufsagentur.&#13;<br \/>\n&#8222;Junge Menschen stehen vor wichtigen Entscheidungen: Welcher Bildungsweg passt zu mir? Welche Ausbildung ist die richtige? Und was mache ich, wenn es nicht funktioniert? Wir wollen, dass&#8230;&#13;\n  <\/p>\n<p> &#13;<br \/>\n      <a href=\"https:\/\/www.presse-service.de\/public\/Single.aspx?iid=1225828\" rel=\"nofollow noopener\" target=\"_blank\">mehr lesen&#8230;<\/a>  <\/p>\n<p>  &#13;<br \/>\n02.09.2026 &#8211; <a href=\"https:\/\/www.presse-service.de\/public\/Default.aspx?p=1381\" rel=\"nofollow noopener\" target=\"_blank\">Kreis Viersen<\/a>&#13;<\/p>\n<p>  &#13;<br \/>\nWege zum Frieden: Volksbund gestaltet Thementag auf der Landesgartenschau Neuss&#13;<\/p>\n<p class=\"ins_r\">&#13;<br \/>\n      <img decoding=\"async\" class=\"news_list_single_image\" src=\"https:\/\/www.europesays.com\/de\/wp-content\/uploads\/2025\/05\/logo_kv.png\" alt=\"\u00a9 \"\/>&#13;<br \/>\nUnter dem Motto &#8222;Wege zum Frieden&#8220; l\u00e4dt der Volksbund Deutsche Kriegsgr\u00e4berf\u00fcrsorge e.V. am Donnerstag, 3. September 2026, von 11 bis 15 Uhr zu einem Thementag am Standort Licht.Kirche auf dem Gel\u00e4nde der Landesgartenschau Neuss ein. Besucherinnen und Besucher erwartet ein abwechslungsreiches Programm mit Ausstellung, Podiumsgespr\u00e4ch, Informationsangeboten und Mitmachaktionen.&#13;<br \/>\nDen thematischen Ausgangspunkt bildet die Ausstellung &#8222;Wege zum Frieden. Kriegsfolgen und Friedensprozesse&#8220;. Sie setzt sich mit den Folgen von Krieg und Gewalt sowie mit&#8230;&#13;\n  <\/p>\n<p> &#13;<br \/>\n      <a href=\"https:\/\/www.presse-service.de\/public\/Single.aspx?iid=1225829\" rel=\"nofollow noopener\" target=\"_blank\">mehr lesen&#8230;<\/a>  <\/p>\n<p>  &#13;<br \/>\n02.09.2026 &#8211; <a href=\"https:\/\/www.presse-service.de\/public\/Default.aspx?p=1381\" rel=\"nofollow noopener\" target=\"_blank\">Kreis Viersen<\/a>&#13;<\/p>\n<p>  &#13;<br \/>\nF\u00fchrung zu Kriegsgr\u00e4bern auf dem Krefelder Hauptfriedhof am Tag des Friedhofs&#13;<br \/>\nVolksbund NRW und Villa Merl\u00e4nder laden zu historischem Rundgang ein&#13;<\/p>\n<p class=\"ins_r\">&#13;<br \/>\n      <img decoding=\"async\" class=\"news_list_single_image\" src=\"https:\/\/www.europesays.com\/de\/wp-content\/uploads\/2025\/05\/logo_kv.png\" alt=\"\u00a9 \"\/>&#13;<br \/>\nIm Rahmen der Veranstaltungsreihe &#8222;GE(H)DENKEN!&#8220; und anl\u00e4sslich des bundesweiten &#8222;Tag des Friedhofs&#8220; l\u00e4dt der Volksbund Deutsche Kriegsgr\u00e4berf\u00fcrsorge e.V. gemeinsam mit der NS-Dokumentationsstelle Villa Merl\u00e4nder am 5. September um 12 Uhr zu einer F\u00fchrung \u00fcber den Krefelder Hauptfriedhof ein.&#13;<br \/>\nDer Hauptfriedhof in Krefeld ist nicht nur die gr\u00f6\u00dfte innerst\u00e4dtische Gr\u00fcnanlage der Stadt, sondern auch ein bedeutender Erinnerungsort. Auf vier Gr\u00e4berfeldern haben mehr als 2.000 Kriegstote ihre letzte Ruhest\u00e4tte gefunden. Darunter befinden sich Gr\u00e4ber&#8230;&#13;\n  <\/p>\n<p> &#13;<br \/>\n      <a href=\"https:\/\/www.presse-service.de\/public\/Single.aspx?iid=1225831\" rel=\"nofollow noopener\" target=\"_blank\">mehr lesen&#8230;<\/a>  <\/p>\n<p>&#13;<br \/>\n  &#13;<\/p>\n","protected":false},"excerpt":{"rendered":"&#13; Alle Meldungen: &#13; 02.09.2026 &#8211; Stadt Soest&#13; &#13; Vollsperrung am Franz-Haas-Weg&#13; &#13; &#13; Der Franz-Haas-Weg ist vom&hellip;\n","protected":false},"author":2,"featured_media":1276191,"comment_status":"","ping_status":"","sticky":false,"template":"","format":"standard","meta":{"footnotes":"","_share_on_mastodon":"0"},"categories":[1843],"tags":[3364,29,30,19579,19580,62,8970,14,1209,178,19577,19578,19576,181,19575],"class_list":["post-1276487","post","type-post","status-publish","format-standard","has-post-thumbnail","category-muenster","tag-de","tag-deutschland","tag-germany","tag-kommunal","tag-kommunaler-dienst","tag-medien","tag-muenster","tag-nachrichten","tag-nordrhein-westfalen","tag-presse","tag-pressearchiv","tag-pressedienst","tag-pressemeldungen","tag-pressemitteilungen","tag-presseservice"],"share_on_mastodon":{"url":"https:\/\/pubeurope.com\/@de\/117203094426208316","error":""},"_links":{"self":[{"href":"https:\/\/www.europesays.com\/de\/wp-json\/wp\/v2\/posts\/1276487","targetHints":{"allow":["GET"]}}],"collection":[{"href":"https:\/\/www.europesays.com\/de\/wp-json\/wp\/v2\/posts"}],"about":[{"href":"https:\/\/www.europesays.com\/de\/wp-json\/wp\/v2\/types\/post"}],"author":[{"embeddable":true,"href":"https:\/\/www.europesays.com\/de\/wp-json\/wp\/v2\/users\/2"}],"replies":[{"embeddable":true,"href":"https:\/\/www.europesays.com\/de\/wp-json\/wp\/v2\/comments?post=1276487"}],"version-history":[{"count":0,"href":"https:\/\/www.europesays.com\/de\/wp-json\/wp\/v2\/posts\/1276487\/revisions"}],"wp:featuredmedia":[{"embeddable":true,"href":"https:\/\/www.europesays.com\/de\/wp-json\/wp\/v2\/media\/1276191"}],"wp:attachment":[{"href":"https:\/\/www.europesays.com\/de\/wp-json\/wp\/v2\/media?parent=1276487"}],"wp:term":[{"taxonomy":"category","embeddable":true,"href":"https:\/\/www.europesays.com\/de\/wp-json\/wp\/v2\/categories?post=1276487"},{"taxonomy":"post_tag","embeddable":true,"href":"https:\/\/www.europesays.com\/de\/wp-json\/wp\/v2\/tags?post=1276487"}],"curies":[{"name":"wp","href":"https:\/\/api.w.org\/{rel}","templated":true}]}}