{"id":1276490,"date":"2026-09-02T19:27:22","date_gmt":"2026-09-02T19:27:22","guid":{"rendered":"https:\/\/www.europesays.com\/de\/1276490\/"},"modified":"2026-09-02T19:27:22","modified_gmt":"2026-09-02T19:27:22","slug":"30-wein-und-genuss-staende-43-bielefelder-weinmarkt-ist-gestartet","status":"publish","type":"post","link":"https:\/\/www.europesays.com\/de\/1276490\/","title":{"rendered":"30 Wein- und Genuss-St\u00e4nde: 43. Bielefelder Weinmarkt ist gestartet"},"content":{"rendered":"<p id=\"absatz1\" class=\"em_text\">Bielefeld. Einmal mehr lockt der Bielefelder Weinmarkt zahlreiche Besucher in die Bielefelder Altstadt. Am Dienstag, 1. September, wurde die 43. Ausgabe der traditionsreichen Veranstaltung feierlich er\u00f6ffnet. Weinliebhaber k\u00f6nnen bis Sonntag an sechs Tagen edle Tropfen aus insgesamt sieben Weinregionen verkosten, egal ob beliebte Klassiker oder alkoholfreie Varianten.<\/p>\n<p id=\"absatz2\" class=\"em_text\">Er\u00f6ffnet wurde das Weinfest durch Oberb\u00fcrgermeisterin Christiana Bauer, unterst\u00fctzt von Katja Simon, Deutsche Weinprinzessin der Hessischen Bergstra\u00dfe. \u201eDer Weinmarkt ist nat\u00fcrlich ein Ort, an dem man gute Weine genie\u00dfen kann, aber am Ende macht die Veranstaltung das Zusammenkommen mit den Menschen hier vor Ort aus\u201c, erkl\u00e4rte die CDU-Politikerin Bauer.<\/p>\n<p>30 Wein- und Genuss-St\u00e4nde in der Bielefelder Altstadt<\/p>\n<p id=\"absatz3\" class=\"em_text\">Neben der gro\u00dfen Weinvielfalt tr\u00e4gt auch in diesem Jahr wieder die Genussmeile mit vielen kulinarischen H\u00f6hepunkten dazu bei, dass zahlreiche Besucher erwartet werden. In diesem Jahr sind 30 Wein- und Genuss-St\u00e4nde auf dem Gel\u00e4nde vertreten.<\/p>\n<p id=\"absatz4\" class=\"em_text\">Positiv gestimmt zeigte sich auch Martin Knabenreich, Gesch\u00e4ftsf\u00fchrer von Bielefeld Marketing. \u201eWir werden wieder sechs Tage lang viele tolle Weine in der Bielefelder Innenstadt erleben und vor allem ganz viele Menschen, die hier entspannt zusammenkommen und eine sch\u00f6ne Zeit miteinander verbringen werden\u201c, prognostizierte Knabenreich.<\/p>\n<p>\n        \u00d7\n    <\/p>\n<p>\n            Sie erhalten in wenigen Minuten eine E-Mail zur Best\u00e4tigung Ihrer Anmeldung.\n        <\/p>\n<p>Erst danach ist diese abgeschlossen.<\/p>\n<p>Bitte pr\u00fcfen Sie auch den Spam-Ordner.<\/p>\n<p>\n        \u00d7\n    <\/p>\n<p>\n            Sie haben bisher Ihre E-Mail-Adresse noch nicht best\u00e4tigt.\n        <\/p>\n<p>Erst danach ist diese abgeschlossen.<\/p>\n<p>Bitte pr\u00fcfen Sie auch den Spam-Ordner.<\/p>\n<p>\n        \u00d7\n    <\/p>\n<p>\n            Es ist einen Fehler aufgetreten\n        <\/p>\n<p>Bei Fragen hilft unser Newsletter-Support<\/p>\n<p> Newsletter<\/p>\n<p> Update zum Abend<\/p>\n<p>Informiert bleiben mit t\u00e4glichen News aus Bielefeld, OWL und der Welt.<\/p>\n<p>                Jetzt anmelden<\/p>\n<p id=\"absatz5\" class=\"em_text\">Besonders empfehlenswert sei es, das vielseitige Angebot der verschiedenen St\u00e4nde einmal in seiner Breite auszutesten.<\/p>\n<p id=\"absatz6\"><b class=\"bold\">Lesen Sie auch:<\/b> <a href=\"https:\/\/www.nw.de\/lokal\/bielefeld\/mitte\/24396489_Weinmarkt-2026-in-Bielefeld-oeffnet-Alle-Winzer-Food-Angebote-Oeffnungszeiten.html\" rel=\"nofollow noopener\" target=\"_blank\">Weinmarkt in Bielefeld: Alle Winzer, Food-Angebote, \u00d6ffnungszeiten<\/a> <\/p>\n","protected":false},"excerpt":{"rendered":"Bielefeld. Einmal mehr lockt der Bielefelder Weinmarkt zahlreiche Besucher in die Bielefelder Altstadt. Am Dienstag, 1. September, wurde&hellip;\n","protected":false},"author":2,"featured_media":1276491,"comment_status":"","ping_status":"","sticky":false,"template":"","format":"standard","meta":{"footnotes":"","_share_on_mastodon":"0"},"categories":[1841],"tags":[25207,1605,76883,3364,29,114679,30,263420,9308,15354,198343,736,164252,735,1613,1209,59040,201930],"class_list":["post-1276490","post","type-post","status-publish","format-standard","has-post-thumbnail","category-bielefeld","tag-weinfest","tag-bielefeld","tag-christiana-bauer","tag-de","tag-deutschland","tag-festtag","tag-germany","tag-katja-simon","tag-label_republish","tag-label_stroer","tag-meta_artikelklasse_aboanker","tag-meta_copyrights_nw","tag-meta_eo_zusammenfassung","tag-meta_themen_medien_kultur","tag-meta_userneeds_informieremich","tag-nordrhein-westfalen","tag-weinmarkt","tag-weinregion"],"share_on_mastodon":{"url":"https:\/\/pubeurope.com\/@de\/117203097955756182","error":""},"_links":{"self":[{"href":"https:\/\/www.europesays.com\/de\/wp-json\/wp\/v2\/posts\/1276490","targetHints":{"allow":["GET"]}}],"collection":[{"href":"https:\/\/www.europesays.com\/de\/wp-json\/wp\/v2\/posts"}],"about":[{"href":"https:\/\/www.europesays.com\/de\/wp-json\/wp\/v2\/types\/post"}],"author":[{"embeddable":true,"href":"https:\/\/www.europesays.com\/de\/wp-json\/wp\/v2\/users\/2"}],"replies":[{"embeddable":true,"href":"https:\/\/www.europesays.com\/de\/wp-json\/wp\/v2\/comments?post=1276490"}],"version-history":[{"count":0,"href":"https:\/\/www.europesays.com\/de\/wp-json\/wp\/v2\/posts\/1276490\/revisions"}],"wp:featuredmedia":[{"embeddable":true,"href":"https:\/\/www.europesays.com\/de\/wp-json\/wp\/v2\/media\/1276491"}],"wp:attachment":[{"href":"https:\/\/www.europesays.com\/de\/wp-json\/wp\/v2\/media?parent=1276490"}],"wp:term":[{"taxonomy":"category","embeddable":true,"href":"https:\/\/www.europesays.com\/de\/wp-json\/wp\/v2\/categories?post=1276490"},{"taxonomy":"post_tag","embeddable":true,"href":"https:\/\/www.europesays.com\/de\/wp-json\/wp\/v2\/tags?post=1276490"}],"curies":[{"name":"wp","href":"https:\/\/api.w.org\/{rel}","templated":true}]}}