{"id":1276498,"date":"2026-09-02T19:33:22","date_gmt":"2026-09-02T19:33:22","guid":{"rendered":"https:\/\/www.europesays.com\/de\/1276498\/"},"modified":"2026-09-02T19:33:22","modified_gmt":"2026-09-02T19:33:22","slug":"bochum-schnappt-sich-belgischen-unterschiedsspieler","status":"publish","type":"post","link":"https:\/\/www.europesays.com\/de\/1276498\/","title":{"rendered":"Bochum schnappt sich belgischen Unterschiedsspieler"},"content":{"rendered":"<p>Steuckers kommt auf Leihbasis<\/p>\n<p>Wie der <a href=\"https:\/\/www.fussballdaten.de\/vereine\/vfl-bochum\/\" target=\"_blank\" rel=\"nofollow noopener\">VfL Bochum<\/a> offiziell mitgeteilt hat, schlie\u00dft sich <a href=\"https:\/\/www.fussballdaten.de\/person\/jarne-steuckers\/\" target=\"_blank\" rel=\"nofollow noopener\">Jarne Steuckers<\/a> dem Klub f\u00fcr die laufende Saison an. Der Offensivspieler kommt vom <a href=\"https:\/\/www.fussballdaten.de\/vereine\/rc-genk\/\" target=\"_blank\" rel=\"nofollow noopener\">KRC Genk<\/a> und kann auf mehreren Positionen im Angriff eingesetzt werden.<\/p>\n<p class=\"mb20 mt30\">In 83 Pflichtspielen f\u00fcr Genk kam Steuckers auf neun Tore und 24 Vorlagen. Damit bringt der Linksfu\u00df bereits reichlich Erfahrung und Scorerpunkte mit nach Bochum.<\/p>\n<p>Zoller sieht Steuckers als Unterschiedsspieler<\/p>\n<p class=\"mb20 mt30\">VfL-Manager Simon Zoller hob bei der Vorstellung vor allem die Vielseitigkeit des Neuzugangs hervor. Steuckers k\u00f6nne s\u00e4mtliche offensiven Positionen bekleiden und bringe Tempo sowie Qualit\u00e4t am Ball mit.<\/p>\n<p class=\"mb20 mt30\">Besonders in engen R\u00e4umen und im letzten Drittel soll der Belgier L\u00f6sungen finden und dem Bochumer Offensivspiel zus\u00e4tzliche M\u00f6glichkeiten geben. Mit der Kaufoption hat sich der VfL zudem die Chance gesichert, Steuckers \u00fcber die Leihe hinaus zu binden.<\/p>\n","protected":false},"excerpt":{"rendered":"Steuckers kommt auf Leihbasis Wie der VfL Bochum offiziell mitgeteilt hat, schlie\u00dft sich Jarne Steuckers dem Klub f\u00fcr&hellip;\n","protected":false},"author":2,"featured_media":1276499,"comment_status":"","ping_status":"","sticky":false,"template":"","format":"standard","meta":{"footnotes":"","_share_on_mastodon":"0"},"categories":[1839],"tags":[222676,7507,299,3364,29,7847,347,30,1209,243006,25963,125986],"class_list":["post-1276498","post","type-post","status-publish","format-standard","has-post-thumbnail","category-bochum","tag-belgischen","tag-bochum","tag-bundesliga","tag-de","tag-deutschland","tag-football","tag-fussball","tag-germany","tag-nordrhein-westfalen","tag-schnappt","tag-sich","tag-unterschiedsspieler"],"share_on_mastodon":{"url":"https:\/\/pubeurope.com\/@de\/117203121680897509","error":""},"_links":{"self":[{"href":"https:\/\/www.europesays.com\/de\/wp-json\/wp\/v2\/posts\/1276498","targetHints":{"allow":["GET"]}}],"collection":[{"href":"https:\/\/www.europesays.com\/de\/wp-json\/wp\/v2\/posts"}],"about":[{"href":"https:\/\/www.europesays.com\/de\/wp-json\/wp\/v2\/types\/post"}],"author":[{"embeddable":true,"href":"https:\/\/www.europesays.com\/de\/wp-json\/wp\/v2\/users\/2"}],"replies":[{"embeddable":true,"href":"https:\/\/www.europesays.com\/de\/wp-json\/wp\/v2\/comments?post=1276498"}],"version-history":[{"count":0,"href":"https:\/\/www.europesays.com\/de\/wp-json\/wp\/v2\/posts\/1276498\/revisions"}],"wp:featuredmedia":[{"embeddable":true,"href":"https:\/\/www.europesays.com\/de\/wp-json\/wp\/v2\/media\/1276499"}],"wp:attachment":[{"href":"https:\/\/www.europesays.com\/de\/wp-json\/wp\/v2\/media?parent=1276498"}],"wp:term":[{"taxonomy":"category","embeddable":true,"href":"https:\/\/www.europesays.com\/de\/wp-json\/wp\/v2\/categories?post=1276498"},{"taxonomy":"post_tag","embeddable":true,"href":"https:\/\/www.europesays.com\/de\/wp-json\/wp\/v2\/tags?post=1276498"}],"curies":[{"name":"wp","href":"https:\/\/api.w.org\/{rel}","templated":true}]}}