{"id":1276514,"date":"2026-09-02T19:44:23","date_gmt":"2026-09-02T19:44:23","guid":{"rendered":"https:\/\/www.europesays.com\/de\/1276514\/"},"modified":"2026-09-02T19:44:23","modified_gmt":"2026-09-02T19:44:23","slug":"landtagswahl-migranten-stoeren-nicht-bischof-wilmer-raet-von-wahl-der-afd-ab-alle-entwicklungen-im-liveticker","status":"publish","type":"post","link":"https:\/\/www.europesays.com\/de\/1276514\/","title":{"rendered":"Landtagswahl: ++ \u201eMigranten st\u00f6ren nicht\u201c \u2013 Bischof Wilmer r\u00e4t von Wahl der AfD ab ++ Alle Entwicklungen im Liveticker"},"content":{"rendered":"<p>20:09 Uhr \u2013 Mittwoch, 02. September<\/p>\n<p>Der Vorsitzende der Deutschen Bischofskonferenz, Heiner Wilmer, r\u00e4t erneut von der Wahl der AfD ab. Die Kirche wolle und k\u00f6nne zwar keine Wahlvorschriften machen, sagte er der \u201eFrankfurter Allgemeinen Zeitung\u201c. Aber: \u201eIch appelliere an die M\u00fcndigkeit der W\u00e4hlerinnen und W\u00e4hler in Sachsen-Anhalt, ihr Gewissen zu sch\u00e4rfen. Migranten st\u00f6ren nicht.\u201c<\/p>\n<p>Christen st\u00fcnden f\u00fcr N\u00e4chstenliebe und Menschenw\u00fcrde, insbesondere f\u00fcr die Schw\u00e4chsten der Gesellschaft. \u201eDazu gibt es keine Alternative, weder in Deutschland noch anderswo\u201c, betonte Wilmer. \u201eDie AfD attackiert diese Grundwerte und hintergeht unsere demokratische Staatsform als solche. Ihre Alternative f\u00fcr Deutschland ist eine Gesellschaft, in der Freiheit, Menschenw\u00fcrde und Demokratie eingeschr\u00e4nkt werden.\u201c<\/p>\n<p>Den Erfolg der Rechtspopulisten f\u00fchrt Wilmer auch darauf zur\u00fcck, dass sich Menschen nicht ernst genommen f\u00fchlten von Politikern anderer Parteien. \u201eGerade im l\u00e4ndlichen Raum f\u00fchlen sich viele abgeh\u00e4ngt\u201c, so der Bischof von M\u00fcnster. Gleichzeitig m\u00fcsse aber auch anerkannt werden, dass es aktuell viele Herausforderungen gebe. \u201eDas kann sehr leicht \u00fcberfordern. Und da sind einfache Antworten, mit denen das Blaue vom Himmel versprochen wird, verlockend\u201c, erkl\u00e4rte Wilmer. Sie seien aber keine L\u00f6sung.<\/p>\n<p><img src=\"https:\/\/www.europesays.com\/de\/wp-content\/uploads\/2026\/09\/dpa-com-20090101-260224-911-011487-jpg.jpeg\" class=\"c-picture__image\" alt=\"Heiner Wilmer ist seit Februar Vorsitzender der Deutschen Bischofskonferenz\" loading=\"lazy\" decoding=\"async\"\/><\/p>\n<p>Heiner Wilmer ist seit Februar Vorsitzender der Deutschen Bischofskonferenz<\/p>\n<p>Quelle: Daniel L\u00f6b\/dpa<\/p>\n","protected":false},"excerpt":{"rendered":"20:09 Uhr \u2013 Mittwoch, 02. September Der Vorsitzende der Deutschen Bischofskonferenz, Heiner Wilmer, r\u00e4t erneut von der Wahl&hellip;\n","protected":false},"author":2,"featured_media":1276515,"comment_status":"","ping_status":"","sticky":false,"template":"","format":"standard","meta":{"footnotes":"","_share_on_mastodon":"0"},"categories":[5],"tags":[186,331,332,31,774,3364,29,183,30,13,99561,97373,188,182,14,15,110,12,141666,64244,45,141667],"class_list":["post-1276514","post","type-post","status-publish","format-standard","has-post-thumbnail","category-nachrichten","tag-afd","tag-aktuelle-nachrichten","tag-aktuelle-news","tag-cdu","tag-csu","tag-de","tag-deutschland","tag-friedrich-cdu","tag-germany","tag-headlines","tag-landtagswahl-sachsen-anhalt","tag-landtagswahlen-ks","tag-liveticker","tag-merz","tag-nachrichten","tag-news","tag-newsteam","tag-schlagzeilen","tag-siegmund","tag-stromnetze-ks","tag-texttospeech","tag-ulrich-afd"],"share_on_mastodon":{"url":"https:\/\/pubeurope.com\/@de\/117203166409158507","error":""},"_links":{"self":[{"href":"https:\/\/www.europesays.com\/de\/wp-json\/wp\/v2\/posts\/1276514","targetHints":{"allow":["GET"]}}],"collection":[{"href":"https:\/\/www.europesays.com\/de\/wp-json\/wp\/v2\/posts"}],"about":[{"href":"https:\/\/www.europesays.com\/de\/wp-json\/wp\/v2\/types\/post"}],"author":[{"embeddable":true,"href":"https:\/\/www.europesays.com\/de\/wp-json\/wp\/v2\/users\/2"}],"replies":[{"embeddable":true,"href":"https:\/\/www.europesays.com\/de\/wp-json\/wp\/v2\/comments?post=1276514"}],"version-history":[{"count":0,"href":"https:\/\/www.europesays.com\/de\/wp-json\/wp\/v2\/posts\/1276514\/revisions"}],"wp:featuredmedia":[{"embeddable":true,"href":"https:\/\/www.europesays.com\/de\/wp-json\/wp\/v2\/media\/1276515"}],"wp:attachment":[{"href":"https:\/\/www.europesays.com\/de\/wp-json\/wp\/v2\/media?parent=1276514"}],"wp:term":[{"taxonomy":"category","embeddable":true,"href":"https:\/\/www.europesays.com\/de\/wp-json\/wp\/v2\/categories?post=1276514"},{"taxonomy":"post_tag","embeddable":true,"href":"https:\/\/www.europesays.com\/de\/wp-json\/wp\/v2\/tags?post=1276514"}],"curies":[{"name":"wp","href":"https:\/\/api.w.org\/{rel}","templated":true}]}}