{"id":1276523,"date":"2026-09-02T19:49:21","date_gmt":"2026-09-02T19:49:21","guid":{"rendered":"https:\/\/www.europesays.com\/de\/1276523\/"},"modified":"2026-09-02T19:49:21","modified_gmt":"2026-09-02T19:49:21","slug":"stahl-riese-macht-deutsches-werk-dicht-550-jobs-fallen-weg-regional","status":"publish","type":"post","link":"https:\/\/www.europesays.com\/de\/1276523\/","title":{"rendered":"Stahl-Riese macht deutsches Werk dicht: 550 Jobs fallen weg | Regional"},"content":{"rendered":"<p><a class=\"skip-content skip-content--link\" href=\"#in-content-skip-link-target-v-0-0\">TTS-Player \u00fcberspringen\u21b5<\/a><a id=\"in-content-skip-link-target-v-0-0\" class=\"skip-content--target-link-hidden skip-content skip-content--target-link\" href=\"#in-content-skip-link-target-v-0-0\">Artikel weiterlesen<\/a><\/p>\n<p>Duisburg \u2013 <b>Schon wieder ein schwerer Schlag ins Kontor der deutschen Stahlindustrie. Diesmal trifft es einen Standort im Ruhrpott mit langer Tradition. Ein Industrie-Riese will dort mehrere seiner Werke dichtmachen \u2013 Hunderte Mitarbeiter verlieren ihre Arbeitspl\u00e4tze.<\/b><\/p>\n<p>Wie der Konzern ArcelorMittal mitteilt, soll die Stahlproduktion in Duisburg enden. Dadurch fallen rund 550 <a href=\"https:\/\/www.bild.de\/themen\/specials\/jobsuche\/ratgeber-karriere-nachrichten-news-fotos-videos-17041556.bild.html\" class=\"text-link\" rel=\"nofollow noopener\" target=\"_blank\">Jobs<\/a> weg. Allerdings muss der Aufsichtsrat den Pl\u00e4nen erst noch zustimmen. Betroffen sind das Stahlwerk, die Stranggie\u00dfanlage und das Kn\u00fcppelwalzwerk. An dem traditionsreichen Standort im Ruhrgebiet wird bereits seit 1854 Stahl produziert.<\/p>\n<p>Wann und warum die Werke schlie\u00dfen<\/p>\n<p>Weder neue Bezugsquellen f\u00fcr Roheisen noch die Umr\u00fcstung der Stahlproduktion auf einen Elektro-Lichtbogenofen h\u00e4tten sich gerechnet. \u201eIn den vergangenen Monaten haben wir intensive Pr\u00fcfungen unterschiedlicher Versorgungs- und Zukunftsszenarien vorgenommen. Dabei hat sich gezeigt, dass keine der untersuchten Optionen <a href=\"https:\/\/www.bild.de\/geld\/wirtschaft\/wirtschaft\/home-15683398.bild.html\" class=\"text-link\" rel=\"nofollow noopener\" target=\"_blank\">wirtschaftlich<\/a> tragf\u00e4hig ist\u201c, erkl\u00e4rt Arne Langner, Sprecher von ArcelorMittal, gegen\u00fcber BILD. <\/p>\n<p><img decoding=\"async\" width=\"992\" height=\"558\" alt=\"Drahtstra\u00dfe im Duisburger Stahlwerk\" loading=\"lazy\" src=\"https:\/\/www.europesays.com\/de\/wp-content\/uploads\/2026\/09\/b38ac18bd2edcafe68dcc6271b6b385d,4c6a692b.jpeg\"   class=\"landscape\"\/><\/p>\n<p class=\"fig__caption__text\">Drahtstra\u00dfe im Duisburger Stahlwerk von ArcelorMittal<\/p>\n<p>Foto: ArcelorMittal<\/p>\n<p>Deshalb sei die Entscheidung zur Schlie\u00dfung der Prim\u00e4rstahlproduktion gefallen. Nur das Drahtwalzwerk bleibt ab Oktober 2027 bestehen. Die ben\u00f6tigten Vorprodukte, sogenannte Kn\u00fcppel, sollen k\u00fcnftig von anderen ArcelorMittal-Standorten und externen Herstellern geliefert werden. Damit soll der Standort Duisburg im <a href=\"https:\/\/www.bild.de\/regional\/ruhrgebiet\/ruhrgebiet-regional\/home-16344468.bild.html\" class=\"text-link\" rel=\"nofollow noopener\" target=\"_blank\">Ruhrgebiet<\/a> auch langfristig erhalten bleiben.<\/p>\n<p><img decoding=\"async\" width=\"992\" height=\"558\" alt=\"September 2024: Stahlarbeiter von ArcelorMittal, Salzgitter und Thyssenkrupp demonstrieren in Duisburg w\u00e4hrend des Nationalen Stahlgipfels\" loading=\"lazy\" src=\"https:\/\/www.europesays.com\/de\/wp-content\/uploads\/2026\/09\/8753aa96b392089cfb75ad699ac48435,7a767ba5.jpeg\"   class=\"landscape\"\/><\/p>\n<p class=\"fig__caption__text\">September 2024: Mitarbeiter von ArcelorMittal, Salzgitter und Thyssenkrupp demonstrieren w\u00e4hrend des Nationalen Stahlgipfels<\/p>\n<p>Foto: picture alliance\/dpa<\/p>\n<p>Die Hintergr\u00fcnde der Entscheidung<\/p>\n<p>Hintergrund ist das Auslaufen eines langj\u00e4hrigen Liefervertrags mit Thyssenkrupp Steel, das ArcelorMittal Duisburg seit 1997 mit fl\u00fcssigem Roheisen beliefert. Bereits Ende 2024 hatte ArcelorMittal angek\u00fcndigt, den Vertrag zum September 2027 zu beenden. Als Grund nannte das <a href=\"https:\/\/www.bild.de\/themen\/organisationen\/unternehmen\/news-fotos-videos-5n9Nevv68FAFS89DJteg\" class=\"text-link\" rel=\"nofollow noopener\" target=\"_blank\">Unternehmen<\/a> damals erhebliche Kostensteigerungen bei einer Vertragsverl\u00e4ngerung.<\/p>\n<p>Mehr zum Thema<\/p>\n<p>Zudem k\u00e4mpfe man mit schwacher Nachfrage, geringer Kapazit\u00e4tsauslastung, hohen <a href=\"https:\/\/www.bild.de\/themen\/specials\/kosten\/news-fotos-videos-23670088.bild.html\" class=\"text-link\" rel=\"nofollow noopener\" target=\"_blank\">Kosten<\/a> f\u00fcr Energie und schwierigen Rahmenbedingungen f\u00fcr die gesamte europ\u00e4ische Stahlindustrie. Dazu geh\u00f6ren auch \u201eeingeschr\u00e4nkte Exportm\u00f6glichkeiten\u201c, so der Sprecher. F\u00fcr die Belegschaft beginnt jetzt das gro\u00dfe Zittern. Nun sollen Verhandlungen \u00fcber einen Sozialplan starten. <\/p>\n","protected":false},"excerpt":{"rendered":"TTS-Player \u00fcberspringen\u21b5Artikel weiterlesen Duisburg \u2013 Schon wieder ein schwerer Schlag ins Kontor der deutschen Stahlindustrie. Diesmal trifft es&hellip;\n","protected":false},"author":2,"featured_media":1276524,"comment_status":"","ping_status":"","sticky":false,"template":"","format":"standard","meta":{"footnotes":"","_share_on_mastodon":"0"},"categories":[1838],"tags":[17401,66330,3364,29,3715,14507,30,1942,2985,1026,263426,6400,1209,1158,3856,2288,185455,939,4465,17591,55],"class_list":["post-1276523","post","type-post","status-publish","format-standard","has-post-thumbnail","category-duisburg","tag-arbeitsplatz","tag-arcelormittal","tag-de","tag-deutschland","tag-duisburg","tag-fabrik","tag-germany","tag-job","tag-kosten","tag-kuendigung","tag-mischkonzerne","tag-mitarbeiter","tag-nordrhein-westfalen","tag-organisationen","tag-ruhrgebiet","tag-schroeder-dino","tag-seo-first","tag-stahl","tag-stahlwerk","tag-unternehmensformen","tag-wirtschaft"],"share_on_mastodon":{"url":"","error":""},"_links":{"self":[{"href":"https:\/\/www.europesays.com\/de\/wp-json\/wp\/v2\/posts\/1276523","targetHints":{"allow":["GET"]}}],"collection":[{"href":"https:\/\/www.europesays.com\/de\/wp-json\/wp\/v2\/posts"}],"about":[{"href":"https:\/\/www.europesays.com\/de\/wp-json\/wp\/v2\/types\/post"}],"author":[{"embeddable":true,"href":"https:\/\/www.europesays.com\/de\/wp-json\/wp\/v2\/users\/2"}],"replies":[{"embeddable":true,"href":"https:\/\/www.europesays.com\/de\/wp-json\/wp\/v2\/comments?post=1276523"}],"version-history":[{"count":0,"href":"https:\/\/www.europesays.com\/de\/wp-json\/wp\/v2\/posts\/1276523\/revisions"}],"wp:featuredmedia":[{"embeddable":true,"href":"https:\/\/www.europesays.com\/de\/wp-json\/wp\/v2\/media\/1276524"}],"wp:attachment":[{"href":"https:\/\/www.europesays.com\/de\/wp-json\/wp\/v2\/media?parent=1276523"}],"wp:term":[{"taxonomy":"category","embeddable":true,"href":"https:\/\/www.europesays.com\/de\/wp-json\/wp\/v2\/categories?post=1276523"},{"taxonomy":"post_tag","embeddable":true,"href":"https:\/\/www.europesays.com\/de\/wp-json\/wp\/v2\/tags?post=1276523"}],"curies":[{"name":"wp","href":"https:\/\/api.w.org\/{rel}","templated":true}]}}