{"id":1276526,"date":"2026-09-02T19:51:20","date_gmt":"2026-09-02T19:51:20","guid":{"rendered":"https:\/\/www.europesays.com\/de\/1276526\/"},"modified":"2026-09-02T19:51:20","modified_gmt":"2026-09-02T19:51:20","slug":"schusswaffen-und-drogen-landgericht-nuernberg-verurteilt-drei-junge-maenner","status":"publish","type":"post","link":"https:\/\/www.europesays.com\/de\/1276526\/","title":{"rendered":"Schusswaffen und Drogen: Landgericht N\u00fcrnberg verurteilt drei junge M\u00e4nner"},"content":{"rendered":"<p>Urteil in N\u00fcrnberg <\/p>\n<p>Trio handelte mit Waffen und Drogen \u2013 nun folgen die Strafen<\/p>\n<p>02.09.2026 &#8211; 20:48 UhrLesedauer: 1 Min.<\/p>\n<p><a href=\"#focus-0\" class=\"transition-colors block text-current relative\" data-sctrack=\"FocusGalleryImage.Reference\"><img fetchpriority=\"high\" data-testid=\"Opener.Image\"   loading=\"eager\" src=\"https:\/\/www.europesays.com\/de\/wp-content\/uploads\/2026\/09\/in-nuernberg-endete-der-prozess-gegen-heranwachsende-wegen-des-handels-mit-waffen-und-drogen-symbolb.jpeg\" alt=\"Strafjustizzentrum N\u00fcrnberg\" title=\"Strafjustizzentrum N\u00fcrnberg\" width=\"2048\" height=\"1152\" class=\"bg-[url:var(--lqipURL)] bg-cover bg-center flex h-full w-full max-w-full\" style=\"--lqipURL:url('https:\/\/images.t-online.de\/2026\/09\/Co6zVMKCr4e8\/0x107:2048x1152\/fit-in\/150x0\/filters:blur(25)\/in-nuernberg-endete-der-prozess-gegen-heranwachsende-wegen-des-handels-mit-waffen-und-drogen-symbolbild.jpg')\" decoding=\"async\"\/><img loading=\"lazy\" src=\"https:\/\/nuernberg.t-online.de\/s\/paper\/_next\/static\/media\/zoom-in.f7dae02f.svg\" alt=\"Vergr\u00f6\u00dfern des Bildes\" title=\"Vergr\u00f6\u00dfern des Bildes\" class=\"block h-[calc(var(--height)_\/_16_*_1rem)] w-[calc(var(--width)_\/_16_*_1rem)] max-w-none absolute right-8 bottom-8 rounded-4 bg-snow p-8\" style=\"--width:32;--height:32\" decoding=\"async\"\/><\/a><\/p>\n<p>Landgericht N\u00fcrnberg (Symbolbild): Hier endete ein Prozess gegen Heranwachsende wegen des Handels mit Waffen und Drogen. (Quelle: Daniel Karmann\/dpa\/dpa-bilder)<\/p>\n<p class=\"font-bold text-18 leading-17 user-text-lg:text-22 user-text-xl:text-24\">Schusswaffen aus den Niederlanden, Pakete voller Rauschgift: Das Landgericht N\u00fcrnberg-F\u00fcrth hat drei junge M\u00e4nner zur Verantwortung gezogen.<\/p>\n<p class=\"text-18 leading-17 user-text-lg:text-22 user-text-xl:text-24\">In N\u00fcrnberg hat das Landgericht drei junge M\u00e4nner wegen des illegalen Handels mit Schusswaffen und Rauschgift verurteilt. Den h\u00e4rtesten Schuldspruch erhielt ein 21-J\u00e4hriger: Er muss vier Jahre und zehn Monate in Haft. Die beiden anderen Angeklagten \u2013 ein 22-J\u00e4hriger und ein weiterer 21-J\u00e4hriger \u2013 kamen mit Bew\u00e4hrungsstrafen davon.<\/p>\n<p class=\"text-18 leading-17 user-text-lg:text-22 user-text-xl:text-24\">Laut Staatsanwaltschaft soll der zu einer Haftstrafe verurteilte 21-J\u00e4hrige sp\u00e4testens seit dem Fr\u00fchjahr 2024 &#8222;einen bl\u00fchenden illegalen Handel mit Schusswaffen und Rauschgift&#8220; betrieben haben. Die Waffen und Drogen bezog er demnach \u00fcberwiegend aus den Niederlanden und verschickte sie in vielen F\u00e4llen per Paket. Sp\u00e4ter soll er zudem Schreckschusswaffen zu funktionsf\u00e4higen Schusswaffen umgebaut haben. Bei den Drogen handelte es sich nach Angaben der Staatsanwaltschaft unter anderem um Cannabis, Ecstasy und Kokain.<\/p>\n<p class=\"text-18 leading-17 user-text-lg:text-22 user-text-xl:text-24\">Der 22-J\u00e4hrige soll dem Hauptangeklagten sein Bankkonto f\u00fcr die Verk\u00e4ufe und seine Adresse f\u00fcr den Paketempfang zur Verf\u00fcgung gestellt sowie beim Versand mitgeholfen haben. Er wurde zu einem Jahr und drei Monaten auf Bew\u00e4hrung verurteilt. Der dritte Angeklagte erhielt acht Monate auf Bew\u00e4hrung. Er soll beim Umbau der Schreckschusswaffen mitgewirkt haben; sein Zimmer diente nach Angaben eines Gerichtssprechers als Lager f\u00fcr Waffen und Munition.<\/p>\n","protected":false},"excerpt":{"rendered":"Urteil in N\u00fcrnberg Trio handelte mit Waffen und Drogen \u2013 nun folgen die Strafen 02.09.2026 &#8211; 20:48 UhrLesedauer:&hellip;\n","protected":false},"author":2,"featured_media":1276527,"comment_status":"","ping_status":"","sticky":false,"template":"","format":"standard","meta":{"footnotes":"","_share_on_mastodon":"0"},"categories":[1837],"tags":[4571,722,17161,772,3364,29,433,30,69442,965,3783,2466,1997],"class_list":["post-1276526","post","type-post","status-publish","format-standard","has-post-thumbnail","category-nuernberg","tag-rauschgift","tag-722","tag-17161","tag-bayern","tag-de","tag-deutschland","tag-drogen","tag-germany","tag-landgericht-nuernberg","tag-niederlande","tag-nuernberg","tag-schusswaffe","tag-staatsanwaltschaft"],"share_on_mastodon":{"url":"https:\/\/pubeurope.com\/@de\/117203195373827845","error":""},"_links":{"self":[{"href":"https:\/\/www.europesays.com\/de\/wp-json\/wp\/v2\/posts\/1276526","targetHints":{"allow":["GET"]}}],"collection":[{"href":"https:\/\/www.europesays.com\/de\/wp-json\/wp\/v2\/posts"}],"about":[{"href":"https:\/\/www.europesays.com\/de\/wp-json\/wp\/v2\/types\/post"}],"author":[{"embeddable":true,"href":"https:\/\/www.europesays.com\/de\/wp-json\/wp\/v2\/users\/2"}],"replies":[{"embeddable":true,"href":"https:\/\/www.europesays.com\/de\/wp-json\/wp\/v2\/comments?post=1276526"}],"version-history":[{"count":0,"href":"https:\/\/www.europesays.com\/de\/wp-json\/wp\/v2\/posts\/1276526\/revisions"}],"wp:featuredmedia":[{"embeddable":true,"href":"https:\/\/www.europesays.com\/de\/wp-json\/wp\/v2\/media\/1276527"}],"wp:attachment":[{"href":"https:\/\/www.europesays.com\/de\/wp-json\/wp\/v2\/media?parent=1276526"}],"wp:term":[{"taxonomy":"category","embeddable":true,"href":"https:\/\/www.europesays.com\/de\/wp-json\/wp\/v2\/categories?post=1276526"},{"taxonomy":"post_tag","embeddable":true,"href":"https:\/\/www.europesays.com\/de\/wp-json\/wp\/v2\/tags?post=1276526"}],"curies":[{"name":"wp","href":"https:\/\/api.w.org\/{rel}","templated":true}]}}