{"id":1276528,"date":"2026-09-02T19:52:58","date_gmt":"2026-09-02T19:52:58","guid":{"rendered":"https:\/\/www.europesays.com\/de\/1276528\/"},"modified":"2026-09-02T19:52:58","modified_gmt":"2026-09-02T19:52:58","slug":"wegen-ns-vergangenheit-alpengipfel-verliert-seinen-namen","status":"publish","type":"post","link":"https:\/\/www.europesays.com\/de\/1276528\/","title":{"rendered":"Wegen NS-Vergangenheit: Alpengipfel verliert seinen Namen"},"content":{"rendered":"<p>        <img decoding=\"async\" src=\"https:\/\/www.europesays.com\/de\/wp-content\/uploads\/2026\/09\/pillewizer-102.webp\" alt=\"Zwei Personen entfernen eine Tafel an einem Berg\" title=\"Zwei Personen entfernen eine Tafel an einem Berg | Alpenverein Salzburg\" class=\"responsive\"\/><\/p>\n<p>\n                Stand: 02.09.2026 14:30 Uhr<\/p>\n<p class=\"preface\">Er ist nicht nur niedriger geworden, sondern jetzt auch namenlos: der bisherige Pillewizer in den Salzburger Alpen. Der Berggipfel tr\u00e4gt n\u00e4mlich den Namen eines NSDAP-Mitgliedes, das auch in Hannover t\u00e4tig war &#8211; und soll nun unbenannt bleiben.<\/p>\n<p class=\"textauthor\">von Kristina Hoffmann<\/p>\n<p>                    <a href=\"https:\/\/www.europesays.com\/de\/wp-content\/uploads\/2026\/09\/pillewizer-104.webp\" class=\"zoomimage\" title=\"Bild vergr\u00f6\u00dfern\"><\/p>\n<p>        <img decoding=\"async\" src=\"https:\/\/www.europesays.com\/de\/wp-content\/uploads\/2026\/09\/pillewizer-104.webp\" alt=\"Graue Tafel an einem Berggipfel\" title=\"Wurde demontiert: Diese Gedenktafel h\u00e4ngt nicht mehr am nun namenlosen Berg. | Alpenverein Salzburg\" class=\"responsive\" loading=\"lazy\"\/><\/p>\n<p>                    <\/a><\/p>\n<p>                    Wurde demontiert: Diese Gedenktafel h\u00e4ngt nicht mehr am nun namenlosen Berg.<\/p>\n<p class=\"\">Als 1988 die Gedenktafel hoch oben auf dem Pillewizer angebracht wird, spricht niemand \u00fcber den Hintergrund des Namensgebers. Wolfgang Pillewizer (1911 &#8211; 1999) ist \u00f6sterreichischer Gletscherforscher und Kartograf und bei der Bennenung des Gipfels nach ihm selbst dabei. Aber er war eben auch bereits seit 1932 Mitglied der NSDAP und sp\u00e4ter Truppenf\u00fchrer in der SA. In dieser Zeit war Pillewizer in Hannover aktiv: Ende der 1930er Jahre war er Dozent f\u00fcr Geografie und Kartografie an der Hochschule Hannover. Von hier aus ging er auch auf Expeditionen nach Norwegen.<\/p>\n<p>    Alpenverein deckt Hintergrund auf<\/p>\n<p class=\"\">Der zust\u00e4ndige Alpenverein Salzburg arbeitet gerade daran, Personen, die Mitgestalter des damaligen Regimes waren, nicht l\u00e4nger ehrenhaft in Erinnerung zu halten. So kamen sie durch Recherchen auf Wolfgang Pillewizer. Sie sind \u00fcberzeugt, dass der Forscher damals &#8222;an der Umsetzung der menschenverachtenden, rassistischen Ideologie des NS-Regimes&#8220; beteiligt war. Inzwischen wurde Pillewizers Namensplakette am Gipfel entfernt.<\/p>\n<p>    Pillewizer-Gipfel war ohnehin Mogelpackung<\/p>\n<p>                    <a href=\"https:\/\/www.europesays.com\/de\/wp-content\/uploads\/2026\/09\/pillewizer-106.webp\" class=\"zoomimage\" title=\"Bild vergr\u00f6\u00dfern\"><\/p>\n<p>        <img decoding=\"async\" src=\"https:\/\/www.europesays.com\/de\/wp-content\/uploads\/2026\/09\/pillewizer-106.webp\" alt=\"Bergpassage in den \u00f6sterreichichen Alpen\" title=\"Hier befindet sich die nun namenlose Erhebung in den Salzburger Alpen. | Alpenverein Salzburg\/Gerald Lehner\" class=\"responsive\" loading=\"lazy\"\/><\/p>\n<p>                    <\/a><\/p>\n<p>                    Hier befindet sich die nun namenlose Erhebung in den Salzburger Alpen.<\/p>\n<p class=\"\">Nicht nur den Namen hat der Gipfel nicht mehr. Auch seine H\u00f6he wurde korrigiert. Laut des Alpenvereins war der Berg nie 3.000 Meter hoch. Als der Gipfel 1988 nach Wolfgang Pillewizer benannt wurde, haben seine Unterst\u00fctzer offenbar zudem Steine mit nach oben geschleppt, um ihn von 2.999 auf 3.000 Meter k\u00fcnstlich zu erh\u00f6hen. Der Salzburger Alpenverein w\u00fcnscht sich deswegen, dass Bergsteiger in Zukunft Steine mit vom Gipfel abtragen. Damit angefangen haben sie bereits. Eine Umbennenung des Gipfels kam f\u00fcr den Salzburger Alpenverein nicht infrage. Der Berg hatte vor seiner Bennenung keinen Namen und man wolle zudem vermeiden, den Gipfel erneut nach einer Person zu benennen, hei\u00dft es vom Alpenverein.<\/p>\n<p>        <img decoding=\"async\" src=\"https:\/\/www.europesays.com\/de\/wp-content\/uploads\/2026\/09\/moordorf-110.webp\" alt=\"Arend Lang in den 1930er-Jahren.\" title=\"Arend Lang in den 1930er-Jahren. | Andreas Wojak, &quot;Moordorf. Dichtungen und Wahrheiten \u00fcber ein ungew\u00f6hnliches Dorf in Ostfriesland&quot;\" class=\"responsive\" loading=\"lazy\"\/><\/p>\n<p>Arend Lang wurde 1976 mit der Ubbo-Emmius-Medaille geehrt \u2013 Ostfrieslands h\u00f6chster Auszeichnung. Seine Nazi-Vergangenheit spielte dabei keine Rolle. Bis jetzt.<\/p>\n<p>        <img decoding=\"async\" src=\"https:\/\/www.europesays.com\/de\/wp-content\/uploads\/2026\/09\/nazitagebuch-102.webp\" alt=\"Das Tagebuch von Otto Telschow\" title=\"Das Tagebuch von Otto Telschow | Stadtarchiv L\u00fcneburg\" class=\"responsive\" loading=\"lazy\"\/><\/p>\n<p>Telschow war Gauleiter von Ost-Hannover. Das Stadtarchiv L\u00fcneburg hat das Tagebuch untersucht und f\u00fcr echt befunden.<\/p>\n<p>        Schlagw\u00f6rter zu diesem Artikel<\/p>\n<p>            <a href=\"https:\/\/www.ndr.de\/geschichte\/chronologie\/NS-Zeit-Krieg-und-Terror,nszeit108.html\" rel=\"nofollow noopener\" target=\"_blank\">NS-Zeit<\/a><\/p>\n","protected":false},"excerpt":{"rendered":"Stand: 02.09.2026 14:30 Uhr Er ist nicht nur niedriger geworden, sondern jetzt auch namenlos: der bisherige Pillewizer in&hellip;\n","protected":false},"author":2,"featured_media":1276529,"comment_status":"","ping_status":"","sticky":false,"template":"","format":"standard","meta":{"footnotes":"","_share_on_mastodon":"0"},"categories":[1836],"tags":[7887,67369,110746,18034,3364,29,30,46,263428,1411,12900,263427],"class_list":["post-1276528","post","type-post","status-publish","format-standard","has-post-thumbnail","category-hannover","tag-alpen","tag-alpengipfel","tag-alpenverein","tag-berg","tag-de","tag-deutschland","tag-germany","tag-hannover","tag-hochschule-hannover","tag-niedersachsen","tag-ns-zeit","tag-wolfgang-pillewizer"],"share_on_mastodon":{"url":"https:\/\/pubeurope.com\/@de\/117203203452220588","error":""},"_links":{"self":[{"href":"https:\/\/www.europesays.com\/de\/wp-json\/wp\/v2\/posts\/1276528","targetHints":{"allow":["GET"]}}],"collection":[{"href":"https:\/\/www.europesays.com\/de\/wp-json\/wp\/v2\/posts"}],"about":[{"href":"https:\/\/www.europesays.com\/de\/wp-json\/wp\/v2\/types\/post"}],"author":[{"embeddable":true,"href":"https:\/\/www.europesays.com\/de\/wp-json\/wp\/v2\/users\/2"}],"replies":[{"embeddable":true,"href":"https:\/\/www.europesays.com\/de\/wp-json\/wp\/v2\/comments?post=1276528"}],"version-history":[{"count":0,"href":"https:\/\/www.europesays.com\/de\/wp-json\/wp\/v2\/posts\/1276528\/revisions"}],"wp:featuredmedia":[{"embeddable":true,"href":"https:\/\/www.europesays.com\/de\/wp-json\/wp\/v2\/media\/1276529"}],"wp:attachment":[{"href":"https:\/\/www.europesays.com\/de\/wp-json\/wp\/v2\/media?parent=1276528"}],"wp:term":[{"taxonomy":"category","embeddable":true,"href":"https:\/\/www.europesays.com\/de\/wp-json\/wp\/v2\/categories?post=1276528"},{"taxonomy":"post_tag","embeddable":true,"href":"https:\/\/www.europesays.com\/de\/wp-json\/wp\/v2\/tags?post=1276528"}],"curies":[{"name":"wp","href":"https:\/\/api.w.org\/{rel}","templated":true}]}}