{"id":1276557,"date":"2026-09-02T20:11:15","date_gmt":"2026-09-02T20:11:15","guid":{"rendered":"https:\/\/www.europesays.com\/de\/1276557\/"},"modified":"2026-09-02T20:11:15","modified_gmt":"2026-09-02T20:11:15","slug":"hbl-erster-punkt-aber-kein-grund-zur-freude-hamburg-enttaeuscht-auch-stuttgart-jubelt-nicht-sportmix","status":"publish","type":"post","link":"https:\/\/www.europesays.com\/de\/1276557\/","title":{"rendered":"HBL: Erster Punkt, aber kein Grund zur Freude! Hamburg entt\u00e4uscht, auch Stuttgart jubelt nicht | Sportmix"},"content":{"rendered":"<p><b>Der erste Punkt ist da \u2013 doch beim Handball Club Hamburg (HCH) \u00fcberwiegt die Entt\u00e4uschung. Nach der Auftakt-Niederlage in Balingen kommt Hamburg bei der Heim-Premiere gegen Stuttgart nicht \u00fcber ein Remis vor 3546 Fans hinaus \u2013 34:34 (12:14). Der komplette Fehlstart ist damit zwar abgewendet, wirklich zufrieden kann Hamburg mit 1:3 Punkten aber nicht sein. Stuttgart dagegen freut sich etwas \u00fcber den Punktgewinn.<\/b><\/p>\n<p><a class=\"article-image__anchor\" href=\"https:\/\/www.dyn.sport\/sport_handball\" target=\"_blank\" rel=\"noopener nofollow\"><img decoding=\"async\" width=\"992\" height=\"92\" alt=\"\" loading=\"lazy\" src=\"https:\/\/www.europesays.com\/de\/wp-content\/uploads\/2026\/09\/f3f8be39f2b1b607e796d35c2d032272,3d5d95fd.jpeg\"   class=\"dynamic\"\/><\/a><\/p>\n<p>Foto: Dyn<\/p>\n<p>Trainer Torsten Jansen (49) steht dabei vor einer gro\u00dfen taktischen Aufgabe \u2013 im Angriff und in der Abwehr. Stuttgart stellt Hamburg vor unangenehme Fragen: offensiv mit vier R\u00fcckraumspielern und ohne Kreisl\u00e4ufer, defensiv mit zwei vorgezogenen Abwehrspielern. F\u00fcr den HCH hei\u00dft das: schnelle Beine, hohes Balltempo \u2013 und viel Arbeit. Doch gerade im Angriff muss Hamburg Steine kloppen. Die HCH-Profis bekommen die Schwaben-Abwehr lange kaum auseinandergespielt, finden nur selten L\u00fccken und lassen zudem zu viele Chancen liegen. Viel Aufwand, zun\u00e4chst zu wenig Ertrag. Es ist ein Abnutzungskampf!<\/p>\n<p>Auch defensiv ist die Stuttgarter Formation eine Herausforderung. Vier R\u00fcckraumspieler bedeuten st\u00e4ndig neue Laufwege und Entscheidungen f\u00fcr die Hamburger Abwehr. Kein Spiel f\u00fcr Handball-Feinschmecker. Zur Pause liegt der HCH 12:14 zur\u00fcck. Besonders bitter: In den letzten 100 Sekunden vor der Halbzeit vergibt Hamburg in \u00dcberzahl die Chance auf den Ausgleich oder sogar die F\u00fchrung \u2013 durch eigene Fehler.<\/p>\n<p>Mehr zum Thema<\/p>\n<p>Nach der Pause zieht Stuttgart sogar bis auf drei Tore davon. Doch der HCH gibt nicht auf, k\u00e4mpft sich zur\u00fcck und rettet im spannenden Duell zumindest noch den ersten Punkt der Saison. Weil beide Mannschaften ihren jeweils letzten Angriff nicht erfolgreich abschlie\u00dfen.<\/p>\n<p>F\u00fcr Hamburg f\u00fchlt sich das Remis trotzdem eher wie eine verpasste Chance an. HCH-D\u00e4ne Nicolaj J\u00f6rgensen: \u201eSehr \u00e4rgerlich am Ende. Wir waren bei unseren Chancen nicht klar genug. Das ist sehr \u00e4rgerlich. Aber trotzdem ist es wichtig, dass wir jetzt den ersten Punkt haben.\u201c<\/p>\n<p>Auch Jansen war am Ende froh \u00fcber den ersten Z\u00e4hler. Jansen: \u201eDas war ein brutales Spiel. Das fordert wahnsinnige Konsequenz. Ich kann meiner Mannschaft keinen gro\u00dfen Vorwurf machen.\u201c<\/p>\n<p>Neben dem Spielfeld arbeitet der HCH derweil weiter am Neustart. Frederick Ness\u00a0(58), fr\u00fcherer Hockey-Nationalspieler und heute Sportvermarktungs-Experte, unterst\u00fctzt nach HCH-Angaben den Klub f\u00fcr einige Monate. Ness kennt <a href=\"https:\/\/sportbild.bild.de\/sportmix\/handball\/handball\/home-49760070.sport.html\" class=\"text-link\" rel=\"nofollow noopener\" target=\"_blank\">Handball<\/a>-Gesch\u00e4ftsf\u00fchrer Markus Rejek (58) aus gemeinsamen Zeiten bei Sportfive.<\/p>\n<p>Zwei Spiele, 1:3 Punkte \u2013 der erste Z\u00e4hler ist da. F\u00fcr Hamburg aber ist es ein entt\u00e4uschendes Remis.<\/p>\n","protected":false},"excerpt":{"rendered":"Der erste Punkt ist da \u2013 doch beim Handball Club Hamburg (HCH) \u00fcberwiegt die Entt\u00e4uschung. Nach der Auftakt-Niederlage&hellip;\n","protected":false},"author":2,"featured_media":1276558,"comment_status":"","ping_status":"","sticky":false,"template":"","format":"standard","meta":{"footnotes":"","_share_on_mastodon":"0"},"categories":[1830],"tags":[1263,152213,1634,178702,24387,31599,246888,3364,29,11662,1932,258917,130561,30,45853,1391,253958,130563,5009,246887,31600,130560,129549,137494,246886,205114,129550,178701,542,4581,1441,31601,7401,15314,122229],"class_list":["post-1276557","post","type-post","status-publish","format-standard","has-post-thumbnail","category-stuttgart","tag-aufmacher-bereich","tag-axmann-dominik","tag-baden-wuerttemberg","tag-beyer-noah","tag-bitter-johannes","tag-bo-andersen-frederik","tag-daling-nicolai","tag-de","tag-deutschland","tag-dhb","tag-dyn-handball","tag-gadza-toma","tag-geenen-kaj","tag-germany","tag-haefner-kai","tag-handball","tag-handball-club-hamburg-ehem-hsv-hamburg","tag-haug-robin","tag-hbl","tag-hovde-martin","tag-jansen","tag-joergensen-nicolaj","tag-kofler-elias","tag-norlyk-oliver","tag-nowottny-leon","tag-olafsson-einar","tag-sauter-moritz","tag-schmidt-jan-christian","tag-sport-leuchtturm-hamburg","tag-sport-tag-im-ticker","tag-stuttgart","tag-torsten","tag-tvb-stuttgart","tag-weitzmann-dirk","tag-weller-niklas"],"share_on_mastodon":{"url":"","error":"Validation failed: Text character limit of 500 exceeded"},"_links":{"self":[{"href":"https:\/\/www.europesays.com\/de\/wp-json\/wp\/v2\/posts\/1276557","targetHints":{"allow":["GET"]}}],"collection":[{"href":"https:\/\/www.europesays.com\/de\/wp-json\/wp\/v2\/posts"}],"about":[{"href":"https:\/\/www.europesays.com\/de\/wp-json\/wp\/v2\/types\/post"}],"author":[{"embeddable":true,"href":"https:\/\/www.europesays.com\/de\/wp-json\/wp\/v2\/users\/2"}],"replies":[{"embeddable":true,"href":"https:\/\/www.europesays.com\/de\/wp-json\/wp\/v2\/comments?post=1276557"}],"version-history":[{"count":0,"href":"https:\/\/www.europesays.com\/de\/wp-json\/wp\/v2\/posts\/1276557\/revisions"}],"wp:featuredmedia":[{"embeddable":true,"href":"https:\/\/www.europesays.com\/de\/wp-json\/wp\/v2\/media\/1276558"}],"wp:attachment":[{"href":"https:\/\/www.europesays.com\/de\/wp-json\/wp\/v2\/media?parent=1276557"}],"wp:term":[{"taxonomy":"category","embeddable":true,"href":"https:\/\/www.europesays.com\/de\/wp-json\/wp\/v2\/categories?post=1276557"},{"taxonomy":"post_tag","embeddable":true,"href":"https:\/\/www.europesays.com\/de\/wp-json\/wp\/v2\/tags?post=1276557"}],"curies":[{"name":"wp","href":"https:\/\/api.w.org\/{rel}","templated":true}]}}