{"id":1276565,"date":"2026-09-02T20:15:12","date_gmt":"2026-09-02T20:15:12","guid":{"rendered":"https:\/\/www.europesays.com\/de\/1276565\/"},"modified":"2026-09-02T20:15:12","modified_gmt":"2026-09-02T20:15:12","slug":"motorradfahrer-stirbt-bei-unfall-in-koeln-ostheim","status":"publish","type":"post","link":"https:\/\/www.europesays.com\/de\/1276565\/","title":{"rendered":"Motorradfahrer stirbt bei Unfall in K\u00f6ln-Ostheim"},"content":{"rendered":"<p class=\"text small\">Rettungskr\u00e4fte versuchten noch, den Mann wiederzubeleben. Auch ein Rettungshubschrauber war im Einsatz. Die Ma\u00dfnahmen blieben erfolglos, der Motorradfahrer starb noch an der Unfallstelle.<\/p>\n<p class=\"text small\">Ein zweiter Motorradfahrer, der den 44-J\u00e4hrigen begleitet hatte, erlitt einen Schock.<\/p>\n<p class=\"text small\">Warum der 44-J\u00e4hrige die Kontrolle \u00fcber sein Motorrad verlor, ist noch unklar. Ein Unfallaufnahmeteam der Polizei  sicherhte an der Unfallstelle Spuren. Das Motorrad wurde als Beweismittel sichergestellt.<\/p>\n<p>R\u00f6srather Stra\u00dfe blieb zun\u00e4chst gesperrt<\/p>\n<p class=\"text small\">F\u00fcr die Unfallaufnahme war die R\u00f6srather Stra\u00dfe zwischen Frankfurter Stra\u00dfe und Neubr\u00fccker Ring zwischenzeitlich gesperrt.<\/p>\n<p class=\"text small\">Das Verkehrskommissariat hat die Ermittlungen aufgenommen. Die Polizei sucht au\u00dferdem nach Zeuginnen und Zeugen, die den Unfall beobachtet haben.<\/p>\n","protected":false},"excerpt":{"rendered":"Rettungskr\u00e4fte versuchten noch, den Mann wiederzubeleben. Auch ein Rettungshubschrauber war im Einsatz. Die Ma\u00dfnahmen blieben erfolglos, der Motorradfahrer&hellip;\n","protected":false},"author":2,"featured_media":1276566,"comment_status":"","ping_status":"","sticky":false,"template":"","format":"standard","meta":{"footnotes":"","_share_on_mastodon":"0"},"categories":[1828],"tags":[29,30,1420,1209],"class_list":["post-1276565","post","type-post","status-publish","format-standard","has-post-thumbnail","category-koeln","tag-deutschland","tag-germany","tag-koeln","tag-nordrhein-westfalen"],"share_on_mastodon":{"url":"https:\/\/pubeurope.com\/@de\/117203286700962156","error":""},"_links":{"self":[{"href":"https:\/\/www.europesays.com\/de\/wp-json\/wp\/v2\/posts\/1276565","targetHints":{"allow":["GET"]}}],"collection":[{"href":"https:\/\/www.europesays.com\/de\/wp-json\/wp\/v2\/posts"}],"about":[{"href":"https:\/\/www.europesays.com\/de\/wp-json\/wp\/v2\/types\/post"}],"author":[{"embeddable":true,"href":"https:\/\/www.europesays.com\/de\/wp-json\/wp\/v2\/users\/2"}],"replies":[{"embeddable":true,"href":"https:\/\/www.europesays.com\/de\/wp-json\/wp\/v2\/comments?post=1276565"}],"version-history":[{"count":0,"href":"https:\/\/www.europesays.com\/de\/wp-json\/wp\/v2\/posts\/1276565\/revisions"}],"wp:featuredmedia":[{"embeddable":true,"href":"https:\/\/www.europesays.com\/de\/wp-json\/wp\/v2\/media\/1276566"}],"wp:attachment":[{"href":"https:\/\/www.europesays.com\/de\/wp-json\/wp\/v2\/media?parent=1276565"}],"wp:term":[{"taxonomy":"category","embeddable":true,"href":"https:\/\/www.europesays.com\/de\/wp-json\/wp\/v2\/categories?post=1276565"},{"taxonomy":"post_tag","embeddable":true,"href":"https:\/\/www.europesays.com\/de\/wp-json\/wp\/v2\/tags?post=1276565"}],"curies":[{"name":"wp","href":"https:\/\/api.w.org\/{rel}","templated":true}]}}