{"id":1276567,"date":"2026-09-02T20:16:21","date_gmt":"2026-09-02T20:16:21","guid":{"rendered":"https:\/\/www.europesays.com\/de\/1276567\/"},"modified":"2026-09-02T20:16:21","modified_gmt":"2026-09-02T20:16:21","slug":"muenchen-heute-nachrichten-vom-02-09-26-muenchen","status":"publish","type":"post","link":"https:\/\/www.europesays.com\/de\/1276567\/","title":{"rendered":"M\u00fcnchen heute \u2013 Nachrichten vom 02.09.26 &#8211; M\u00fcnchen"},"content":{"rendered":"<p data-manual=\"paragraph\" data-schema-org-speakable=\"true\" class=\"css-1eosz7k\"><strong>DER TAG IN <\/strong><strong><a href=\"https:\/\/www.sueddeutsche.de\/thema\/M%C3%BCnchen\" rel=\"nofollow noopener\" target=\"_blank\">M\u00dcNCHEN<\/a><\/strong><\/p>\n<p data-manual=\"paragraph\" data-schema-org-speakable=\"true\" class=\"css-1eosz7k\"><strong>Die einen tr\u00e4umen vom Profifu\u00dfball, die anderen von Freiheit<\/strong> Zwei Welten prallen aufeinander: In der JVA Stadelheim trifft die U19 von 1860 M\u00fcnchen auf junge Gefangene. Es geht um Ablenkung, Verst\u00e4ndnis, Vorurteile \u2013 <a href=\"https:\/\/www.sueddeutsche.de\/muenchen\/muenchen-gefaengnis-stadelheim-jva-projekt-tsv-1860-muenchen-u19-li.3537687\" rel=\"nofollow noopener\" target=\"_blank\">und am Ende sorgt ein Funkspruch f\u00fcr Ungl\u00e4ubigkeit auf dem Rasen. (SZ Plus)<\/a><\/p>\n<p data-manual=\"paragraph\" data-schema-org-speakable=\"true\" class=\"css-1eosz7k\"><strong>\u201eDie T\u00e4tigkeit mit den H\u00e4nden beendet das Kopfkino\u201c<\/strong> Seit 40 Jahren lernen Arbeitslose bei Dynamo Fahrradservice Biss, R\u00e4der zu reparieren. \u00dcber einen Verein, der Selbstbewusstsein stiftet <a href=\"https:\/\/www.sueddeutsche.de\/muenchen\/muenchen-dynamo-fahrradservice-menschen-arbeit-fahrradreparatur-li.3537497\" rel=\"nofollow noopener\" target=\"_blank\">und immer wieder auch in eine neue Zukunft f\u00fchrt.<\/a><\/p>\n<p data-manual=\"paragraph\" data-schema-org-speakable=\"true\" class=\"css-1eosz7k\"><strong>Unbekannte T\u00e4ter schie\u00dfen auf 33-J\u00e4hrigen und verletzen ihn schwer<\/strong> Am Dienstagabend eskaliert ein Streit zwischen drei M\u00e4nnern. Ein Schuss trifft einen von ihnen in den Bauch. <a href=\"https:\/\/www.sueddeutsche.de\/muenchen\/muenchen-schuss-schleissheimer-strasse-polizei-li.3541143\" rel=\"nofollow noopener\" target=\"_blank\">Die Polizei sucht die beiden T\u00e4ter.<\/a><\/p>\n<p data-manual=\"paragraph\" data-schema-org-speakable=\"true\" class=\"css-1eosz7k\"><strong>Die Reise von \u201eDonna Maria\u201c durch M\u00fcnchens Untergrund<\/strong> 178 Meter lang und 700 Tonnen schwer: Eine riesige Tunnelbohrmaschine startet von der Donnersbergerbr\u00fccke zum Marienhof. Das dauert ein Jahr \u2013 <a href=\"https:\/\/www.sueddeutsche.de\/muenchen\/muenchen-bauarbeiten-tag-tuer-s-bahn-stammstrecke-li.3541061\" rel=\"nofollow noopener\" target=\"_blank\">und vorher kann man sie noch bestaunen.<\/a><\/p>\n<p data-manual=\"paragraph\" data-schema-org-speakable=\"true\" class=\"css-1eosz7k\"><strong>Radiohits und Selbstinszenierung: Singer-Songwriter Sombr in M\u00fcnchen<\/strong> Sombr wurde mit Hits wie \u201eBack to friends\u201c bekannt und begeistert damit das Publikum des \u201eSuperbloom\u201c-Festivals in M\u00fcnchen. <a href=\"https:\/\/www.sueddeutsche.de\/muenchen\/sombr-superbloom-konzert-muenchen-kritik-olympiapark-li.3534491\" rel=\"nofollow noopener\" target=\"_blank\">Ansonsten bleibt der Konzertabend im Olympiapark erstaunlich unspektakul\u00e4r.\u00a0(SZ Plus)<\/a><\/p>\n<p data-manual=\"paragraph\" data-schema-org-speakable=\"true\" class=\"css-1eosz7k\"><strong>WEITERE NACHRICHTEN<\/strong><\/p>\n<p data-manual=\"paragraph\" data-schema-org-speakable=\"true\" class=\"css-1eosz7k\"><strong>Prozess vor dem Landgericht:<\/strong> <a href=\"https:\/\/www.sueddeutsche.de\/muenchen\/bordell-landgericht-muenchen-subventionsbetrug-prozess-li.3538714\" rel=\"nofollow noopener\" target=\"_blank\">Unternehmer soll Bordell durch Subventionsbetrug saniert haben<\/a><\/p>\n<p data-manual=\"paragraph\" data-schema-org-speakable=\"true\" class=\"css-1eosz7k\"><strong>Fu\u00dfball-Regionalligist in der Finanzkrise:<\/strong> <a href=\"https:\/\/www.sueddeutsche.de\/muenchen\/landkreismuenchen\/spielvereinigung-unterhaching-finanzprobleme-personalwechsel-fussballverein-kuendigungen-kritik-manfred-schwabl-nachwuchsleistungszentrum-li.3537165\" rel=\"nofollow noopener\" target=\"_blank\">K\u00fcndigungswelle bei der SpVgg Unterhaching<\/a><\/p>\n<p data-manual=\"paragraph\" data-schema-org-speakable=\"true\" class=\"css-1eosz7k\"><strong>\u00dcberfall in Neuhausen:<\/strong> <a href=\"https:\/\/www.sueddeutsche.de\/muenchen\/ueberfall-wettbuero-muenchen-neuhausen-li.3541168\" rel=\"nofollow noopener\" target=\"_blank\">Bewaffneter R\u00e4uber erbeutet mehrere 10 000 Euro<\/a><\/p>\n<p data-manual=\"paragraph\" data-schema-org-speakable=\"true\" class=\"css-1eosz7k\"><strong>M\u00dcNCHEN ERLESEN<\/strong><\/p>\n<p><a href=\"https:\/\/www.sueddeutsche.de\/projekte\/artikel\/muenchen\/muenchen-stadtviertel-berg-am-laim-freizeit-tipps-urlaub-staedtereise-werksviertel-e069378\/\" aria-label=\"Artikelverlinkung:\" data-track-szde=\"{&quot;event&quot;:&quot;teaser_clicked&quot;,&quot;teaser_clicked&quot;:{&quot;article_title&quot;:&quot;ein_viertel_das_aelter_ist_als_muenchen_selbst&quot;,&quot;doctype&quot;:&quot;&quot;,&quot;label&quot;:&quot;szplus&quot;,&quot;main_topic&quot;:&quot;freizeit_in_muenchen&quot;,&quot;object_id&quot;:&quot;er.e069378&quot;,&quot;pcat&quot;:&quot;paid&quot;,&quot;section&quot;:&quot;muenchen&quot;,&quot;teaser_type&quot;:&quot;article_teaser_top&quot;}}\" data-manual=\"teaser-url\" aria-labelledby=\"teaser-httpswwwsueddeutschedeprojekteartikelmuenchenmuenchen-stadtviertel-berg-am-laim-freizeit-tipps-urlaub-staedtereise-werksviertel-e069378\" class=\"css-14tg8sh\" rel=\"nofollow noopener\" target=\"_blank\"><img decoding=\"async\" src=\"https:\/\/www.europesays.com\/de\/wp-content\/uploads\/2026\/09\/3b9b1369-e283-4ee9-ad05-3683c010d793.jpg\"   alt=\"\" loading=\"lazy\" class=\"css-8atqhb\"\/><\/p>\n<p>Ein Urlaubstag in Berg am Laim<\/p>\n<p>:Ein Viertel, das \u00e4lter ist als M\u00fcnchen selbst<\/p>\n<p class=\"css-a6ecqs\" data-manual=\"teaser-text\" data-schema-org-speakable=\"true\">Andere Stadtteile m\u00f6gen cooler sein als Berg am Laim. Doch hier wandelt sich etwas: Geschichte trifft auf Moderne, kulturelle Vielfalt entsteht. Das zeigt sich an Orten, die es in anderen Vierteln so nicht gibt.<\/p>\n<p>SZ PlusVon Martin M\u00fchlfenzl, Robert Haas und Stephan Rumpf (beide Fotos)<a href=\"https:\/\/www.sueddeutsche.de\/muenchen\/muenchen-bravo-jugendliche-sexualitaet-beratung-dr-sommer-interview-li.3493358\" aria-label=\"Artikelverlinkung:\" data-track-szde=\"{&quot;event&quot;:&quot;teaser_clicked&quot;,&quot;teaser_clicked&quot;:{&quot;article_title&quot;:&quot;da_gehoerte_schon_viel_mut_dazu_bei_uns_anzurufen&quot;,&quot;doctype&quot;:&quot;&quot;,&quot;label&quot;:&quot;szplus&quot;,&quot;main_topic&quot;:&quot;leben_und_gesellschaft_in_muenchen&quot;,&quot;object_id&quot;:&quot;li.3493358&quot;,&quot;pcat&quot;:&quot;paid&quot;,&quot;section&quot;:&quot;muenchen&quot;,&quot;teaser_type&quot;:&quot;article_teaser_top&quot;}}\" data-manual=\"teaser-url\" aria-labelledby=\"teaser-httpswwwsueddeutschedemuenchenmuenchen-bravo-jugendliche-sexualitaet-beratung-dr-sommer-interview-li3493358\" class=\"css-14tg8sh\" rel=\"nofollow noopener\" target=\"_blank\"><img decoding=\"async\" src=\"https:\/\/www.europesays.com\/de\/wp-content\/uploads\/2026\/09\/5f566792-b1e2-409c-b910-5c1f63b0ea9a.jpg\"   alt=\"\" loading=\"lazy\" class=\"css-8atqhb\"\/><\/p>\n<p>Bravo-\u201eDr.-Sommer\u201c-Team<\/p>\n<p>:\u201eDa geh\u00f6rte schon viel Mut dazu, bei uns anzurufen\u201c<\/p>\n<p class=\"css-a6ecqs\" data-manual=\"teaser-text\" data-schema-org-speakable=\"true\">Sind die Vulvalippen sch\u00f6n genug? Ist der Penis zu klein? Warum schreibt der Schwarm nicht mehr zur\u00fcck? Als langj\u00e4hriges Mitglied bei \u201eDr. Sommer\u201c in der \u201eBravo\u201c kennt Jutta Stiehler die Sorgen von Jugendlichen. Wie sie damit umging, wenn am Telefon nur ein Schluchzen zu h\u00f6ren war und was sie Eltern r\u00e4t.<\/p>\n<p>SZ PlusInterview von Philipp Crone<\/p>\n<p data-manual=\"paragraph\" data-schema-org-speakable=\"true\" class=\"css-1eosz7k\"><strong>UNSER GASTROTIPP<\/strong><\/p>\n<p><a href=\"https:\/\/www.sueddeutsche.de\/muenchen\/cafes-muenchen-maxvorstadt-tipps-li.3526843\" aria-label=\"Artikelverlinkung:\" data-track-szde=\"{&quot;event&quot;:&quot;teaser_clicked&quot;,&quot;teaser_clicked&quot;:{&quot;article_title&quot;:&quot;fein_zusammengewuerfelte_angebote_weit_ueber_das_fruehstueck_hinaus&quot;,&quot;doctype&quot;:&quot;&quot;,&quot;label&quot;:&quot;&quot;,&quot;main_topic&quot;:&quot;essen_und_trinken_in_muenchen&quot;,&quot;object_id&quot;:&quot;li.3526843&quot;,&quot;pcat&quot;:&quot;metered&quot;,&quot;section&quot;:&quot;muenchen&quot;,&quot;teaser_type&quot;:&quot;article_teaser_top&quot;}}\" data-manual=\"teaser-url\" aria-labelledby=\"teaser-httpswwwsueddeutschedemuenchencafes-muenchen-maxvorstadt-tipps-li3526843\" class=\"css-14tg8sh\" rel=\"nofollow noopener\" target=\"_blank\"><img decoding=\"async\" src=\"https:\/\/www.europesays.com\/de\/wp-content\/uploads\/2026\/09\/ef70f3c3-299e-4c53-b0aa-dc5d4a173ee8.jpg\"   alt=\"\" loading=\"lazy\" class=\"css-8atqhb\"\/><\/p>\n<p>Gastro-Tipps<\/p>\n<p>:Fein zusammengew\u00fcrfelte Angebote weit \u00fcber das Fr\u00fchst\u00fcck hinaus<\/p>\n<p class=\"css-a6ecqs\" data-manual=\"teaser-text\" data-schema-org-speakable=\"true\">Ob nah\u00f6stlich angehauchter Brunch, raffinierte Snacks oder Espresso am Tresen f\u00fcr einen Euro: Drei besondere Caf\u00e9s und Tagesbars in der M\u00fcnchner Maxvorstadt.<\/p>\n<p>Von SZ-Autorinnen und -autoren<\/p>\n<p data-manual=\"paragraph\" data-schema-org-speakable=\"true\" class=\"css-1eosz7k\"><a href=\"https:\/\/www.sueddeutsche.de\/thema\/Restaurants\" rel=\"nofollow noopener\" target=\"_blank\">Restaurants in M\u00fcnchen<\/a> | <a href=\"https:\/\/www.sueddeutsche.de\/thema\/Bars\" rel=\"nofollow noopener\" target=\"_blank\">Bars in M\u00fcnchen<\/a> | <a href=\"https:\/\/www.sueddeutsche.de\/thema\/Fr%C3%BChst%C3%BCck_und_Brunch\" rel=\"nofollow noopener\" target=\"_blank\">Fr\u00fchst\u00fcck und Brunch<\/a><\/p>\n<p data-manual=\"paragraph\" data-schema-org-speakable=\"true\" class=\"css-1eosz7k\"><strong>Zu den Landkreisen:<\/strong> <a href=\"https:\/\/www.sueddeutsche.de\/muenchen\/wolfratshausen\" rel=\"nofollow noopener\" target=\"_blank\">Bad T\u00f6lz-Wolfratshausen<\/a> | <a href=\"https:\/\/www.sueddeutsche.de\/muenchen\/dachau\" rel=\"nofollow noopener\" target=\"_blank\">Dachau<\/a> | <a href=\"https:\/\/www.sueddeutsche.de\/muenchen\/ebersberg\" rel=\"nofollow noopener\" target=\"_blank\">Ebersberg<\/a> | <a href=\"https:\/\/www.sueddeutsche.de\/muenchen\/erding\" rel=\"nofollow noopener\" target=\"_blank\">Erding<\/a> | <a href=\"https:\/\/www.sueddeutsche.de\/muenchen\/freising\" rel=\"nofollow noopener\" target=\"_blank\">Freising<\/a> | <a href=\"https:\/\/www.sueddeutsche.de\/muenchen\/fuerstenfeldbruck\" rel=\"nofollow noopener\" target=\"_blank\">F\u00fcrstenfeldbruck<\/a> | <a href=\"https:\/\/www.sueddeutsche.de\/muenchen\/landkreismuenchen\" rel=\"nofollow noopener\" target=\"_blank\">M\u00fcnchen<\/a> | <a href=\"https:\/\/www.sueddeutsche.de\/muenchen\/starnberg\" rel=\"nofollow noopener\" target=\"_blank\">Starnberg<\/a><\/p>\n","protected":false},"excerpt":{"rendered":"DER TAG IN M\u00dcNCHEN Die einen tr\u00e4umen vom Profifu\u00dfball, die anderen von Freiheit Zwei Welten prallen aufeinander: In&hellip;\n","protected":false},"author":2,"featured_media":387201,"comment_status":"","ping_status":"","sticky":false,"template":"","format":"standard","meta":{"footnotes":"","_share_on_mastodon":"0"},"categories":[1827],"tags":[772,29,81022,30,1268,2338,2339,121,4908,42719,3662,149,3660],"class_list":["post-1276567","post","type-post","status-publish","format-standard","has-post-thumbnail","category-muenchen","tag-bayern","tag-deutschland","tag-fussball-regionalliga","tag-germany","tag-muenchen","tag-newsletter","tag-oberbayern","tag-polizei","tag-polizeieinsatz","tag-regionalsport","tag-s-bahn-muenchen","tag-sueddeutsche-zeitung","tag-zweite-stammstrecke"],"share_on_mastodon":{"url":"https:\/\/pubeurope.com\/@de\/117203293655117486","error":""},"_links":{"self":[{"href":"https:\/\/www.europesays.com\/de\/wp-json\/wp\/v2\/posts\/1276567","targetHints":{"allow":["GET"]}}],"collection":[{"href":"https:\/\/www.europesays.com\/de\/wp-json\/wp\/v2\/posts"}],"about":[{"href":"https:\/\/www.europesays.com\/de\/wp-json\/wp\/v2\/types\/post"}],"author":[{"embeddable":true,"href":"https:\/\/www.europesays.com\/de\/wp-json\/wp\/v2\/users\/2"}],"replies":[{"embeddable":true,"href":"https:\/\/www.europesays.com\/de\/wp-json\/wp\/v2\/comments?post=1276567"}],"version-history":[{"count":0,"href":"https:\/\/www.europesays.com\/de\/wp-json\/wp\/v2\/posts\/1276567\/revisions"}],"wp:featuredmedia":[{"embeddable":true,"href":"https:\/\/www.europesays.com\/de\/wp-json\/wp\/v2\/media\/387201"}],"wp:attachment":[{"href":"https:\/\/www.europesays.com\/de\/wp-json\/wp\/v2\/media?parent=1276567"}],"wp:term":[{"taxonomy":"category","embeddable":true,"href":"https:\/\/www.europesays.com\/de\/wp-json\/wp\/v2\/categories?post=1276567"},{"taxonomy":"post_tag","embeddable":true,"href":"https:\/\/www.europesays.com\/de\/wp-json\/wp\/v2\/tags?post=1276567"}],"curies":[{"name":"wp","href":"https:\/\/api.w.org\/{rel}","templated":true}]}}