{"id":1276590,"date":"2026-09-02T20:29:24","date_gmt":"2026-09-02T20:29:24","guid":{"rendered":"https:\/\/www.europesays.com\/de\/1276590\/"},"modified":"2026-09-02T20:29:24","modified_gmt":"2026-09-02T20:29:24","slug":"trailer-tony-dinozzo-kehrt-nach-zehn-jahren-zu-ncis-zurueck","status":"publish","type":"post","link":"https:\/\/www.europesays.com\/de\/1276590\/","title":{"rendered":"Trailer: Tony DiNozzo kehrt nach zehn Jahren zu NCIS zur\u00fcck"},"content":{"rendered":"<p class=\"spanFix xcq0f20 xklk4pu xx4bnbn x1qlqyl8 xyamk6z\" style=\"order:0\">Ein altbekanntes Gesicht kehrt zu &#8222;NCIS&#8220; zur\u00fcck! <a target=\"_self\" data-google-interstitial=\"true\" href=\"https:\/\/www.promiflash.de\/thema\/michael-weatherly\/\" rel=\"nofollow noopener\">Michael Weatherly<\/a> (58) schl\u00fcpft wieder in die Rolle, die ihn weltbekannt gemacht hat: <b>In der Premiere der 24. Staffel von &#8222;NCIS&#8220; ist er offiziell erneut als Anthony &#8222;Tony&#8220; DiNozzo dabei \u2013 rund zehn Jahre nach seinem Ausstieg aus der Show im Jahr 2016.<\/b> Nach einem kurzen Gastauftritt im Jahr 2024 darf der Schauspieler nun wieder als Hauptfigur mitwirken. Der von Us Weekly ver\u00f6ffentlichte Trailer zeigt den Schauspieler mit Kapuzenpullover und Besucherausweis im NCIS-Hauptquartier, an der Seite seiner fr\u00fcheren Kollegen Timothy McGee (Sean Murray) und Nick Torres (Wilmer Valderrama).<\/p>\n<p class=\"spanFix xcq0f20 xklk4pu xx4bnbn x1qlqyl8 xyamk6z\" style=\"order:3\">Tonys Einsatz h\u00e4ngt offenbar mit der Sicherheitsl\u00fccke aus dem Finale der 23. Staffel zusammen. Damals stellte Torres McGees Sohn Mateo zur Rede, weil dieser einen NCIS-Computer benutzt hatte und mutma\u00dflich der Ausgangspunkt des Datenlecks war. Wie gro\u00df die Bedrohung tats\u00e4chlich ist, l\u00e4sst der Trailer offen. W\u00e4hrend mehrere actionreiche Szenen folgen, bringen Torres und Jessica Knight unterschiedliche M\u00f6glichkeiten ins Spiel: eine Ablenkung, eine Falle oder ein gezieltes T\u00e4uschungsman\u00f6ver. Ausgerechnet McGee k\u00f6nnte laut Tony eine Schl\u00fcsselrolle \u00fcbernehmen. <b>Das Team reagiert irritiert auf so viel Lob, schlie\u00dflich hatte Tony seinen langj\u00e4hrigen Kollegen fr\u00fcher besonders gern aufgezogen.<\/b> Sein vertrauter Charme blitzt trotzdem auf: Beim Betreten des alten B\u00fcros erinnert er sich an die orangefarbenen W\u00e4nde und zwinkert sp\u00e4ter seinem vor\u00fcbergehenden Vorgesetzten Alden Parker zu \u2013 was ihm nach dessen \u00fcberraschter Reaktion sofort leidtut.<\/p>\n<p class=\"spanFix xcq0f20 xklk4pu xx4bnbn x1qlqyl8 xyamk6z\" style=\"order:6\">Nach seinem Serienausstieg 2016 wurde Tonys Geschichte gemeinsam mit Ziva David (Cot\u00e9 de Pablo) im <a target=\"_self\" data-google-interstitial=\"true\" href=\"https:\/\/www.promiflash.de\/news\/2025\/10\/09\/ncis-tony-und-ziva-so-war-die-erste-reaktion-aufs-spin-off.html\" rel=\"nofollow noopener\">Spin-off &#8222;NCIS: Tony &amp; Ziva&#8220;<\/a> weitererz\u00e4hlt. Die Serie endete im Oktober 2025 nach einer Staffel. In dem Ableger lebte das Paar mit der gemeinsamen Tochter Tali in Paris. Nachdem Tonys Sicherheitsfirma angegriffen worden war, musste die Familie fliehen \u2013 im Mittelpunkt standen dabei das gegenseitige Vertrauen und die komplizierte Beziehung der beiden Eltern. Seine R\u00fcckkehr zur Mutterserie bringt Tony nun erneut mit McGee zusammen. <b>Wegen ihrer fr\u00fcheren Rangordnung nennt er seinen langj\u00e4hrigen Weggef\u00e4hrten noch immer liebevoll &#8222;Probie&#8220;.<\/b> Der neue Trailer greift damit die besondere Freundschaft der beiden auf, die \u00fcber viele Jahre von Sticheleien, aber auch von gro\u00dfer Loyalit\u00e4t gepr\u00e4gt war.<\/p>\n<p><img class=\"x13vifvy x10l6tqk x5yr21d xh8yej3 xl1xv1r\" alt=\"Michael Weatherly im Juni 2018\" width=\"854\" height=\"480\" decoding=\"async\"  loading=\"lazy\" style=\"background-size:cover;background-position:50% 50%;background-repeat:no-repeat;background-image:url(&quot;data:image\/svg+xml;charset=utf-8,%3Csvg xmlns='http:\/\/www.w3.org\/2000\/svg' viewBox='0 0 640 640'%3E%3Cfilter id='b' color-interpolation-filters='sRGB'%3E%3CfeGaussianBlur stdDeviation='20'\/%3E%3CfeColorMatrix values='1 0 0 0 0 0 1 0 0 0 0 0 1 0 0 0 0 0 100 -1' result='s'\/%3E%3CfeFlood x='0' y='0' width='100%25' height='100%25'\/%3E%3CfeComposite operator='out' in='s'\/%3E%3CfeComposite in2='SourceGraphic'\/%3E%3CfeGaussianBlur stdDeviation='20'\/%3E%3C\/filter%3E%3Cimage width='100%25' height='100%25' x='0' y='0' preserveAspectRatio='none' style='filter: url(%23b);' href='data:image\/png;base64,iVBORw0KGgoAAAANSUhEUgAAABAAAAAQCAYAAAAf8\/9hAAAEG0lEQVR4AQEQBO\/7AEYAAP9IAAD\/TwAA\/1kZDP9kLSX\/bzs1\/3lGQP+ATUf\/hVBL\/4ZQS\/+ES0f\/fUI+\/3I0MP9lHRf\/VgAA\/0oAAP8AQgAA\/0UAAP9NAAD\/WBwM\/2UwJv9xPjb\/e0lC\/4RQSf+JVE3\/ilNN\/4dPSf9\/RUD\/czcx\/2QgGP9UAAD\/RgAA\/wA2AAD\/OwAA\/0cAAP9WIg3\/ZzYq\/3ZFO\/+CUUf\/jFhP\/5JcU\/+SXFP\/jldP\/4VNRf92Pjb\/Yycb\/0wAAP83AAD\/ABwAAP8nAAD\/PQYA\/1QpEf9pPi7\/fE5A\/4taTf+WYlb\/nGZb\/51mW\/+XYVb\/jFZM\/3lGO\/9gLx\/\/QAAA\/xAAAP8AAAAA\/wAAAP8wDgD\/US8Y\/2tENP+BVUb\/kmFT\/59qXf+lbmH\/pm5i\/59pXf+RXlL\/fE1B\/101Jf8uAAD\/AAAA\/wAAAAD\/AAAA\/yISAP9NMiD\/bEg5\/4RZS\/+XZlj\/pG9i\/6tzZv+rc2f\/o25i\/5RjV\/98UUb\/WDgr\/xUEAP8AAAD\/AAAAAP8AAAD\/ERQH\/0kzKv9qST\/\/g1pP\/5dnXP+kcGT\/q3Rp\/6p0af+ibmT\/kmNa\/3lSSv9TODH\/AAQA\/wAAAP8AAAAA\/wAAA\/8BFB7\/RTIy\/2ZHQ\/9\/V1L\/kmRd\/59tZf+lcWr\/pXFq\/5xrZf+MYFv\/c09N\/0w2N\/8AARX\/AAAA\/wAAABv\/AAAg\/wATLP9BLzr\/YENH\/3hSVP+KXl3\/lmZl\/5traP+aamj\/kmVk\/4JaXP9qSk7\/RTI9\/wAAJf8AAAD\/AAAAKv8AAC7\/ABI1\/zsrQP9ZPUv\/bkxV\/39XXf+JXmP\/jmJn\/4xhZv+FXWP\/dlNb\/2BEUP89LUH\/AAAv\/wAAHf8AAAAy\/wAANP8AFDv\/NChE\/1A4Tf9kRVb\/ck9d\/3xWY\/+AWmX\/flll\/3dVYv9pTFv\/VT5R\/zYqRP8ABDb\/AAAp\/wAAADT\/AAM2\/wAYPf8rKEX\/RjZP\/1lCV\/9nS17\/cFFj\/3RUZv9yVGb\/bFBi\/19IW\/9MPFL\/MCtG\/wAROf8AAC7\/AAAIMf8ADzT\/AB07\/x4qRf8+N0\/\/UkFZ\/2BKYP9pUGb\/bVNo\/2xTaP9lT2T\/WUhd\/0c9U\/8qL0f\/ABw5\/wACLv8AABIp\/wAXLv8AIjf\/CS5E\/zY6UP9NRFr\/XExj\/2dSaf9rVWz\/a1Vr\/2VSZ\/9ZTF\/\/RkJU\/yY1R\/8AJjj\/ABYq\/wAAGB\/\/ABwl\/wAnMv8AMkH\/MT5Q\/0tIXP9dUWb\/aFds\/25ab\/9uWm\/\/aFdq\/1xRYv9HR1b\/JDtG\/wAtNf8AICT\/AAAbEv8AHxz\/ACku\/wA1QP8uQVD\/S0td\/15UaP9qWm\/\/cV1y\/3Fecf9rW2z\/X1Rj\/0lLV\/8jP0b\/ADEy\/wAlHf\/R3sUsln423AAAAABJRU5ErkJggg=='\/%3E%3C\/svg%3E&quot;)\" src=\"https:\/\/www.europesays.com\/de\/wp-content\/uploads\/2026\/09\/michael-weatherly-im-juni-2018.jpg\" fetchpriority=\"auto\"\/>Getty Images<img decoding=\"async\" alt=\"Bilder Gallerie Button\" class=\"x10l6tqk x1l3r47z xmnqija x1fxk84t x1dnml7z x11xpdln x1d8287x x3oybdh x16gas18\" src=\"https:\/\/www.europesays.com\/de\/wp-content\/uploads\/2026\/08\/1788127160_960_galerie_button.png\" loading=\"lazy\"\/>Michael Weatherly im Juni 2018<img class=\"x13vifvy x10l6tqk x5yr21d xh8yej3 xl1xv1r\" alt=\"&quot;Navy CIS&quot;-Cast, 2012\" width=\"854\" height=\"480\" decoding=\"async\"  loading=\"lazy\" style=\"background-size:cover;background-position:50% 50%;background-repeat:no-repeat;background-image:url(&quot;data:image\/svg+xml;charset=utf-8,%3Csvg xmlns='http:\/\/www.w3.org\/2000\/svg' viewBox='0 0 640 640'%3E%3Cfilter id='b' color-interpolation-filters='sRGB'%3E%3CfeGaussianBlur stdDeviation='20'\/%3E%3CfeColorMatrix values='1 0 0 0 0 0 1 0 0 0 0 0 1 0 0 0 0 0 100 -1' result='s'\/%3E%3CfeFlood x='0' y='0' width='100%25' height='100%25'\/%3E%3CfeComposite operator='out' in='s'\/%3E%3CfeComposite in2='SourceGraphic'\/%3E%3CfeGaussianBlur stdDeviation='20'\/%3E%3C\/filter%3E%3Cimage width='100%25' height='100%25' x='0' y='0' preserveAspectRatio='none' style='filter: url(%23b);' href='data:image\/png;base64,iVBORw0KGgoAAAANSUhEUgAAABAAAAAQCAYAAAAf8\/9hAAAEG0lEQVR4AQEQBO\/7AFcoLv9XKS3\/Viwr\/1YwKP9WNCL\/WDgY\/1o7A\/9cPAD\/XzsA\/2A5AP9fNAD\/XS4A\/1kmAP9THAD\/Tg8A\/0oCAP8AXTc8\/1w3O\/9bNzj\/Wjgz\/1k6K\/9ZOyD\/WzwO\/109AP9fPQD\/YDsA\/2A4AP9eMwD\/Wi0A\/1UkAP9QGwD\/TBIA\/wBqUlj\/aVFW\/2dOUf9kSkn\/YEY+\/15DMP9dQSD\/XkAP\/19BAP9gQgD\/YUEA\/2A\/BP9dOwv\/WTUP\/1QuEf9RKBH\/AHpsdP95anL\/dWVr\/29eYP9pVVL\/ZE1C\/2BHMv9fRSX\/X0ch\/2FJJP9iSyr\/Yksw\/2BIM\/9dQzT\/WT00\/1Y4Mv8AiIKM\/4aAiv+CeoL\/enB1\/3JkZf9qWFP\/ZE9C\/2BLNv9gTDL\/YU82\/2JSPf9jU0P\/YlFG\/19NRv9cSEX\/WUND\/wCSk6D\/kJGd\/4uKlf+Df4f\/eXF2\/29jZP9nWFL\/YlFE\/2BQPv9hUkD\/YlVG\/2JWS\/9hVU7\/XlJO\/1tNTf9YSEv\/AJefr\/+VnKz\/kJWj\/4iKlv9+fIX\/dG5y\/2thYP9lV1D\/YlNH\/2FTRv9gVEn\/X1VM\/11TT\/9aUE\/\/VkxO\/1NITP8AmKW4\/5ajtf+RnK7\/ipKh\/4GFkf94d3\/\/cGls\/2leW\/9lV0\/\/YlJI\/19RR\/9cT0j\/WE1J\/1NKSf9NRkn\/SUNI\/wCVp73\/k6W7\/5CgtP+Kl6n\/g4ya\/3x\/if91cnf\/b2Zm\/2pcV\/9mVEz\/YU5F\/1tJQv9URUH\/TEFB\/0M9Qf89O0H\/AJCmvv+Ppbz\/jaG3\/4marf+FkaD\/gIaS\/3x7gf93b3H\/cmRh\/21aU\/9mUEj\/XkhB\/1RBPv9JPD3\/PTg9\/zM1Pv8AjKS9\/4yju\/+LoLb\/iZuv\/4eUpP+FjJf\/g4OJ\/4B5e\/98b2z\/d2Vf\/3BaVP9nUUv\/W0hG\/01BRP8\/O0P\/NDdD\/wCKobn\/iqC4\/4uetP+Lm67\/i5el\/4uRm\/+Li5D\/ioSE\/4h8ef+Dc27\/fWpl\/3NhXv9nWFn\/Wk9V\/0xIU\/9AQ1L\/AIyetf+MnrT\/jZ2x\/46brP+QmKX\/kpWd\/5OSlf+Ujo3\/k4mG\/5CDf\/+KfHn\/gnRz\/3drbv9qYmr\/XVpn\/1JTZf8AkJ2x\/5GdsP+RnK3\/k5qp\/5WZo\/+YmJ7\/m5eZ\/52Xlf+dlZH\/nJKO\/5eOi\/+Qh4f\/hn6D\/3p0fv9ta3r\/ZGN3\/wCVna7\/lZyt\/5abqv+Ymqb\/mpqi\/52anv+hnJz\/pJ2b\/6Wfmv+lnpr\/opuZ\/5uWl\/+SjZP\/hoOP\/3t5iv9ycIb\/AJmdrP+ZnKv\/mpuo\/5uapP+dmqD\/oZye\/6Senf+oop7\/q6Wg\/6umov+opKP\/op+h\/5mXnv+PjJn\/hIGU\/3t5j\/\/qMD7x\/m7wLAAAAABJRU5ErkJggg=='\/%3E%3C\/svg%3E&quot;)\" src=\"https:\/\/www.europesays.com\/de\/wp-content\/uploads\/2026\/09\/brian-dietzen-david-mccallum-pauley-perrette-mark-harmon-sean-murray-cote-de-pablo-und-michael-weath.jpeg\" fetchpriority=\"auto\"\/>Getty Images<img decoding=\"async\" alt=\"Bilder Gallerie Button\" class=\"x10l6tqk x1l3r47z xmnqija x1fxk84t x1dnml7z x11xpdln x1d8287x x3oybdh x16gas18\" src=\"https:\/\/www.europesays.com\/de\/wp-content\/uploads\/2026\/08\/1788127160_960_galerie_button.png\" loading=\"lazy\"\/>&#8222;Navy CIS&#8220;-Cast, 2012<img class=\"x13vifvy x10l6tqk x5yr21d xh8yej3 xl1xv1r\" alt=\"&quot;NCIS: Tony &amp; Ziva&quot; Staffel 1 bei Paramount+\" width=\"854\" height=\"480\" decoding=\"async\"  loading=\"lazy\" style=\"background-size:cover;background-position:50% 50%;background-repeat:no-repeat;background-image:url(&quot;data:image\/svg+xml;charset=utf-8,%3Csvg xmlns='http:\/\/www.w3.org\/2000\/svg' viewBox='0 0 640 640'%3E%3Cfilter id='b' color-interpolation-filters='sRGB'%3E%3CfeGaussianBlur stdDeviation='20'\/%3E%3CfeColorMatrix values='1 0 0 0 0 0 1 0 0 0 0 0 1 0 0 0 0 0 100 -1' result='s'\/%3E%3CfeFlood x='0' y='0' width='100%25' height='100%25'\/%3E%3CfeComposite operator='out' in='s'\/%3E%3CfeComposite in2='SourceGraphic'\/%3E%3CfeGaussianBlur stdDeviation='20'\/%3E%3C\/filter%3E%3Cimage width='100%25' height='100%25' x='0' y='0' preserveAspectRatio='none' style='filter: url(%23b);' href='data:image\/png;base64,iVBORw0KGgoAAAANSUhEUgAAABAAAAAQCAYAAAAf8\/9hAAAEG0lEQVR4AQEQBO\/7AP\/n0v\/+5ND\/9NzJ\/+TRvv\/TxLH\/w7ml\/7qynv+7s5z\/w7if\/8\/Bp\/\/byq\/\/5dK3\/+vWvf\/t2MH\/7dnD\/+zYxP8A\/+fS\/\/\/lz\/\/03Mj\/5dC9\/9PDsP\/Dt6T\/ubCc\/7mwmf\/Btp3\/zb+k\/9nIrf\/j0LX\/6tW8\/+3YwP\/u2cL\/7tnD\/wD\/58\/\/\/+TN\/\/Xcxf\/lz7r\/08Cs\/8Gzn\/+2qpb\/tKiT\/7qulv\/Gt57\/1MKn\/+DLsP\/o07j\/7te9\/\/Hawf\/y28P\/AP\/ny\/\/\/48j\/9trA\/+XMtf\/Su6b\/vquY\/7Cgjf+rnIn\/sKGL\/7yrk\/\/LuJ7\/2cSo\/+XOsf\/u1bn\/9Nm+\/\/fcwP8A\/+TF\/\/\/gwv\/01rr\/48et\/860nv+4oI7\/p5GC\/56Le\/+hj33\/rZuF\/76qkf\/Qup3\/38ap\/+zQsv\/017j\/+tu8\/wD+3rz\/+tq5\/+\/Psf\/dv6T\/x6mU\/6+Tgv+ZgHP\/jXdq\/456a\/+ciHT\/r5uC\/8StkP\/XvZ7\/5smp\/\/HSsf\/417b\/APbUsf\/y0K7\/5sWm\/9OzmP+7nIf\/oYN0\/4hsYv94Xlb\/eGJW\/4dzYf+diXH\/tZ6C\/8uwkf\/cvp3\/6cim\/\/HOrP8A6Mek\/+TDof\/Yt5n\/xaSL\/6uMef+OcGT\/cVRP\/1xCQP9cRz7\/b11L\/4p2Xv+kjnH\/u6GC\/86wj\/\/bu5n\/48Gf\/wDXtpb\/07KT\/8amiv+yk3z\/l3lp\/3ZZUv9SNjj\/NRYi\/zckIP9URjT\/dGRL\/5F9YP+pkHL\/u5+A\/8mpiv\/Qr4\/\/AMOjhv++n4P\/sZN7\/5x\/bP9+ZFj\/WD8+\/yMAG\/8AAAD\/AAAA\/zEsE\/9dUTf\/fGtP\/5R+Yf+mjG\/\/spV5\/7mafv8ArJB3\/6iMdP+agGv\/hGtc\/2RNR\/8zGSj\/AAAA\/wAAAP8AAAD\/AAAA\/0I+H\/9mWT3\/fmxR\/494X\/+agGj\/oYVt\/wCWgGn\/knxm\/4VvXf9tWU7\/SjY2\/wAABP8AAAD\/AAAA\/wAAAP8AAAD\/ICkA\/09JK\/9oXEH\/eWhQ\/4RvWf+Kcl\/\/AIR2Xv9\/cVv\/cmRS\/1xMQf81ICb\/AAAA\/wAAAP8AAAD\/AAAA\/wAAAP8ACAD\/NzoV\/1VPNP9oXEX\/c2NP\/3pnVf8AdXFW\/3JtU\/9mX0n\/UUY5\/y0OGf8AAAD\/AAAA\/wAAAP8AAAD\/AAAA\/wAAAP8eLwD\/R0gr\/11WP\/9rX0v\/c2NS\/wBtcVH\/amxO\/2BfRf9PRjT\/MQgP\/wAAAP8AAAD\/AAAA\/wAAAP8AAAD\/AAAA\/wAmAP8+RSX\/WVY9\/2lgS\/9zZlL\/AGlzT\/9nbkz\/XmFD\/1BHMv83DQr\/AAAA\/wAAAP8AAAD\/AAAA\/wAAAP8AAAD\/ACEA\/ztFI\/9ZWD3\/a2NM\/3ZpVP\/SrXpfSKcPmQAAAABJRU5ErkJggg=='\/%3E%3C\/svg%3E&quot;)\" src=\"https:\/\/www.europesays.com\/de\/wp-content\/uploads\/2026\/09\/ncis-tony-und-ziva-serien-screen.jpg\" fetchpriority=\"auto\"\/>Paramount+<img decoding=\"async\" alt=\"Bilder Gallerie Button\" class=\"x10l6tqk x1l3r47z xmnqija x1fxk84t x1dnml7z x11xpdln x1d8287x x3oybdh x16gas18\" src=\"https:\/\/www.europesays.com\/de\/wp-content\/uploads\/2026\/08\/1788127160_960_galerie_button.png\" loading=\"lazy\"\/>&#8222;NCIS: Tony &amp; Ziva&#8220; Staffel 1 bei Paramount+<\/p>\n<p>Tony DiNozzo ist zur\u00fcck: Feiert ihr sein Comeback bei &#8222;NCIS&#8220;?<\/p>\n<p>Ergebnis anzeigen<\/p>\n","protected":false},"excerpt":{"rendered":"Ein altbekanntes Gesicht kehrt zu &#8222;NCIS&#8220; zur\u00fcck! Michael Weatherly (58) schl\u00fcpft wieder in die Rolle, die ihn weltbekannt&hellip;\n","protected":false},"author":2,"featured_media":1276591,"comment_status":"","ping_status":"","sticky":false,"template":"","format":"standard","meta":{"footnotes":"","_share_on_mastodon":"0"},"categories":[1773],"tags":[29,214,30,471,1780,215],"class_list":["post-1276590","post","type-post","status-publish","format-standard","has-post-thumbnail","category-serien","tag-deutschland","tag-entertainment","tag-germany","tag-serien","tag-series","tag-unterhaltung"],"share_on_mastodon":{"url":"","error":""},"_links":{"self":[{"href":"https:\/\/www.europesays.com\/de\/wp-json\/wp\/v2\/posts\/1276590","targetHints":{"allow":["GET"]}}],"collection":[{"href":"https:\/\/www.europesays.com\/de\/wp-json\/wp\/v2\/posts"}],"about":[{"href":"https:\/\/www.europesays.com\/de\/wp-json\/wp\/v2\/types\/post"}],"author":[{"embeddable":true,"href":"https:\/\/www.europesays.com\/de\/wp-json\/wp\/v2\/users\/2"}],"replies":[{"embeddable":true,"href":"https:\/\/www.europesays.com\/de\/wp-json\/wp\/v2\/comments?post=1276590"}],"version-history":[{"count":0,"href":"https:\/\/www.europesays.com\/de\/wp-json\/wp\/v2\/posts\/1276590\/revisions"}],"wp:featuredmedia":[{"embeddable":true,"href":"https:\/\/www.europesays.com\/de\/wp-json\/wp\/v2\/media\/1276591"}],"wp:attachment":[{"href":"https:\/\/www.europesays.com\/de\/wp-json\/wp\/v2\/media?parent=1276590"}],"wp:term":[{"taxonomy":"category","embeddable":true,"href":"https:\/\/www.europesays.com\/de\/wp-json\/wp\/v2\/categories?post=1276590"},{"taxonomy":"post_tag","embeddable":true,"href":"https:\/\/www.europesays.com\/de\/wp-json\/wp\/v2\/tags?post=1276590"}],"curies":[{"name":"wp","href":"https:\/\/api.w.org\/{rel}","templated":true}]}}