{"id":1276592,"date":"2026-09-02T20:30:22","date_gmt":"2026-09-02T20:30:22","guid":{"rendered":"https:\/\/www.europesays.com\/de\/1276592\/"},"modified":"2026-09-02T20:30:22","modified_gmt":"2026-09-02T20:30:22","slug":"sr-de-holt-euch-exklusiv-euer-sr-1-saarlodri","status":"publish","type":"post","link":"https:\/\/www.europesays.com\/de\/1276592\/","title":{"rendered":"SR.de: Holt euch exklusiv euer SR 1-Saarlodri!"},"content":{"rendered":"<p>\n                         \u00a0<br \/>\n                        02.09.2026 | 08:45 Uhr\n                      <\/p>\n<p class=\"article__header__text\">Sie sind gr\u00fcn, sie sind Kult \u2013 und bald vielleicht schon eure neuen Begleiter!\u00a0Egal ob als cooler Hingucker im Kinderzimmer, am Rucksack oder auf dem Schreibtisch: Zeigt, was es bei euch mit den Saarlodris zu entdecken gibt, und gewinnt die exklusiven SR 1-Kult-Maskottchen. <\/p>\n<p>                          Kult-Maskottchen in SR 1-Edition<\/p>\n<p>Die Saarlodris haben im Laufe der Jahre viele Sammlerherzen erobert. Jetzt gibt es die SR-Kult-Maskottchen in der exklusiven <strong>SR 1-Edition<\/strong> mit rotem T-Shirt. Die s\u00fc\u00dfen SR 1-Saarlodris gibt es nirgends zu kaufen, wir schenken dir deins!<\/p>\n<p>                          Mitmachen und SR 1-Saarlodri gewinnen<\/p>\n<p> F\u00fcllt einfach das <strong>Formular<\/strong> aus und schickt es ab.<\/p>\n<p>Mit etwas Gl\u00fcck schenken wir euch euren exklusiven SR 1-Pl\u00fcsch-Saarlodri.<\/p>\n<p>                          SR 1-Saarlodri-Fotos schicken<\/p>\n<p>Nat\u00fcrlich m\u00f6chten wir von unseren H\u00f6rerinnen und H\u00f6rern wissen, was die SR 1-Saarlodris bei euch zu Hause, in der Freizeit oder bei der Arbeit erleben. Fotografiert sie in Aktion und schickt uns euer Bild.<\/p>\n<p>                          R\u00fcckblick<\/p>\n<p>Aus allen Ecken der Welt habt ihr uns eure sch\u00f6nsten, lustigsten und spektakul\u00e4rsten Urlaubsfotos mit unseren saarl\u00e4ndischen Kult-Maskottchen geschickt. Ob beim Sonnenbaden unter Palmen, beim Wandern in den Bergen oder als Weltenbummler vor ber\u00fchmten Sehensw\u00fcrdigkeiten: <strong>Die SR 1-Saarlodris haben bewiesen, dass sie \u00fcberall auf der Welt zu Hause sind.<\/strong><\/p>\n<p>                          Die SR 1-Saarlodris im Urlaub<\/p>\n<p class=\"carousel__text__paragraph\">Bilder der Saarlodris bei der Feuerwehr Otzenhausen<\/p>\n<p class=\"carousel__text__paragraph\">Bilder der Saarlodris bei der Feuerwehr Otzenhausen<\/p>\n<p>                          AUDIOS<\/p>\n<p>\n                                      Saarlodris im Italienurlaub\n                                    <\/p>\n<p>\n                                Audio\n                              <\/p>\n<p>Saarlodris im Italienurlaub<\/p>\n<p>\n                                Ihr zeigt den Saarlodris die Welt und nehmt sie mit auf eurer Reise. Erik aus Siersburg hat die Saarlodris mit nach Italien in die Toskana genommen und erz\u00e4hlt, was sie erlebt haben.\n                              <\/p>\n<p>\n                                      Die Saarlodris unterwegs mit der Feuerwehr Otzenhausen\n                                    <\/p>\n<p>\n                                Audio\n                              <\/p>\n<p>Die Saarlodris unterwegs mit der Feuerwehr Otzenhausen<\/p>\n<p>\n                                Unsere kleinen Saarlodris starten in den Urlaub. Die Feuerwehr Otzenhausen hat sich die kleinen Maskottchen gesichert und wird sogar bis nach Italien fahren, um ein neues L\u00f6schfahrzeug abzuholen.\n                              <\/p>\n<p>                              <a href=\"https:\/\/www.sr.de\/sr\/home\/der_sr\/so_wurden_wir_was_wir_sind\/geschichte\/fundstucke\/20230101_fundstueck_januar_2023_saarlodris_100.html\" rel=\"nofollow noopener\" target=\"_blank\"><\/p>\n<p>                                  <img decoding=\"async\" class=\"lazy\" title=\"Fundst\u00fcck Januar 2023 - Die Saarlodris, Schneemann (Foto: SR)\" alt=\"Fundst\u00fcck Januar 2023 - Die Saarlodris, Schneemann (Foto: SR)\"  data- src=\"https:\/\/www.europesays.com\/de\/wp-content\/uploads\/2026\/09\/Fundstueck_Januar_2023_Saarlodris_Titelbild_Schneemann_foto_SR100~_v-sr__169__313.jpg\"\/><br \/>\n                                <\/a><\/p>\n<p>\n                                SR-Fundst\u00fccke\n                              <\/p>\n<p>                              <a class=\"text--teaser-ltext-headline link-marker\" title=\"Zum Beitrag: Die Saarlodris &amp; Co. \" href=\"https:\/\/www.sr.de\/sr\/home\/der_sr\/so_wurden_wir_was_wir_sind\/geschichte\/fundstucke\/20230101_fundstueck_januar_2023_saarlodris_100.html\" rel=\"nofollow noopener\" target=\"_blank\">Die Saarlodris &amp; Co. <\/a><\/p>\n<p>\n                                Saarlodris \u2013 es gibt im ganzen Saarland, ja auf der ganzen Welt nur eine Familie, die so hei\u00dft: Aber die hat\u2019s daf\u00fcr wirklich in sich. Das f\u00e4ngt schon an beim Namen, geht weiter mit ihrer hierzulande kaum zu \u00fcbertreffenden Beliebtheit und ihrem gro\u00dfen beruflichen Erfolg im Fernsehen \u2013 bis hin zum Weltrekord eines Familienmitglieds, mit dem die Saarlodris locker alle ihre Zunftkollegen in den Schatten stellen.\n                              <\/p>\n<p>                              <a target=\"_blank\" href=\"https:\/\/www.sr-mediathek.de\/index.php?seite=7&amp;id=167620&amp;startvid=6\" rel=\"nofollow noopener\"><\/p>\n<p>                                  <img decoding=\"async\" class=\"lazy\" title=\"Saarlodri-Senfgl\u00e4ser (Foto: SR)\" alt=\"Saarlodri-Senfgl\u00e4ser (Foto: SR)\"  data- src=\"https:\/\/www.europesays.com\/de\/wp-content\/uploads\/2026\/09\/20260422_ab_img_106~_v-sr__169__313.jpg\"\/><br \/>\n                                <\/a><\/p>\n<p>\n                                Video [aktueller bericht, 22.04.2026, L\u00e4nge: 3:01 Min.]\n                              <\/p>\n<p>                              <a target=\"_blank\" class=\"text--teaser-ltext-headline link-marker\" title=\"Zum Beitrag: \" href=\"https:\/\/www.sr-mediathek.de\/index.php?seite=7&amp;id=167620&amp;startvid=6\" rel=\"nofollow noopener\">Neue Saarlodri-Senfgl\u00e4ser <\/a><\/p>\n<p>\n                                Der Verkauf einer neuen Auflage der Saarlodri-Senfgl\u00e4ser mit zwei neuen Motiven ist gestartet. Sammlerinnen und Sammler k\u00f6nnen sich \u00fcber ein Fu\u00dfballmotiv passend zur Weltmeisterschaft und ein Sommermotiv am Strand freuen.\n                              <\/p>\n<p>                              <a href=\"https:\/\/www.sr.de\/sr\/sr1\/programm\/themen\/sr1_saarlodris_senfglaeser_100.html\" rel=\"nofollow noopener\" target=\"_blank\"><\/p>\n<p>                                  <img decoding=\"async\" class=\"lazy\" title=\"Saarlodri-Senfgl\u00e4ser mit neuen Motiven (Foto: Hersteller)\" alt=\"Saarlodri-Senfgl\u00e4ser mit neuen Motiven (Foto: Hersteller)\"  data- src=\"https:\/\/www.europesays.com\/de\/wp-content\/uploads\/2026\/09\/saarlodris-senfglaeser100~_v-sr__169__313.jpg\"\/><br \/>\n                                <\/a><\/p>\n<p>\n                                Mit neuen Motiven\n                              <\/p>\n<p>                              <a class=\"text--teaser-ltext-headline link-marker\" title=\"Zum Beitrag: Saarlodris-Senfgl\u00e4ser sinn widda do \" href=\"https:\/\/www.sr.de\/sr\/sr1\/programm\/themen\/sr1_saarlodris_senfglaeser_100.html\" rel=\"nofollow noopener\" target=\"_blank\">Saarlodris-Senfgl\u00e4ser sinn widda do <\/a><\/p>\n<p>\n                                Endlich gibt es sie wieder. Die beliebten Senfgl\u00e4ser mit den Saarlodris, den lustigen Maskottchen des Saarl\u00e4ndischen Rundfunks.\n                              <\/p>\n<p>                              <a href=\"https:\/\/www.sr.de\/sr\/sr1\/aktionen\/teilnahmebedingungen_sr1_gewinnspielen_allgemein_100.html\" rel=\"nofollow noopener\" target=\"_blank\"><\/p>\n<p>                                  <img decoding=\"async\" class=\"lazy\" title=\"SR 1 Logo  (Foto: SR)\" alt=\"SR 1 Logo  (Foto: SR)\"  data- src=\"https:\/\/www.europesays.com\/de\/wp-content\/uploads\/2026\/09\/neue_sr1_logo_100~_v-sr__169__313.jpg\"\/><br \/>\n                                <\/a><\/p>\n<p>\n                                Rechtliche Hinweise\n                              <\/p>\n<p>                              <a class=\"text--teaser-ltext-headline link-marker\" title=\"Zum Beitrag: Teilnahmebedingungen bei Gewinnspielen\" href=\"https:\/\/www.sr.de\/sr\/sr1\/aktionen\/teilnahmebedingungen_sr1_gewinnspielen_allgemein_100.html\" rel=\"nofollow noopener\" target=\"_blank\">Teilnahmebedingungen bei Gewinnspielen<\/a><\/p>\n<p>\n                                SR 1 veranstaltet regelm\u00e4\u00dfig Verlosungen und Gewinnspiele im Radioprogramm, auf SR1.de und in den eigenen Auftritten in sozialen Netzwerken wie Facebook. Hier sind die allgemeinen Gewinnspiel-Teilnahmebedingungen aufgef\u00fchrt.\n                              <\/p>\n<p>\n                           Erstver\u00f6ffentlichung: 12.06.2026 | 16:54 Uhr\n                        <\/p>\n","protected":false},"excerpt":{"rendered":"\u00a0 02.09.2026 | 08:45 Uhr Sie sind gr\u00fcn, sie sind Kult \u2013 und bald vielleicht schon eure neuen&hellip;\n","protected":false},"author":2,"featured_media":1276593,"comment_status":"","ping_status":"","sticky":false,"template":"","format":"standard","meta":{"footnotes":"","_share_on_mastodon":"0"},"categories":[1772],"tags":[3951,73,29,214,40191,72,30,4059,21260,1779,810,263432,34584,75329,215,631],"class_list":["post-1276592","post","type-post","status-publish","format-standard","has-post-thumbnail","category-musik","tag-aktion","tag-bilder","tag-deutschland","tag-entertainment","tag-figur","tag-fotos","tag-germany","tag-gewinnen","tag-maskottchen","tag-music","tag-musik","tag-saarlodris","tag-sr","tag-sr-1","tag-unterhaltung","tag-urlaub"],"share_on_mastodon":{"url":"https:\/\/pubeurope.com\/@de\/117203349215280708","error":""},"_links":{"self":[{"href":"https:\/\/www.europesays.com\/de\/wp-json\/wp\/v2\/posts\/1276592","targetHints":{"allow":["GET"]}}],"collection":[{"href":"https:\/\/www.europesays.com\/de\/wp-json\/wp\/v2\/posts"}],"about":[{"href":"https:\/\/www.europesays.com\/de\/wp-json\/wp\/v2\/types\/post"}],"author":[{"embeddable":true,"href":"https:\/\/www.europesays.com\/de\/wp-json\/wp\/v2\/users\/2"}],"replies":[{"embeddable":true,"href":"https:\/\/www.europesays.com\/de\/wp-json\/wp\/v2\/comments?post=1276592"}],"version-history":[{"count":0,"href":"https:\/\/www.europesays.com\/de\/wp-json\/wp\/v2\/posts\/1276592\/revisions"}],"wp:featuredmedia":[{"embeddable":true,"href":"https:\/\/www.europesays.com\/de\/wp-json\/wp\/v2\/media\/1276593"}],"wp:attachment":[{"href":"https:\/\/www.europesays.com\/de\/wp-json\/wp\/v2\/media?parent=1276592"}],"wp:term":[{"taxonomy":"category","embeddable":true,"href":"https:\/\/www.europesays.com\/de\/wp-json\/wp\/v2\/categories?post=1276592"},{"taxonomy":"post_tag","embeddable":true,"href":"https:\/\/www.europesays.com\/de\/wp-json\/wp\/v2\/tags?post=1276592"}],"curies":[{"name":"wp","href":"https:\/\/api.w.org\/{rel}","templated":true}]}}