{"id":1276608,"date":"2026-09-02T20:40:33","date_gmt":"2026-09-02T20:40:33","guid":{"rendered":"https:\/\/www.europesays.com\/de\/1276608\/"},"modified":"2026-09-02T20:40:33","modified_gmt":"2026-09-02T20:40:33","slug":"angriff-auf-umspannwerke-in-brandenburg-und-nrw-brandenburgs-innenminister-haelt-zusammenhang-fuer-wahrscheinlich","status":"publish","type":"post","link":"https:\/\/www.europesays.com\/de\/1276608\/","title":{"rendered":"Angriff auf Umspannwerke in Brandenburg und NRW: Brandenburgs Innenminister h\u00e4lt Zusammenhang f\u00fcr wahrscheinlich"},"content":{"rendered":"<p class=\"tspBAkv tspBAkw\">Brandenburgs <a href=\"https:\/\/www.tagesspiegel.de\/politik\/anschlag-auf-die-kritische-infrastruktur-sechs-abschussvorrichtungen-nahe-umspannwerk-bergheim-bei-koln-gefunden-16007362.html?icid=in-text-link_16007491\" class=\"link link--internal\" data-gtm-class=\"article-text-link\" data-gtm-val=\"internal\" rel=\"nofollow noopener\" target=\"_blank\">Innenminister Jan Redmann (CDU)<\/a> h\u00e4lt einen Zusammenhang zwischen den Angriffen auf Stromversorgungsanlagen bei J\u00e4nschwalde und Bergheim f\u00fcr wahrscheinlich. \u201eDie Anzeichen verdichten sich, dass beide Attacken Teil eines koordinierten Angriffs auf unsere Energieversorgung sind\u201c, sagte er laut einer Mitteilung seines Ministeriums. \u201eEs ist folgerichtig, dass der Generalbundesanwalt pr\u00fcft, die Ermittlungen an sich zu ziehen.\u201c<\/p>\n<p class=\"tspBAkv\">Nach dem Angriff auf das Stromnetz in S\u00fcdbrandenburg gehen die Ermittler davon aus, dass auch die St\u00f6rung an einem <a href=\"https:\/\/www.tagesspiegel.de\/politik\/anschlage-auf-das-stromnetz-umspannwerke-sind-die-verwundbaren-arterien-der-versorgung-16009298.html?icid=in-text-link_16007491\" class=\"link link--internal\" data-gtm-class=\"article-text-link\" data-gtm-val=\"internal\" rel=\"nofollow noopener\" target=\"_blank\">Umspannwerk in Bergheim bei K\u00f6ln<\/a> auf verfassungsfeindliche Sabotage zur\u00fcckgeht. Unbekannte hatten dort Kabel \u00fcber die Oberleitung gebracht und so einen Kurzschluss verursacht.<\/p>\n<p class=\"tspBAkv\">Die Ermittler sehen Parallelen zu dem Fall in Brandenburg, wo Unbekannte am Dienstagmorgen unweit des Umspannwerks Turnow-Preilack <a href=\"https:\/\/www.tagesspiegel.de\/politik\/dpa-kritische-infrastruktur-16008754.html?icid=in-text-link_16007491\" class=\"link link--internal\" data-gtm-class=\"article-text-link\" data-gtm-val=\"internal\" rel=\"nofollow noopener\" target=\"_blank\">einen Angriff auf die Stromversorgung gestartet<\/a> hatten. In der N\u00e4he beider Orte wurden nach Angaben der Beh\u00f6rden Abschussvorrichtungen und Pyrotechnik gefunden, die wom\u00f6glich bereits vor l\u00e4ngerer Zeit dort installiert worden waren.<\/p>\n<p class=\"tspBAkv\">Mittlerweile ermittelt die Polizei wegen des Angriffs in Brandenburg auch wegen Terrorverdachts, teilte sie mit. Die Sprengvorrichtungen am Umspannwerk k\u00f6nnten nach Angaben von Redmann schon vor einigen Tagen angebracht worden sein. Konkrete Hinweise auf die T\u00e4ter gibt es bisher nicht. Das sagte er am Mittwoch im Innenausschuss des Landtags.<\/p>\n<p><img decoding=\"async\" src=\"https:\/\/www.europesays.com\/de\/wp-content\/uploads\/2026\/09\/1788381631_845_sprengvorrichtung-an-umspannwerk-gefunden.jpeg\"   alt=\"02.09.2026, Brandenburg, Turnow-Preilack: Zahlreiche Fahrzeuge der Polizei sind im Umfeld der Fundstelle im Einsatz. Nach der Sabotage am Stromnetz in S\u00fcdbrandenburg sucht die Polizei vor Ort weiter nach Spuren, um die T\u00e4ter zu ermitteln. Foto: Frank Hammerschmidt\/dpa +++ dpa-Bildfunk +++\" aria-labelledby=\"caption-16008290\" width=\"440\" height=\"330\" loading=\"lazy\" class=\"tspBDk8\"\/> Zahlreiche Fahrzeuge der Polizei sind im Umfeld der Fundstelle im Einsatz. <\/p>\n<p class=\"tspA6kl\"> \u00a9 dpa\/Frank Hammerschmidt <\/p>\n<p class=\"tspBAkv\">Demnach wurden Ermittlungen wegen Bildung einer terroristischen Vereinigung aufgenommen, ebenso wegen des Verdachts der St\u00f6rung \u00f6ffentlicher Betriebe, des Herbeif\u00fchrens einer Sprengstoffexplosion sowie der Zerst\u00f6rung wichtiger Arbeitsmittel.<\/p>\n<p class=\"tspBAkv\">Am Dienstag waren an einem Umspannwerk unweit des Kraftwerks J\u00e4nschwalde Sprengvorrichtungen gefunden worden. Es gebe Unterschiede in der Tatbegehung zu den Anschl\u00e4gen auf das Tesla-Werk oder zum <a href=\"https:\/\/www.tagesspiegel.de\/politik\/widerspruche-zu-telefonaten-in-wegners-lugen-affare-gab-es-eine-verabredung-die-unwahrheit-zu-sagen-15844194.html?icid=in-text-link_16007491\" class=\"link link--internal\" data-gtm-class=\"article-text-link\" data-gtm-val=\"internal\" rel=\"nofollow noopener\" target=\"_blank\">Stromausfall in Berlin<\/a>, sagte Redmann am Mittwoch im ZDF\u2011\u201eMorgenmagazin\u201c. Das sei m\u00f6glicherweise ein anderes Vorgehen.<\/p>\n<p><img decoding=\"async\" src=\"https:\/\/www.europesays.com\/de\/wp-content\/uploads\/2026\/09\/1788381632_653_sprengvorrichtung-an-umspannwerk-gefunden.jpeg\"   alt=\"01.09.2026, Brandenburg, Turnow-Preilack: Polizeieinsatzkr\u00e4fte sperren die Stra\u00dfe zum Umspannwerk ab. Heute wurden am Umspannwerk unkonventionelle Sprengvorrichtungen gefunden. Foto: Frank Hammerschmidt\/dpa +++ dpa-Bildfunk +++\" aria-labelledby=\"caption-16006633\" width=\"440\" height=\"330\" loading=\"lazy\" class=\"tspBDk8\"\/> Polizeieinsatzkr\u00e4fte sperrten am Dienstag die Stra\u00dfe zum Umspannwerk ab. <\/p>\n<p class=\"tspA6kl\"> \u00a9 dpa\/Frank Hammerschmidt <\/p>\n<p class=\"tspBAkv\">\u201eDie Tatbegehung passt nicht zu anderen Anschl\u00e4gen der linksextremistischen Szene wie etwa auf Tesla\u201c, sagte Redmann am Mittwoch im Innenausschuss. Auch weil bislang kein Bekennerschreiben vorliege.<\/p>\n<p class=\"tspBAkv\">\u201eWir k\u00f6nnen gegenw\u00e4rtig keine T\u00e4terschaft ausschlie\u00dfen\u201c, sagte er. Es handele sich aber um eine wichtige Verbindung in der Nord-S\u00fcd-Energieversorgung. Ziel des Anschlags k\u00f6nne daher auch gewesen sein, die Stromversorgung in Deutschland zu destabilisieren und f\u00fcr gro\u00dffl\u00e4chige Ausf\u00e4lle zu sorgen. \u201eDas ist hybride Bedrohung, die wir da gegenw\u00e4rtig erleben, und insofern k\u00f6nnen wir auch nicht ausschlie\u00dfen, dass fremde M\u00e4chte dahinterstecken\u201c, sagte er im ZDF.<\/p>\n<blockquote class=\"tspB1np\">\n<p>Wir sind in all diesen Bereichen zu gef\u00e4hrdet.<\/p>\n<\/blockquote>\n<p class=\"tspB1nq\">Brandenburgs Innenminister <strong>Jan Redmann<\/strong> (CDU) zur kritischen Infrastruktur<\/p>\n<p class=\"tspBAkv\">Hinweise darauf, dass eine ausl\u00e4ndische Macht f\u00fcr die Tat verantwortlich ist, gebe es aber nicht, so Redmann im Innenausschuss. \u201eEs ist aktuell nicht m\u00f6glich, den T\u00e4terkreis einzugrenzen.\u201c Und weiter: \u201eDass die Tat die Handschrift Russlands tr\u00e4gt, kann man zum jetzigen Zeitpunkt nicht sagen.\u201c Die Lage sei eine andere als bei dem Drohnenvorfall in Halle\/Leipzig. Auch zur linksextremistischen Szene gebe es bislang keine konkreten Hinweise.<\/p>\n<p class=\"tspBAkv\">Man m\u00fcsse in jedem Fall davon ausgehen, dass die T\u00e4ter schon mehrere Tage vorher vor Ort gewesen seien, um die Sabotageanlagen zu installieren und das Gel\u00e4nde auszukundschaften. \u201eMan muss sagen, dass wir verdammtes Gl\u00fcck gehabt haben\u201c, sagte Redmann.<\/p>\n<p class=\"tspBAkv\">Laut Netzbetreiber 50Hertz ist der Angriff glimpflich ausgegangen. So gab es durch die Sabotage keinen Stromausfall. Wie Redmann sagte, sah ein 50Hertz-Mitarbeiter einen grellen Lichtbogen und einen kleinen Krater. Bis Dienstagabend wurde eine zweistellige Zahl an \u201eVorrichtungen\u201c gefunden, so Redmann. \u201eDa steckte schon eine Absicht dahinter, gro\u00dfen Schaden anzurichten.\u201c Wie \u201eBild\u201c berichtet, wurden mehr als 20 selbstgebaute Raketen f\u00fcr die Attacke vorbereitet. Demnach setzten die T\u00e4ter offenbar auch Zeitz\u00fcnder ein. Die Polizei best\u00e4tigte diese Informationen nicht.<\/p>\n<p><img decoding=\"async\" src=\"https:\/\/www.europesays.com\/de\/wp-content\/uploads\/2026\/09\/umspannwerk.png\" alt=\"Umspannwerk.png\" width=\"620\" height=\"418\" loading=\"lazy\" class=\"tspBDk8\"\/><\/p>\n<p class=\"tspA6kl\"> \u00a9 EnBW, https:\/\/www.westfalenweser.com\/blog\/spannungsebenen I Tagesspiegel\/Rita Boettcher <\/p>\n<p class=\"tspBAkv\">Nach jetzigem Stand habe nur einer der \u201eraketen\u00e4hnlichen Gegenst\u00e4nde\u201c einen Grundschluss herbeigef\u00fchrt. Um handels\u00fcbliche Silvesterraketen habe es sich dabei nicht gehandelt, auch wenn sie so \u00e4hnlich aussehen w\u00fcrden. Der Bau dieser Gegenst\u00e4nde setze ein \u201etechnisches Know-how\u201c voraus. Es k\u00f6nne aber auch nicht ausgeschlossen werden, dass Laien mit Anleitungen aus dem Internet dazu in der Lage w\u00e4ren, solche zu bauen, so Redmann.<\/p>\n<p class=\"tspBAkv\">Der Landrat des Landkreises Spree-Nei\u00dfe, Martin Heusler, verurteilt den Angriff auf die kritische Infrastruktur scharf. \u201eBei dieser Attacke haben wir es nicht mit einem geringf\u00fcgigen Versto\u00df, sondern mit einem skrupellosen Angriff auf die Energieinfrastruktur der Lausitz und damit auf die Sicherheit der B\u00fcrgerinnen und B\u00fcrger zu tun\u201c, sagte er am Dienstagnachmittag. Vors\u00e4tzlich gro\u00dffl\u00e4chige Stromausf\u00e4lle und deren Folgen in Kauf zu nehmen zeugt von der massiven kriminellen Energie der T\u00e4ter.<\/p>\n<p class=\"tspBAkv\">Ein Block im Kraftwerk J\u00e4nschwalde hatte sich infolge des Angriffs am Dienstag automatisch abgeschaltet, hie\u00df es vom Energieunternehmen Leag. Vom Umspannwerk in Turnow-Preilack gelangt der im Kraftwerk erzeugte Strom in das \u00dcbertragungsnetz von 50Hertz. Um 2 Uhr in der Nacht zum Mittwoch sei Block B wieder vollst\u00e4ndig am Netz gewesen, sagte ein Leag-Sprecher. \u201eWeitere Ausf\u00e4lle oder St\u00f6rungen gab es nicht.\u201c<\/p>\n<p> Besserer Schutz von kritischer Infrastruktur gefordert <\/p>\n<p class=\"tspBAkv\">Brandenburgs Innenminister Jan Redmann fordert nach der Sabotage einen besseren Schutz der kritischen Infrastruktur. \u201eWir sichern diese Bereiche nicht ausreichend, weil sie in einer Zeit errichtet wurden, in der es eine andere Bedrohungslage gab\u201c, sagte er im ZDF\u2011\u201eMorgenmagazin\u201c. \u201eUnd wir m\u00fcssen hier schnell nachr\u00fcsten.\u201c<\/p>\n<p class=\"tspACgi\">Empfohlener redaktioneller Inhalt<\/p>\n<p> An dieser Stelle finden Sie einen von unseren Redakteuren ausgew\u00e4hlten, externen Inhalt, der den Artikel f\u00fcr Sie mit zus\u00e4tzlichen Informationen anreichert. Sie k\u00f6nnen sich hier den externen Inhalt mit einem Klick anzeigen lassen oder wieder ausblenden. <\/p>\n<p> Externen Inhalt anzeigen <\/p>\n<p class=\"tspACgo\"> Ich bin damit einverstanden, dass mir der externe Inhalt angezeigt wird. Damit k\u00f6nnen personenbezogene Daten an Drittplattformen \u00fcbermittelt werden.  Mehr Informationen dazu erhalten Sie in den Datenschutz-Einstellungen. Diese finden Sie ganz unten auf unserer Seite im Footer, sodass Sie Ihre Einstellungen jederzeit verwalten oder widerrufen k\u00f6nnen. <\/p>\n<p class=\"tspBAkv\">Die kritische Infrastruktur in Deutschland sei vielgestaltig, sagte Redmann. Er nannte Flugh\u00e4fen, tausende Kilometer Stromleitungen, Telekommunikationsinfrastruktur sowie Gas- und Wasserversorgung. \u201eUnd wir sind in all diesen Bereichen zu gef\u00e4hrdet.\u201c<\/p>\n<p class=\"tspBAkv\">\u201eWir m\u00fcssen schnell daf\u00fcr sorgen, dass die Betreiber ihre eigenen Einrichtungen besser sichern k\u00f6nnen. Auch mit Befugnissen, die gegenw\u00e4rtig nur die Polizei hat\u201c, sagte <a href=\"https:\/\/www.tagesspiegel.de\/potsdam\/brandenburg\/wir-mussen-deutlich-wehrhafter-werden-minister-jan-redmann-uber-leihmutterschaft-innere-sicherheit-und-ein-afd-verbot-15863476.html?icid=in-text-link_16007491\" class=\"link link--internal\" data-gtm-class=\"article-text-link\" data-gtm-val=\"internal\" rel=\"nofollow noopener\" target=\"_blank\">Redmann<\/a>. Etwa die Befugnis, Drohnen abwehren zu k\u00f6nnen oder intelligente Video\u00fcberwachung einzusetzen. Man k\u00f6nne nicht neben jeden Hochspannungsmasten einen Polizisten stellen.<\/p>\n<p>Lesen Sie auch<a href=\"https:\/\/www.tagesspiegel.de\/potsdam\/brandenburg\/anschlag-auf-umspannwerk-in-brandenburg--zweistellige-zahl-an-sprengvorrichtungen-gefunden-16004358.html?icid=topic-list_16007491___\" data-gtm-class=\"article-mzt-link\" data-hydrate-fingerprint=\"09740a54944caac75fd2c0c63fd5c5df\" data-hydrate-props=\"{&amp;escapedquot;element&amp;escapedquot;:{&amp;escapedquot;type&amp;escapedquot;:&amp;escapedquot;relatedContent&amp;escapedquot;,&amp;escapedquot;fieldMap&amp;escapedquot;:{},&amp;escapedquot;relation&amp;escapedquot;:{&amp;escapedquot;fields&amp;escapedquot;:{&amp;escapedquot;isPaid&amp;escapedquot;:null},&amp;escapedquot;href&amp;escapedquot;:&amp;escapedquot;\/potsdam\/brandenburg\/anschlag-auf-umspannwerk-in-brandenburg--zweistellige-zahl-an-sprengvorrichtungen-gefunden-16004358.html&amp;escapedquot;,&amp;escapedquot;teaserTitle&amp;escapedquot;:{&amp;escapedquot;kicker&amp;escapedquot;:&amp;escapedquot;\u201eDas war kein Kinderstreich\u201c&amp;escapedquot;,&amp;escapedquot;headline&amp;escapedquot;:&amp;escapedquot;Anschlag auf Umspannwerk in Brandenburg \u2013 zweistellige Zahl an Sprengvorrichtungen gefunden&amp;escapedquot;},&amp;escapedquot;id&amp;escapedquot;:&amp;escapedquot;16004358&amp;escapedquot;,&amp;escapedquot;type&amp;escapedquot;:&amp;escapedquot;story&amp;escapedquot;},&amp;escapedquot;isPartOfList&amp;escapedquot;:true,&amp;escapedquot;topicListType&amp;escapedquot;:&amp;escapedquot;topic-list&amp;escapedquot;},&amp;escapedquot;showArrow&amp;escapedquot;:true}\" data-hydrate-slots=\"{&#039;default&#039;:[]}\" class=\"tspB8oe tspB7oc\" rel=\"nofollow noopener\" target=\"_blank\">\u201eDas war kein Kinderstreich\u201c Anschlag auf Umspannwerk in Brandenburg \u2013 zweistellige Zahl an Sprengvorrichtungen gefunden <\/a><a href=\"https:\/\/www.tagesspiegel.de\/politik\/anschlag-auf-die-kritische-infrastruktur-sechs-abschussvorrichtungen-nahe-umspannwerk-bergheim-bei-koln-gefunden-16007362.html?icid=topic-list_16007491___\" data-gtm-class=\"article-mzt-link\" data-hydrate-fingerprint=\"09740a54944caac75fd2c0c63fd5c5df\" data-hydrate-props=\"{&amp;escapedquot;element&amp;escapedquot;:{&amp;escapedquot;type&amp;escapedquot;:&amp;escapedquot;relatedContent&amp;escapedquot;,&amp;escapedquot;fieldMap&amp;escapedquot;:{},&amp;escapedquot;relation&amp;escapedquot;:{&amp;escapedquot;fields&amp;escapedquot;:{&amp;escapedquot;isPaid&amp;escapedquot;:null},&amp;escapedquot;href&amp;escapedquot;:&amp;escapedquot;\/politik\/anschlag-auf-die-kritische-infrastruktur-sechs-abschussvorrichtungen-nahe-umspannwerk-bergheim-bei-koln-gefunden-16007362.html&amp;escapedquot;,&amp;escapedquot;teaserTitle&amp;escapedquot;:{&amp;escapedquot;kicker&amp;escapedquot;:&amp;escapedquot;\u201eAnschlag auf die kritische Infrastruktur\u201c&amp;escapedquot;,&amp;escapedquot;headline&amp;escapedquot;:&amp;escapedquot;Sechs Abschussvorrichtungen nahe Umspannwerk Bergheim bei K\u00f6ln gefunden&amp;escapedquot;},&amp;escapedquot;id&amp;escapedquot;:&amp;escapedquot;16007362&amp;escapedquot;,&amp;escapedquot;type&amp;escapedquot;:&amp;escapedquot;story&amp;escapedquot;},&amp;escapedquot;isPartOfList&amp;escapedquot;:true,&amp;escapedquot;topicListType&amp;escapedquot;:&amp;escapedquot;topic-list&amp;escapedquot;},&amp;escapedquot;showArrow&amp;escapedquot;:true}\" data-hydrate-slots=\"{&#039;default&#039;:[]}\" class=\"tspB8oe tspB7oc\" rel=\"nofollow noopener\" target=\"_blank\">\u201eAnschlag auf die kritische Infrastruktur\u201c Sechs Abschussvorrichtungen nahe Umspannwerk Bergheim bei K\u00f6ln gefunden <\/a><\/p>\n<p class=\"tspBAkv\"><a href=\"https:\/\/www.tagesspiegel.de\/politik\/anschlag-auf-die-kritische-infrastruktur-sechs-abschussvorrichtungen-nahe-umspannwerk-bergheim-bei-koln-gefunden-16007362.html?icid=in-text-link_16007491\" class=\"link link--internal\" data-gtm-class=\"article-text-link\" data-gtm-val=\"internal\" rel=\"nofollow noopener\" target=\"_blank\">Auch in Nordrhein-Westfalen wird nach einer St\u00f6rung an einem Umspannwerk ermittelt.<\/a> Die St\u00f6rung in Bergheim bei K\u00f6ln ist nach ersten Erkenntnissen der Polizei vors\u00e4tzlich verursacht worden. Redmann konnte einen Zusammenhang mit dem Sabotageakt in Brandenburg nicht best\u00e4tigen. \u201eEs gibt Parallelen, die sich aufdr\u00e4ngen\u201c, sagte der Minister am Mittwoch im Innenausschuss des Landtags. Allerdings gebe es bislang keine Hinweise auf eine identische Art der Tatbegehung.<\/p>\n<p class=\"tspBAkv\">Die Deutsche Polizeigewerkschaft forderte nach beiden Angriffen mehr Investitionen in den Schutz der kritischen Infrastruktur. \u201eEs fehlt nicht an technischen M\u00f6glichkeiten, sondern an konsequenten Investitionen\u201c, sagte der Bundesvorsitzende der Gewerkschaft, Heiko Teggatz.<\/p>\n<p class=\"tspBAkv\">Moderne Sensorik entlang von Hochspannungsleitungen, digitale \u00dcberwachungssysteme, intelligente Detektionsl\u00f6sungen und weitere Schutztechnologien w\u00fcrden international bereits erfolgreich eingesetzt. Der Schutz kritischer Infrastrukturen sei nicht die origin\u00e4re Aufgabe der Polizei, sondern zun\u00e4chst Aufgabe der Betreiber selbst. \u201eWer die Verantwortung f\u00fcr die Sicherheit seiner Anlagen tr\u00e4gt, muss auch in deren Schutz investieren\u201c, sagte Teggatz.<\/p>\n<p class=\"tspBAkv\">Nach den Vorf\u00e4llen in Nordrhein-Westfalen und Brandenburg sowie einem Brand in einem Umspannwerk in Reutlingen im Juni tauschen sich die Ermittler in den betroffenen Bundesl\u00e4ndern aus. Das baden-w\u00fcrttembergische Landeskriminalamt (LKA) steht nach eigenen Angaben mit den ermittelnden Dienststellen in Brandenburg und Nordrhein-Westfalen im Informationsaustausch. Ziel sei es, Ermittlungsans\u00e4tze zu gewinnen, teilte ein LKA-Sprecher auf Anfrage mit. Weitere Angaben machte er nicht. (mit dpa)<\/p>\n","protected":false},"excerpt":{"rendered":"Brandenburgs Innenminister Jan Redmann (CDU) h\u00e4lt einen Zusammenhang zwischen den Angriffen auf Stromversorgungsanlagen bei J\u00e4nschwalde und Bergheim f\u00fcr&hellip;\n","protected":false},"author":2,"featured_media":1276609,"comment_status":"","ping_status":"","sticky":false,"template":"","format":"standard","meta":{"footnotes":"","_share_on_mastodon":"0"},"categories":[5],"tags":[20,1890,31,13,1420,14,15,307,12,10,8,9,11,1448],"class_list":["post-1276608","post","type-post","status-publish","format-standard","has-post-thumbnail","category-nachrichten","tag-alexander-dobrindt","tag-brandenburg","tag-cdu","tag-headlines","tag-koeln","tag-nachrichten","tag-news","tag-russland","tag-schlagzeilen","tag-top-news","tag-top-meldungen","tag-topmeldungen","tag-topnews","tag-zdf"],"share_on_mastodon":{"url":"https:\/\/pubeurope.com\/@de\/117203387586276387","error":""},"_links":{"self":[{"href":"https:\/\/www.europesays.com\/de\/wp-json\/wp\/v2\/posts\/1276608","targetHints":{"allow":["GET"]}}],"collection":[{"href":"https:\/\/www.europesays.com\/de\/wp-json\/wp\/v2\/posts"}],"about":[{"href":"https:\/\/www.europesays.com\/de\/wp-json\/wp\/v2\/types\/post"}],"author":[{"embeddable":true,"href":"https:\/\/www.europesays.com\/de\/wp-json\/wp\/v2\/users\/2"}],"replies":[{"embeddable":true,"href":"https:\/\/www.europesays.com\/de\/wp-json\/wp\/v2\/comments?post=1276608"}],"version-history":[{"count":0,"href":"https:\/\/www.europesays.com\/de\/wp-json\/wp\/v2\/posts\/1276608\/revisions"}],"wp:featuredmedia":[{"embeddable":true,"href":"https:\/\/www.europesays.com\/de\/wp-json\/wp\/v2\/media\/1276609"}],"wp:attachment":[{"href":"https:\/\/www.europesays.com\/de\/wp-json\/wp\/v2\/media?parent=1276608"}],"wp:term":[{"taxonomy":"category","embeddable":true,"href":"https:\/\/www.europesays.com\/de\/wp-json\/wp\/v2\/categories?post=1276608"},{"taxonomy":"post_tag","embeddable":true,"href":"https:\/\/www.europesays.com\/de\/wp-json\/wp\/v2\/tags?post=1276608"}],"curies":[{"name":"wp","href":"https:\/\/api.w.org\/{rel}","templated":true}]}}