{"id":1276614,"date":"2026-09-02T20:43:25","date_gmt":"2026-09-02T20:43:25","guid":{"rendered":"https:\/\/www.europesays.com\/de\/1276614\/"},"modified":"2026-09-02T20:43:25","modified_gmt":"2026-09-02T20:43:25","slug":"u-boot-aus-kiel-auf-dem-weg-nach-israel-2","status":"publish","type":"post","link":"https:\/\/www.europesays.com\/de\/1276614\/","title":{"rendered":"U-Boot aus Kiel auf dem Weg nach Israel"},"content":{"rendered":"<p class=\"is-first-paragraph\" data-external=\"Article.FirstParagraph\">Die israelische Marine wird in wenigen Tagen ein weiteres U-Boot aus deutscher Produktion in ihre Flotte aufnehmen. Die von TKMS gebaute \u00abINS Drakon\u00bb verlie\u00df bereits am Dienstag die Kieler Werft, durchquerte den Nord-Ostsee-Kanal und befindet sich nun auf dem Weg nach Israel, wie der Hersteller mitteilte. Es ist das letzte von sechs f\u00fcr Israel hergestellten U-Boote dieser Art. Es ist 68 Meter lang und mit zehn Torpedo-Rohren ausger\u00fcstet.<\/p>\n<p>Prosor: \u00abWir stehen Schulter an Schulter\u00bb<\/p>\n<p>Der israelische Botschafter Ron Prosor wies darauf hin, dass die Auslieferung zeitgleich mit dem ersten Test der israelischen Lora-Rakete durch die deutsche Marine stattfindet. \u00abDas ist kein Zufall, sondern das Ergebnis einer engen strategischen Zusammenarbeit und einer Partnerschaft, die \u00fcber Jahre gewachsen ist\u00bb, sagte er der Deutschen Presse-Agentur. \u00abWir stehen Schulter an Schulter als Partner auf Augenh\u00f6he und gehen die Herausforderungen, die uns beide betreffen, gemeinsam an.\u00bb<\/p>\n<p>Raketentest im Nordatlantik<\/p>\n<p>Eine Fregatte der Deutschen Marine hatte zuvor im Nordatlantik einen bis zuletzt geheim gehaltenen Test des israelischen Raketensystems Lora mit einer Reichweite von mehr als 500 Kilometern erfolgreich abgeschlossen. Nun sollen Pl\u00e4ne f\u00fcr eine Beschaffung der Waffen vorangebracht werden.<\/p>\n<p>Die Lieferung deutscher U-Boote nach Israel ist ein zentrales Projekt der deutsch-israelischen R\u00fcstungskooperation und l\u00e4uft bereits seit vielen Jahren. Der Export ist aber auch umstritten, weil nach Meinung von Experten eine Nachr\u00fcstung mit Atomwaffen m\u00f6glich ist. Au\u00dferdem stehen deutsche R\u00fcstungsexporte nach Israel wegen des Vorgehens der israelischen Armee im Gazastreifen grunds\u00e4tzlich in der Kritik.<\/p>\n<p>Das israelische Milit\u00e4r sagte, das U-Boot sei auf dem Weg in die nordisraelische K\u00fcstenstadt Haifa. Bei einer Verabschiedungszeremonie in Kiel war neben Prosor auch der deutsche Marineinspekteur Jan Christian Kaack anwesend.<\/p>\n","protected":false},"excerpt":{"rendered":"Die israelische Marine wird in wenigen Tagen ein weiteres U-Boot aus deutscher Produktion in ihre Flotte aufnehmen. Die&hellip;\n","protected":false},"author":2,"featured_media":1276615,"comment_status":"","ping_status":"","sticky":false,"template":"","format":"standard","meta":{"footnotes":"","_share_on_mastodon":"0"},"categories":[1852],"tags":[3364,29,548,663,3934,30,13,4949,14,15,12,1971,45],"class_list":["post-1276614","post","type-post","status-publish","format-standard","has-post-thumbnail","category-kiel","tag-de","tag-deutschland","tag-eu","tag-europa","tag-europe","tag-germany","tag-headlines","tag-kiel","tag-nachrichten","tag-news","tag-schlagzeilen","tag-schleswig-holstein","tag-texttospeech"],"share_on_mastodon":{"url":"https:\/\/pubeurope.com\/@de\/117203396675148279","error":""},"_links":{"self":[{"href":"https:\/\/www.europesays.com\/de\/wp-json\/wp\/v2\/posts\/1276614","targetHints":{"allow":["GET"]}}],"collection":[{"href":"https:\/\/www.europesays.com\/de\/wp-json\/wp\/v2\/posts"}],"about":[{"href":"https:\/\/www.europesays.com\/de\/wp-json\/wp\/v2\/types\/post"}],"author":[{"embeddable":true,"href":"https:\/\/www.europesays.com\/de\/wp-json\/wp\/v2\/users\/2"}],"replies":[{"embeddable":true,"href":"https:\/\/www.europesays.com\/de\/wp-json\/wp\/v2\/comments?post=1276614"}],"version-history":[{"count":0,"href":"https:\/\/www.europesays.com\/de\/wp-json\/wp\/v2\/posts\/1276614\/revisions"}],"wp:featuredmedia":[{"embeddable":true,"href":"https:\/\/www.europesays.com\/de\/wp-json\/wp\/v2\/media\/1276615"}],"wp:attachment":[{"href":"https:\/\/www.europesays.com\/de\/wp-json\/wp\/v2\/media?parent=1276614"}],"wp:term":[{"taxonomy":"category","embeddable":true,"href":"https:\/\/www.europesays.com\/de\/wp-json\/wp\/v2\/categories?post=1276614"},{"taxonomy":"post_tag","embeddable":true,"href":"https:\/\/www.europesays.com\/de\/wp-json\/wp\/v2\/tags?post=1276614"}],"curies":[{"name":"wp","href":"https:\/\/api.w.org\/{rel}","templated":true}]}}