{"id":1276616,"date":"2026-09-02T20:44:18","date_gmt":"2026-09-02T20:44:18","guid":{"rendered":"https:\/\/www.europesays.com\/de\/1276616\/"},"modified":"2026-09-02T20:44:18","modified_gmt":"2026-09-02T20:44:18","slug":"frankenberg-rangelei-um-radfahrausbildung-fuer-schueler","status":"publish","type":"post","link":"https:\/\/www.europesays.com\/de\/1276616\/","title":{"rendered":"Frankenberg: Rangelei um Radfahrausbildung f\u00fcr Sch\u00fcler"},"content":{"rendered":"<p class=\"text text--s\">\n\t\t\t\tFreie Presse bei Google bevorzugen\n\t\t\t<\/p>\n<p class=\"bold\">\n\t\t\t\t\t\t\t\t\t\tDicke Luft bei der Radfahrausbildung an der Astrid-Lindgren-Grundschule: Ein Zwist zwischen Schulleiter und Verkehrswacht \u00fcberschattet die Vorbereitung der Kinder auf den Stra\u00dfenverkehr. Was ist los?\t\t\t\t<\/p>\n<p>\t\t\t\t Falko Schurig ist seit einem Jahr Gesch\u00e4ftsf\u00fchrer die Gebietsverkehrswacht Mittweida. Der Verein stellt Verkehrszeichen, Fahrr\u00e4der sowie Warnwesten und \u00fcbernimmt die Wartung. Er sichert so die Vorbereitung der Kinder auf den Stra\u00dfenverkehr. Die praktische Schulung auf dem Gel\u00e4nde der Astrid-Lindgren-Grundschule \u00fcbernehmen die&#8230;<\/p>\n<p>\t\t<img decoding=\"async\" loading=\"lazy\" class=\"fp-plus-logo\" src=\"https:\/\/www.freiepresse.de\/img\/fpplus.svg\" alt=\"Freie Presse plus Logo\"\/><\/p>\n<p>6 Wochen gratis lesen.<\/p>\n<p> Alle Artikel im Web und in der App frei<\/p>\n<p> Zugriff auf die digitale Zeitung<\/p>\n<p> T\u00e4glicher Newsletter f\u00fcr Ihre Region<\/p>\n<p>Sie haben bereits ein Digitalabo?<\/p>\n","protected":false},"excerpt":{"rendered":"Freie Presse bei Google bevorzugen Dicke Luft bei der Radfahrausbildung an der Astrid-Lindgren-Grundschule: Ein Zwist zwischen Schulleiter und&hellip;\n","protected":false},"author":2,"featured_media":1276617,"comment_status":"","ping_status":"","sticky":false,"template":"","format":"standard","meta":{"footnotes":"","_share_on_mastodon":"0"},"categories":[1851],"tags":[4568,2770,3364,29,548,663,3934,30,13,14,15,859,12],"class_list":["post-1276616","post","type-post","status-publish","format-standard","has-post-thumbnail","category-chemnitz","tag-schulen","tag-chemnitz","tag-de","tag-deutschland","tag-eu","tag-europa","tag-europe","tag-germany","tag-headlines","tag-nachrichten","tag-news","tag-sachsen","tag-schlagzeilen"],"share_on_mastodon":{"url":"","error":""},"_links":{"self":[{"href":"https:\/\/www.europesays.com\/de\/wp-json\/wp\/v2\/posts\/1276616","targetHints":{"allow":["GET"]}}],"collection":[{"href":"https:\/\/www.europesays.com\/de\/wp-json\/wp\/v2\/posts"}],"about":[{"href":"https:\/\/www.europesays.com\/de\/wp-json\/wp\/v2\/types\/post"}],"author":[{"embeddable":true,"href":"https:\/\/www.europesays.com\/de\/wp-json\/wp\/v2\/users\/2"}],"replies":[{"embeddable":true,"href":"https:\/\/www.europesays.com\/de\/wp-json\/wp\/v2\/comments?post=1276616"}],"version-history":[{"count":0,"href":"https:\/\/www.europesays.com\/de\/wp-json\/wp\/v2\/posts\/1276616\/revisions"}],"wp:featuredmedia":[{"embeddable":true,"href":"https:\/\/www.europesays.com\/de\/wp-json\/wp\/v2\/media\/1276617"}],"wp:attachment":[{"href":"https:\/\/www.europesays.com\/de\/wp-json\/wp\/v2\/media?parent=1276616"}],"wp:term":[{"taxonomy":"category","embeddable":true,"href":"https:\/\/www.europesays.com\/de\/wp-json\/wp\/v2\/categories?post=1276616"},{"taxonomy":"post_tag","embeddable":true,"href":"https:\/\/www.europesays.com\/de\/wp-json\/wp\/v2\/tags?post=1276616"}],"curies":[{"name":"wp","href":"https:\/\/api.w.org\/{rel}","templated":true}]}}