{"id":1276618,"date":"2026-09-02T20:45:20","date_gmt":"2026-09-02T20:45:20","guid":{"rendered":"https:\/\/www.europesays.com\/de\/1276618\/"},"modified":"2026-09-02T20:45:20","modified_gmt":"2026-09-02T20:45:20","slug":"braunschweigs-gomez-zurueck-in-seine-us-heimat","status":"publish","type":"post","link":"https:\/\/www.europesays.com\/de\/1276618\/","title":{"rendered":"Braunschweigs Gomez zur\u00fcck in seine US-Heimat"},"content":{"rendered":"<p class=\"is-first-paragraph\" data-external=\"Article.FirstParagraph\">Nach drei Jahren verl\u00e4sst Johan Gomez den Fu\u00dfball-Zweitligisten Eintracht Braunschweig. Der Club teilte mit, dass der 25-J\u00e4hrige in seine amerikanische Heimat zur\u00fcckkehrt und k\u00fcnftig f\u00fcr die Chicago Fire in der Major League Soccer spielt.<\/p>\n<p>Der Mittelfeldspieler kam in 99 Pflichtspielen f\u00fcr die Braunschweiger zum Einsatz und erzielte vier Tore. Schon im Winter hatte Gomez einen Wechsel in die USA angestrebt. Damals lehnte die Eintracht ab. Die Braunschweiger befanden sich mitten im Abstiegskampf.<\/p>\n<p>Neuer Innenverteidiger am letzten Transfertag<\/p>\n<p>Am letzten Tag der Transferperiode am Dienstag hatte der Verein aus Niedersachsen am Abend den Wechsel von Isidoros Koutsidis bekanntgegeben. Der 21 Jahre alte griechische Innenverteidiger kommt von Olympiakos Pir\u00e4us. Koutsidis erhielt einen Vertrag bis Juni 2029.<\/p>\n","protected":false},"excerpt":{"rendered":"Nach drei Jahren verl\u00e4sst Johan Gomez den Fu\u00dfball-Zweitligisten Eintracht Braunschweig. Der Club teilte mit, dass der 25-J\u00e4hrige in&hellip;\n","protected":false},"author":2,"featured_media":1276619,"comment_status":"","ping_status":"","sticky":false,"template":"","format":"standard","meta":{"footnotes":"","_share_on_mastodon":"0"},"categories":[1850],"tags":[6429,3364,29,548,663,3934,30,13,14,15,1411,12,45],"class_list":["post-1276618","post","type-post","status-publish","format-standard","has-post-thumbnail","category-braunschweig","tag-braunschweig","tag-de","tag-deutschland","tag-eu","tag-europa","tag-europe","tag-germany","tag-headlines","tag-nachrichten","tag-news","tag-niedersachsen","tag-schlagzeilen","tag-texttospeech"],"share_on_mastodon":{"url":"https:\/\/pubeurope.com\/@de\/117203404625405118","error":""},"_links":{"self":[{"href":"https:\/\/www.europesays.com\/de\/wp-json\/wp\/v2\/posts\/1276618","targetHints":{"allow":["GET"]}}],"collection":[{"href":"https:\/\/www.europesays.com\/de\/wp-json\/wp\/v2\/posts"}],"about":[{"href":"https:\/\/www.europesays.com\/de\/wp-json\/wp\/v2\/types\/post"}],"author":[{"embeddable":true,"href":"https:\/\/www.europesays.com\/de\/wp-json\/wp\/v2\/users\/2"}],"replies":[{"embeddable":true,"href":"https:\/\/www.europesays.com\/de\/wp-json\/wp\/v2\/comments?post=1276618"}],"version-history":[{"count":0,"href":"https:\/\/www.europesays.com\/de\/wp-json\/wp\/v2\/posts\/1276618\/revisions"}],"wp:featuredmedia":[{"embeddable":true,"href":"https:\/\/www.europesays.com\/de\/wp-json\/wp\/v2\/media\/1276619"}],"wp:attachment":[{"href":"https:\/\/www.europesays.com\/de\/wp-json\/wp\/v2\/media?parent=1276618"}],"wp:term":[{"taxonomy":"category","embeddable":true,"href":"https:\/\/www.europesays.com\/de\/wp-json\/wp\/v2\/categories?post=1276618"},{"taxonomy":"post_tag","embeddable":true,"href":"https:\/\/www.europesays.com\/de\/wp-json\/wp\/v2\/tags?post=1276618"}],"curies":[{"name":"wp","href":"https:\/\/api.w.org\/{rel}","templated":true}]}}