{"id":1276620,"date":"2026-09-02T20:46:12","date_gmt":"2026-09-02T20:46:12","guid":{"rendered":"https:\/\/www.europesays.com\/de\/1276620\/"},"modified":"2026-09-02T20:46:12","modified_gmt":"2026-09-02T20:46:12","slug":"schwierige-finanzlage-der-stadt-viersen-verschaerft-sich-weiter","status":"publish","type":"post","link":"https:\/\/www.europesays.com\/de\/1276620\/","title":{"rendered":"Schwierige Finanzlage der Stadt Viersen versch\u00e4rft sich weiter"},"content":{"rendered":"<p class=\"text_ohne_einzug richtext text-em-55 !leading-serif mx-6 desktop:mx-0\">Die finanzielle Situation der Stadt <a href=\"https:\/\/rp-online.de\/thema\/viersen\/\" rel=\"nofollow noopener\" target=\"_blank\">Viersen<\/a> hat sich weiter versch\u00e4rft. In einer Sondersitzung des Arbeitskreises Haushaltskonsolidierung am Montag, 31. August, hat Stadtk\u00e4mmerin Birgit W\u00f6ltering die aktuellen Zahlen vorgestellt und gemeinsam mit den Mitgliedern des Arbeitskreises das weitere Vorgehen beraten. Nach der aktuellen Prognose ist f\u00fcr das Jahr 2026 mit einem Fehlbetrag von rund 49,7 Millionen Euro zu rechnen. F\u00fcr 2027 wird derzeit ein Fehlbetrag von rund 55,2 Millionen Euro erwartet. Auch f\u00fcr die folgenden Jahre geht die aktuelle Prognose von erheblichen Fehlbetr\u00e4gen aus.<\/p>\n","protected":false},"excerpt":{"rendered":"Die finanzielle Situation der Stadt Viersen hat sich weiter versch\u00e4rft. In einer Sondersitzung des Arbeitskreises Haushaltskonsolidierung am Montag,&hellip;\n","protected":false},"author":2,"featured_media":1276621,"comment_status":"","ping_status":"","sticky":false,"template":"","format":"standard","meta":{"footnotes":"","_share_on_mastodon":"0"},"categories":[1849],"tags":[242,4453,15894,44094,3364,29,548,663,3934,108039,263436,30,263437,13,4455,14,15,1209,20794,12,263435,155106,263434,1491,42912],"class_list":["post-1276620","post","type-post","status-publish","format-standard","has-post-thumbnail","category-moenchengladbach","tag-242","tag-4453","tag-aktuelle","tag-aufwendungen","tag-de","tag-deutschland","tag-eu","tag-europa","tag-europe","tag-fehlbetrag","tag-fehlbetraegen","tag-germany","tag-gewerbesteuerprognose","tag-headlines","tag-moenchengladbach","tag-nachrichten","tag-news","tag-nordrhein-westfalen","tag-prognose","tag-schlagzeilen","tag-stadtkaemmerin","tag-versorgungsaufwendungen","tag-woeltering","tag-zahlen","tag-zusaetzliche"],"share_on_mastodon":{"url":"https:\/\/pubeurope.com\/@de\/117203408418675584","error":""},"_links":{"self":[{"href":"https:\/\/www.europesays.com\/de\/wp-json\/wp\/v2\/posts\/1276620","targetHints":{"allow":["GET"]}}],"collection":[{"href":"https:\/\/www.europesays.com\/de\/wp-json\/wp\/v2\/posts"}],"about":[{"href":"https:\/\/www.europesays.com\/de\/wp-json\/wp\/v2\/types\/post"}],"author":[{"embeddable":true,"href":"https:\/\/www.europesays.com\/de\/wp-json\/wp\/v2\/users\/2"}],"replies":[{"embeddable":true,"href":"https:\/\/www.europesays.com\/de\/wp-json\/wp\/v2\/comments?post=1276620"}],"version-history":[{"count":0,"href":"https:\/\/www.europesays.com\/de\/wp-json\/wp\/v2\/posts\/1276620\/revisions"}],"wp:featuredmedia":[{"embeddable":true,"href":"https:\/\/www.europesays.com\/de\/wp-json\/wp\/v2\/media\/1276621"}],"wp:attachment":[{"href":"https:\/\/www.europesays.com\/de\/wp-json\/wp\/v2\/media?parent=1276620"}],"wp:term":[{"taxonomy":"category","embeddable":true,"href":"https:\/\/www.europesays.com\/de\/wp-json\/wp\/v2\/categories?post=1276620"},{"taxonomy":"post_tag","embeddable":true,"href":"https:\/\/www.europesays.com\/de\/wp-json\/wp\/v2\/tags?post=1276620"}],"curies":[{"name":"wp","href":"https:\/\/api.w.org\/{rel}","templated":true}]}}