{"id":1276622,"date":"2026-09-02T20:48:03","date_gmt":"2026-09-02T20:48:03","guid":{"rendered":"https:\/\/www.europesays.com\/de\/1276622\/"},"modified":"2026-09-02T20:48:03","modified_gmt":"2026-09-02T20:48:03","slug":"pol-ge-der-beste-job-der-welt-polizei-gelsenkirchen-begruesst-neue-studentinnen","status":"publish","type":"post","link":"https:\/\/www.europesays.com\/de\/1276622\/","title":{"rendered":"POL-GE: &#8222;Der beste Job der Welt&#8220; &#8211; Polizei Gelsenkirchen begr\u00fc\u00dft neue Studentinnen &#8230;"},"content":{"rendered":"<p class=\"date\">01.09.2026 \u2013 15:01<\/p>\n<p class=\"customer\">\n                        <a class=\"story-customer\" title=\"weiter zum newsroom von Polizei Gelsenkirchen\" href=\"https:\/\/www.presseportal.de\/blaulicht\/nr\/51056\" rel=\"nofollow noopener\" target=\"_blank\">Polizei Gelsenkirchen<\/a>\n                    <\/p>\n<p><a class=\"glightbox event-trigger\" href=\"https:\/\/cache.pressmailing.net\/thumbnail\/story_hires\/a8d39ae3-b584-47d8-a16b-8a5c911dec51\/PPGE_EinstellungneueKA2026.jpg.jpg\" data-description=\"LPD Karsten Plenker \u00fcberreichte die Einstellungsurkunden.\" data-category=\"medialightbox\" data-action=\"click\" data-label=\"single\" data-value=\"6a96cc93270000fd2cc1da33\" rel=\"nofollow noopener\" target=\"_blank\"><img decoding=\"async\" height=\"540\" with=\"720\" src=\"https:\/\/www.europesays.com\/de\/wp-content\/uploads\/2026\/09\/pol-ge-der-beste-job-der-welt-polizei-gelsenkirchen-begr-t-neue-studentinnen-und-studenten.jpeg\"   alt=\"POL-GE: &quot;Der beste Job der Welt&quot; - Polizei Gelsenkirchen begr\u00fc\u00dft neue Studentinnen und Studenten\" class=\"single\"\/><\/a><\/p>\n<p><a data-category=\"citylink-story-view\" data-action=\"click\" data-label=\"Citylink in Meldungsansicht\" class=\"story-city event-trigger\" href=\"https:\/\/www.presseportal.de\/regional\/Gelsenkirchen\" title=\"News aus Gelsenkirchen \" rel=\"nofollow noopener\" target=\"_blank\">Gelsenkirchen<\/a> (ots)<\/p>\n<p>Gut gef\u00fcllte Sitzreihen und eine positiv aufgeregte Stimmung erwarteten den stellvertretenden Beh\u00f6rdenleiter, Leitender Polizeidirektor Karsten Plenker, am Dienstag, 1. September 2026, in der Aula des Max-Planck-Gymnasiums in Gelsenkirchen-Buer. Gemeinsam mit der Leiterin der Direktion Zentrale Aufgaben, Oberregierungsr\u00e4tin Sandra H\u00fcppe, sowie weiteren F\u00fchrungskr\u00e4ften, dem Personalratsvorsitzenden und der Ausbildungsleitung begr\u00fc\u00dfte er hier 254 Frauen und M\u00e4nner im Team der Polizei Nordrhein-Westfalen. Sie alle haben sich f\u00fcr das duale Studium bei der Polizei entschieden, ein herausforderndes Auswahlverfahren bew\u00e4ltigt und wurden heute zu Kommissaranw\u00e4rterinnen und Kommissaranw\u00e4rtern ernannt.<\/p>\n<p>Bei seiner Begr\u00fc\u00dfung betonte der stellvertretende Beh\u00f6rdenleiter, dass die kommende Zeit der Ausbildung sehr fordernd sein werde, aber auch gute Perspektiven bieten wird. &#8222;Das nun anstehende Studium steckt voller vielf\u00e4ltiger Aufgaben, neuen Erfahrungen, vielleicht auch \u00dcberwindungen von \u00c4ngsten, Stress und am Ende mit Sicherheit auch einer Menge Spa\u00df. Ich verspreche Ihnen aber: Am Ende haben Sie einen der besten Jobs, die es gibt!&#8220;<\/p>\n<p>In den kommenden drei Jahren absolvieren die frisch ernannten Beamten ihr Studium an der Hochschule f\u00fcr Polizei und \u00f6ffentliche Verwaltung (HSPV) und erlernen den Polizeiberuf am Landesamt f\u00fcr Aus- und Fortbildung der Polizei NRW sowie in den einzelnen Polizeibeh\u00f6rden. Das Polizeipr\u00e4sidium Gelsenkirchen ist eine von zehn Aus- und Fortbildungsbeh\u00f6rden der Polizei in NRW und zust\u00e4ndig f\u00fcr die Studentinnen und Studenten der Polizeipr\u00e4sidien in Gelsenkirchen, Essen, Recklinghausen und Oberhausen.<\/p>\n<p>Ebenfalls ihre Ausbildung begonnen haben 13 Regierungsinspektoranw\u00e4rterinnen und -anw\u00e4rter. Sie werden durch das Polizeipr\u00e4sidium in Gelsenkirchen zu Verwaltungsbeamtinnen und Verwaltungsbeamten ausgebildet. In den kommenden Tagen erwarten die neuen Studentinnen und Studenten zun\u00e4chst einige Belehrungen und Vortr\u00e4ge, bevor es mit dem Studium an der HSPV losgeht.<\/p>\n<p class=\"contact-headline\">Nachfragen f\u00fcr Journalistinnen und Journalisten:<\/p>\n<p class=\"contact-text\">Polizei Gelsenkirchen<br \/>Kevin Bojahr<br \/>Telefon: +49 (0) 209 365-2013<br \/>E-Mail: <a href=\"https:\/\/www.presseportal.de\/blaulicht\/pm\/51056\/mailto:pressestelle.gelsenkirchen@polizei.nrw.de\" class=\"uri-mailto\" rel=\"nofollow noopener\" target=\"_blank\">pressestelle.gelsenkirchen@polizei.nrw.de<\/a><br \/><a target=\"_blank\" class=\"uri-ext outbound\" rel=\"noopener nofollow\" href=\"https:\/\/gelsenkirchen.polizei.nrw\/\">https:\/\/gelsenkirchen.polizei.nrw\/<\/a><\/p>\n<p class=\"originator\">Original-Content von: Polizei Gelsenkirchen, \u00fcbermittelt durch news aktuell<\/p>\n","protected":false},"excerpt":{"rendered":"01.09.2026 \u2013 15:01 Polizei Gelsenkirchen Gelsenkirchen (ots) Gut gef\u00fcllte Sitzreihen und eine positiv aufgeregte Stimmung erwarteten den stellvertretenden&hellip;\n","protected":false},"author":2,"featured_media":1276623,"comment_status":"","ping_status":"","sticky":false,"template":"","format":"standard","meta":{"footnotes":"","_share_on_mastodon":"0"},"categories":[1848],"tags":[3364,29,548,663,3934,3658,30,13,177,14,15,1209,176,121,178,180,179,181,12],"class_list":["post-1276622","post","type-post","status-publish","format-standard","has-post-thumbnail","category-gelsenkirchen","tag-de","tag-deutschland","tag-eu","tag-europa","tag-europe","tag-gelsenkirchen","tag-germany","tag-headlines","tag-kriminalitt","tag-nachrichten","tag-news","tag-nordrhein-westfalen","tag-nrw","tag-polizei","tag-presse","tag-pressemeldung","tag-pressemitteilung","tag-pressemitteilungen","tag-schlagzeilen"],"share_on_mastodon":{"url":"https:\/\/pubeurope.com\/@de\/117203418208268704","error":""},"_links":{"self":[{"href":"https:\/\/www.europesays.com\/de\/wp-json\/wp\/v2\/posts\/1276622","targetHints":{"allow":["GET"]}}],"collection":[{"href":"https:\/\/www.europesays.com\/de\/wp-json\/wp\/v2\/posts"}],"about":[{"href":"https:\/\/www.europesays.com\/de\/wp-json\/wp\/v2\/types\/post"}],"author":[{"embeddable":true,"href":"https:\/\/www.europesays.com\/de\/wp-json\/wp\/v2\/users\/2"}],"replies":[{"embeddable":true,"href":"https:\/\/www.europesays.com\/de\/wp-json\/wp\/v2\/comments?post=1276622"}],"version-history":[{"count":0,"href":"https:\/\/www.europesays.com\/de\/wp-json\/wp\/v2\/posts\/1276622\/revisions"}],"wp:featuredmedia":[{"embeddable":true,"href":"https:\/\/www.europesays.com\/de\/wp-json\/wp\/v2\/media\/1276623"}],"wp:attachment":[{"href":"https:\/\/www.europesays.com\/de\/wp-json\/wp\/v2\/media?parent=1276622"}],"wp:term":[{"taxonomy":"category","embeddable":true,"href":"https:\/\/www.europesays.com\/de\/wp-json\/wp\/v2\/categories?post=1276622"},{"taxonomy":"post_tag","embeddable":true,"href":"https:\/\/www.europesays.com\/de\/wp-json\/wp\/v2\/tags?post=1276622"}],"curies":[{"name":"wp","href":"https:\/\/api.w.org\/{rel}","templated":true}]}}