{"id":1276629,"date":"2026-09-02T20:53:19","date_gmt":"2026-09-02T20:53:19","guid":{"rendered":"https:\/\/www.europesays.com\/de\/1276629\/"},"modified":"2026-09-02T20:53:19","modified_gmt":"2026-09-02T20:53:19","slug":"radfahrer-bedroht-personen-mit-messer","status":"publish","type":"post","link":"https:\/\/www.europesays.com\/de\/1276629\/","title":{"rendered":"Radfahrer bedroht Personen mit Messer"},"content":{"rendered":"<p><img loading=\"lazy\" decoding=\"async\" src=\"https:\/\/www.europesays.com\/de\/wp-content\/uploads\/2026\/09\/Polizeisymbol-1.jpg\" alt=\"Polizeisymbol\" width=\"900\" height=\"502\" class=\"alignnone size-full wp-image-651849\"  \/>W\u00f6rth am Rhein (ots)\/ Metropolregion Rhein-Neckar. Am Dienstagnachmittag kam es auf dem Radweg zwischen Maximiliansau und Hagenbach, am Ortsausgang von Maximiliansau, zu einer Bedrohung. Nach bisherigen Erkenntnissen geriet ein bislang unbekannter Radfahrer mit mehreren Personen in Streit, da diese den Radweg teilweise blockierten. Im weiteren Verlauf soll der Mann die Personen beleidigt und mit einem Messer bedroht haben. Anschlie\u00dfend entfernte er sich gemeinsam mit seiner Begleiterin auf Fahrr\u00e4dern. Der Tatverd\u00e4chtige wird als etwa 30 Jahre alt, circa 1,85 Meter gro\u00df und sehr sportlich bzw. muskul\u00f6s beschrieben. Er hatte kurze dunkle Haare und einen Dreitagebart und trug eine Sonnenbrille, ein dunkelblaues T-Shirt mit dem Aufdruck \u201eFUCK\u201c auf der R\u00fcckseite, eine dunkle Bauchtasche sowie wei\u00dfe Tennissocken. Er war mit einem dunklen Trekkingrad unterwegs. Bei der Begleiterin soll es sich um eine etwa 30-j\u00e4hrige Frau mit langen dunkelblonden Haaren gehandelt haben. Sie trug ein \u00e4rmelloses wei\u00dfes T-Shirt und eine schwarze Leggings und war mit einem schwarzen Fahrrad der Marke KTM unterwegs.<\/p>\n<p>Die Polizei bittet Zeugen oder Personen, die Hinweise auf die Identit\u00e4t der beiden Personen geben k\u00f6nnen, sich bei der zust\u00e4ndigen Polizeidienststelle zu melden.<\/p>\n<p class=\"post-modified-info\">Zuletzt aktualisiert am 2. September 2026, 20:32<\/p>\n","protected":false},"excerpt":{"rendered":"W\u00f6rth am Rhein (ots)\/ Metropolregion Rhein-Neckar. Am Dienstagnachmittag kam es auf dem Radweg zwischen Maximiliansau und Hagenbach, am&hellip;\n","protected":false},"author":2,"featured_media":1276630,"comment_status":"","ping_status":"","sticky":false,"template":"","format":"standard","meta":{"footnotes":"","_share_on_mastodon":"0"},"categories":[1844],"tags":[11214,1634,41,3364,29,1234,30,32742,14996,8903,1981,25488,25489,14480,23148,121,64435,2465,5206,28951,2127,26148,45816,4996],"class_list":["post-1276629","post","type-post","status-publish","format-standard","has-post-thumbnail","category-karlsruhe","tag-11214","tag-baden-wuerttemberg","tag-bedrohung","tag-de","tag-deutschland","tag-fahrrad","tag-germany","tag-hagenbach","tag-hinweise","tag-karlsruhe","tag-messer","tag-metropolregion","tag-metropolregion-rhein-neckar","tag-neckar","tag-personen","tag-polizei","tag-polizeidienststelle","tag-radfahrer","tag-rhein","tag-rhein-neckar","tag-streit","tag-woerth","tag-woerth-am-rhein","tag-zeugen"],"share_on_mastodon":{"url":"https:\/\/pubeurope.com\/@de\/117203437946758475","error":""},"_links":{"self":[{"href":"https:\/\/www.europesays.com\/de\/wp-json\/wp\/v2\/posts\/1276629","targetHints":{"allow":["GET"]}}],"collection":[{"href":"https:\/\/www.europesays.com\/de\/wp-json\/wp\/v2\/posts"}],"about":[{"href":"https:\/\/www.europesays.com\/de\/wp-json\/wp\/v2\/types\/post"}],"author":[{"embeddable":true,"href":"https:\/\/www.europesays.com\/de\/wp-json\/wp\/v2\/users\/2"}],"replies":[{"embeddable":true,"href":"https:\/\/www.europesays.com\/de\/wp-json\/wp\/v2\/comments?post=1276629"}],"version-history":[{"count":0,"href":"https:\/\/www.europesays.com\/de\/wp-json\/wp\/v2\/posts\/1276629\/revisions"}],"wp:featuredmedia":[{"embeddable":true,"href":"https:\/\/www.europesays.com\/de\/wp-json\/wp\/v2\/media\/1276630"}],"wp:attachment":[{"href":"https:\/\/www.europesays.com\/de\/wp-json\/wp\/v2\/media?parent=1276629"}],"wp:term":[{"taxonomy":"category","embeddable":true,"href":"https:\/\/www.europesays.com\/de\/wp-json\/wp\/v2\/categories?post=1276629"},{"taxonomy":"post_tag","embeddable":true,"href":"https:\/\/www.europesays.com\/de\/wp-json\/wp\/v2\/tags?post=1276629"}],"curies":[{"name":"wp","href":"https:\/\/api.w.org\/{rel}","templated":true}]}}