{"id":1276644,"date":"2026-09-02T21:05:32","date_gmt":"2026-09-02T21:05:32","guid":{"rendered":"https:\/\/www.europesays.com\/de\/1276644\/"},"modified":"2026-09-02T21:05:32","modified_gmt":"2026-09-02T21:05:32","slug":"pure-vorfreude-auf-den-grossen-fcb-robin-fabinski-gegen-kane-co","status":"publish","type":"post","link":"https:\/\/www.europesays.com\/de\/1276644\/","title":{"rendered":"Pure Vorfreude auf den gro\u00dfen FCB: Robin Fabinski gegen Kane &#038; Co."},"content":{"rendered":"<p>02.09.26 &#8211; <strong>F\u00fcr Fu\u00dfballprofi Robin Fabinski l\u00e4uft es richtig gut: Nachdem der 23-j\u00e4hrige geb\u00fcrtige Fuldaer zuletzt eine b\u00e4renstarke Vorstellung beim ersten Saisonsieg seiner Osnabr\u00fccker gegen den VfL Bochum zeigte, wartet nun eine besonders kernige Aufgabe auf ihn und seine Kollegen: Am Mittwochabend gastiert der FC Bayern M\u00fcnchen im Hexenkessel an der Bremer Br\u00fccke.<\/strong><\/p>\n<p>Dass die Bayern beim VfL Osnabr\u00fcck der gro\u00dfe Favorit auf den Einzug in die zweite Runde des DFB-Pokals sind, versteht sich von selbst. N\u00fcchtern betrachtet helfen da auch die Pokalgesetze wenig, oder? Die Osnabr\u00fccker und allen voran Defensivspezialist Robin Fabinski werden alles hineinwerfen, um im Spiel David gegen Goliath die eine Minichance zu nutzen.<br \/>&#13;\n<\/p>\n<p><a class=\"fancybox\" data-fancybox=\"galerie\" data-caption=\"Archivbild: O|N - Robin Fabinski spielte einst bei der Junioren und ein Jahr bei den Senioren der SG Barockstadt Fulda-Lehnerz\" rel=\"on_group\" title=\"Archivbild: O|N - Robin Fabinski spielte einst bei der Junioren und ein Jahr bei den Senioren der SG Barockstadt Fulda-Lehnerz\" href=\"https:\/\/www.europesays.com\/de\/wp-content\/uploads\/2026\/09\/11799103-11776231-11770917-11745646-thumbnail-on-sgb-schablone-robinfabinski-bilder-on-ew1.jpg\"><img decoding=\"async\" class=\"imgbdr\" style=\"max-width: 98%;\" src=\"https:\/\/www.europesays.com\/de\/wp-content\/uploads\/2026\/09\/11799103-11776231-11770917-11745646-thumbnail-on-sgb-schablone-robinfabinski-bilder-on-ew1.jpg\"\/><\/a><\/p>\n<p class=\"img-text\">Robin Fabinski spielte einst bei der Junioren und ein Jahr bei den Senioren der SG Barockstadt &#8230;Archivbild: O|N<\/p>\n<p>&#8222;F\u00fcr die Bayern deutlich unangenehmer&#8220;&#13;<br \/>\nVfL-Trainer Timo Schultz sagt laut der Vorschau der Osnabr\u00fccker auf deren Internetseite: &#8222;Ich glaube, dass das Spiel f\u00fcr die Bayern deutlich unangenehmer ist als jetzt der Auftakt, wo sie f\u00fcnf, sechs Wochen darauf hintrainieren konnten, zu Hause gegen den VfB Stuttgart. Wir wollen und wir werden es den Bayern so schwer wie m\u00f6glich machen. Wir haben nichts zu verlieren in dem Spiel und wissen, dass einiges zusammenkommen muss. Aber das Spiel geht bei 0:0 los, wir starten im Elf gegen Elf und ich bin der festen \u00dcberzeugung, dass im Fu\u00dfball alles m\u00f6glich ist. Das ist ja das Sch\u00f6ne, dass man vorher nie sagen kann, wie es am Ende ausgeht.&#8220;<\/p>\n<p><a class=\"fancybox\" data-fancybox=\"galerie\" data-caption=\"Robin Fabinskis stolze Fans.\" rel=\"on_group\" title=\"Robin Fabinskis stolze Fans.\" href=\"https:\/\/www.europesays.com\/de\/wp-content\/uploads\/2026\/09\/11799103-474438de-ee53-4cb5-b1e3-61b645e7807f-1-201-a.jpeg\"><img decoding=\"async\" class=\"imgbdr\" style=\"max-width: 98%;\" src=\"https:\/\/www.europesays.com\/de\/wp-content\/uploads\/2026\/09\/11799103-474438de-ee53-4cb5-b1e3-61b645e7807f-1-201-a.jpeg\"\/><\/a><\/p>\n<p class=\"img-text\">Robin Fabinskis stolze Fans. <\/p>\n<p>Unterst\u00fctzung erh\u00e4lt Fabinski von seiner Familie. Vater Zbigniew, sein Bruder Kevin sowie zwei Cousins werden am Abend live im Stadion dabei sein. &#8222;Solche Spiele hast Du vielleicht einmal im Leben. Jedes Spiel in der zweiten Liga ist besonders, das sticht nat\u00fcrlich heraus. Die ganze Stadt, jeder Spieler freut sich auf das Duell mit den Bayern&#8220;, sagt Zbigniew Fabinski im <strong>OSTHESSEN|NEWS<\/strong>-Gespr\u00e4ch. Sein Sohn Robin geht mit viel Selbstbewusstsein in diese Partie und hat ein ganz pers\u00f6nliches Ziel: &#8222;Ich m\u00f6chte einmal den Luis Diaz tunneln&#8220;, verr\u00e4t der Papa vom Austausch.<br \/>&#13;\n<\/p>\n<p>Gelingt Robin der Tunnel gegen Diaz?<br \/>\nVoraussichtlich wird es Robin mit eben jenen Diaz zu tun bekommen. Am vergangenen Wochenende gl\u00fcckte die Generalprobe der Osnabr\u00fccker. Sie feierten ausgerechnet im Ruhrstadion in Bochum ihren ersten Ausw\u00e4rtssieg in dieser Zweitligasaison. Fabinski schaffte es sogar in die Kicker-Elf des Tages. &#8222;Wie die gesamte Osnabr\u00fccker Mannschaft zeigte Robin Fabinski am vergangenen Freitag von Beginn an eine engagierte Defensivleistung, was sich auch in den Statistiken widerspiegelt. 24 Zweik\u00e4mpfe und damit die drittmeisten aller Lila-Wei\u00dfen bestritt er und konnte dabei 70,8 Prozent der Duelle f\u00fcr sich entscheiden. Und auch im Aufbauspiel \u00fcbernahm der rechte Innenverteidiger in der defensiven Dreierkette einen entscheidenden Anteil. Mit 43 P\u00e4ssen spielte er die meisten beim VfL, 79,1 Prozent kamen dabei bei seinen Mitspielern an&#8220;, hei\u00dft es dazu auf der Internetseite des VfL. Zu Bochum haben die Fabinskis \u00fcbrigens eine besondere Beziehung. Zbigniew arbeitete vor gut zehn Jahren in der Akademie des VfL, Robin kickte oft mit und schaute sich die Spiele im Ruhrstadion an.<br \/>\n<a class=\"fancybox\" data-fancybox=\"galerie\" data-caption=\"\" rel=\"on_group nofollow noopener\" title=\"\" href=\"https:\/\/oshessen-news.b-cdn.net\/images\/26\/09\/xl\/11799103-6ddf0474-aec7-4d47-8707-a8a41cc54a38-1-201-a.jpeg\" target=\"_blank\"><img decoding=\"async\" class=\"img220 imgh159 imgbdr\" src=\"https:\/\/www.europesays.com\/de\/wp-content\/uploads\/2026\/09\/11799103-6ddf0474-aec7-4d47-8707-a8a41cc54a38-1-201-a.jpeg\"\/><\/a><a class=\"fancybox\" data-fancybox=\"galerie\" data-caption=\"Die Fans von Osnabr\u00fcck \u00fcberzeugen beim Spiel mit einer beeindruckenden Choreo\" rel=\"on_group nofollow noopener\" title=\"Die Fans von Osnabr\u00fcck \u00fcberzeugen beim Spiel mit einer beeindruckenden Choreo\" href=\"https:\/\/oshessen-news.b-cdn.net\/images\/26\/09\/xl\/11799103-68d81b51-ba11-485c-8a07-65e6ec2cdf5f-1-201-a.jpeg\" target=\"_blank\"><img decoding=\"async\" class=\"img220 imgh159 imgbdr\" src=\"https:\/\/www.europesays.com\/de\/wp-content\/uploads\/2026\/09\/11799103-68d81b51-ba11-485c-8a07-65e6ec2cdf5f-1-201-a.jpeg\"\/><\/a><\/p>\n<p class=\"img-text\">Die Fans von Osnabr\u00fcck \u00fcberzeugen beim Spiel mit einer beeindruckenden Choreo &#8230;<\/p>\n<p><a class=\"fancybox\" data-fancybox=\"galerie\" data-caption=\"\" rel=\"on_group nofollow noopener\" title=\"\" href=\"https:\/\/oshessen-news.b-cdn.net\/images\/26\/09\/xl\/11799103-e3bd7119-bd77-407b-94f6-c3990686cd56-1-201-a.jpeg\" target=\"_blank\"><img decoding=\"async\" class=\"img220 imgh159 imgbdr\" src=\"https:\/\/www.europesays.com\/de\/wp-content\/uploads\/2026\/09\/11799103-e3bd7119-bd77-407b-94f6-c3990686cd56-1-201-a.jpeg\"\/><\/a><\/p>\n<p>Die zwei Herzen des Papas&#13;<br \/>\nF\u00fcr seinen Papa ist es aus zweierlei Hinsicht ein au\u00dfergew\u00f6hnliches Match. Als Bayern-Anh\u00e4nger freut er sich, Megastar Michael Oliseh live zu sehen. &#8222;Seine Spielweise, seine Laufwege sind ein Genuss&#8220;, sagt er. Zumindest bei den Heimspielen des VfL ist Papa Fabiski \u00fcbrigens immer dabei und schw\u00e4rmt von der Atmosph\u00e4re. &#8222;Die ganze Stadt ist lila und steht hinter ihrem VfL. Das ist \u00fcberragend. Die Fans sind richtig krank, positiv krank. Hier wird viel f\u00fcr den Fu\u00dfball getan, gerade entsteht ein neues Trainingsgel\u00e4nde&#8220;, sagt Fabinski, der selbst in Warschau und sp\u00e4ter bei Rot-Wei\u00df Erfurt Fu\u00dfball spielte. Auf rund 2.000 Quadratmetern entsteht der VfL-Campus am Schindelberg. Das reine Fu\u00dfballstadion an der Bremer Br\u00fccke fasst rund 16.000 Zuschauer und gilt als eine der Kultst\u00e4tten des deutschen Fu\u00dfballs.<\/p>\n<p><a class=\"fancybox\" data-fancybox=\"galerie\" data-caption=\"\" rel=\"on_group\" title=\"\" href=\"https:\/\/www.europesays.com\/de\/wp-content\/uploads\/2026\/09\/11799103-149ae2ad-cf52-438c-8956-04ea6ce59ac9-1-201-a.jpeg\"><img decoding=\"async\" class=\"imgbdr\" style=\"max-width: 98%;\" src=\"https:\/\/www.europesays.com\/de\/wp-content\/uploads\/2026\/09\/11799103-149ae2ad-cf52-438c-8956-04ea6ce59ac9-1-201-a.jpeg\"\/><\/a><\/p>\n<p>F\u00fcr Robin Fabinski ist es die fu\u00dfballerische Heimat geworden. Seine Karriere begann einst bei der JSG West-Ring in Sickels, sp\u00e4ter wechselte er zu den Junioren der Borussia und folgend der SG Barockstadt Fulda-Lehnerz. Nach einem Jahr in deren Seniorenbereich folgte der n\u00e4chste Schritt nach Rot-Wei\u00df Erfurt. Vor gut einem Jahr wechselte Fabinski an die Bremer Br\u00fccke, schaffte mit seinem Klub den Aufstieg in die Zweite Bundesliga. Und heute Abend folgt der n\u00e4chste H\u00f6hepunkt: Das Pokalspiel gegen den FC Bayern. einige seiner Familie sind auf der Trib\u00fcne live dabei. Auch ihre Herzen werden noch h\u00f6her schlagen, wenn Robin mit Harry Kane, Michael Olise, Luis Diaz und all den anderen Stars aufl\u00e4uft. (Hans-Hubertus Braune) +++ <img loading=\"lazy\" decoding=\"async\" src=\"https:\/\/www.europesays.com\/de\/wp-content\/uploads\/2026\/09\/79e9d24e76c244d3b28228773df927e3.gif\" alt=\"\" width=\"1\" height=\"1\"\/><\/p>\n","protected":false},"excerpt":{"rendered":"02.09.26 &#8211; F\u00fcr Fu\u00dfballprofi Robin Fabinski l\u00e4uft es richtig gut: Nachdem der 23-j\u00e4hrige geb\u00fcrtige Fuldaer zuletzt eine b\u00e4renstarke&hellip;\n","protected":false},"author":2,"featured_media":1276645,"comment_status":"","ping_status":"","sticky":false,"template":"","format":"standard","meta":{"footnotes":"","_share_on_mastodon":"0"},"categories":[1839],"tags":[6193,6195,7507,3364,29,6197,6192,30,2052,1381,14,6196,15,1209,6194],"class_list":["post-1276644","post","type-post","status-publish","format-standard","has-post-thumbnail","category-bochum","tag-alsfeld","tag-bad-hersfeld","tag-bochum","tag-de","tag-deutschland","tag-flieden","tag-fulda","tag-germany","tag-hessen","tag-lauterbach","tag-nachrichten","tag-neuhof","tag-news","tag-nordrhein-westfalen","tag-osthessen"],"share_on_mastodon":{"url":"https:\/\/pubeurope.com\/@de\/117203485551444019","error":""},"_links":{"self":[{"href":"https:\/\/www.europesays.com\/de\/wp-json\/wp\/v2\/posts\/1276644","targetHints":{"allow":["GET"]}}],"collection":[{"href":"https:\/\/www.europesays.com\/de\/wp-json\/wp\/v2\/posts"}],"about":[{"href":"https:\/\/www.europesays.com\/de\/wp-json\/wp\/v2\/types\/post"}],"author":[{"embeddable":true,"href":"https:\/\/www.europesays.com\/de\/wp-json\/wp\/v2\/users\/2"}],"replies":[{"embeddable":true,"href":"https:\/\/www.europesays.com\/de\/wp-json\/wp\/v2\/comments?post=1276644"}],"version-history":[{"count":0,"href":"https:\/\/www.europesays.com\/de\/wp-json\/wp\/v2\/posts\/1276644\/revisions"}],"wp:featuredmedia":[{"embeddable":true,"href":"https:\/\/www.europesays.com\/de\/wp-json\/wp\/v2\/media\/1276645"}],"wp:attachment":[{"href":"https:\/\/www.europesays.com\/de\/wp-json\/wp\/v2\/media?parent=1276644"}],"wp:term":[{"taxonomy":"category","embeddable":true,"href":"https:\/\/www.europesays.com\/de\/wp-json\/wp\/v2\/categories?post=1276644"},{"taxonomy":"post_tag","embeddable":true,"href":"https:\/\/www.europesays.com\/de\/wp-json\/wp\/v2\/tags?post=1276644"}],"curies":[{"name":"wp","href":"https:\/\/api.w.org\/{rel}","templated":true}]}}