{"id":1276669,"date":"2026-09-02T21:20:26","date_gmt":"2026-09-02T21:20:26","guid":{"rendered":"https:\/\/www.europesays.com\/de\/1276669\/"},"modified":"2026-09-02T21:20:26","modified_gmt":"2026-09-02T21:20:26","slug":"pol-du-gemeinsame-pressemitteilung-der-staatsanwaltschaft-duisburg-und-der-polizei-5","status":"publish","type":"post","link":"https:\/\/www.europesays.com\/de\/1276669\/","title":{"rendered":"POL-DU: Gemeinsame Pressemitteilung der Staatsanwaltschaft Duisburg und der Polizei &#8230;"},"content":{"rendered":"<p class=\"date\">02.09.2026 \u2013 14:57<\/p>\n<p class=\"customer\">\n                        <a class=\"story-customer\" title=\"weiter zum newsroom von Polizei Duisburg\" href=\"https:\/\/www.presseportal.de\/blaulicht\/nr\/50510\" rel=\"nofollow noopener\" target=\"_blank\">Polizei Duisburg<\/a>\n                    <\/p>\n<p><a data-category=\"citylink-story-view\" data-action=\"click\" data-label=\"Citylink in Meldungsansicht\" class=\"story-city event-trigger\" href=\"https:\/\/www.presseportal.de\/regional\/Duisburg\" title=\"News aus Duisburg \" rel=\"nofollow noopener\" target=\"_blank\">Duisburg<\/a> (ots)<\/p>\n<p>Mehrere Zeugen alarmierten am Dienstagabend (1. September, 17:55 Uhr) die Polizei und berichteten von einem Schusswechsel auf der Wanheimer Stra\u00dfe in Hochfeld.<\/p>\n<p>Als die Einsatzkr\u00e4fte eintrafen, hatten sich die Beteiligten bereits entfernt. In Tatortn\u00e4he trafen die Beamten jedoch auf einen verletzten 21-J\u00e4hrigen. Rettungskr\u00e4fte brachten ihn zur Behandlung in ein Krankenhaus. Lebensgefahr besteht nicht.<\/p>\n<p>Die Polizisten sperrten die \u00d6rtlichkeit ab und sicherten Spuren. An Fahrzeugen, Hausfassaden und Schaufensterscheiben stellten die Ermittler Einschussl\u00f6cher fest. Zudem konnte im Bereich des Tatortes eine Schusswaffe sichergestellt werden.<\/p>\n<p>Die Staatsanwaltschaft Duisburg wertet die Tat als versuchtes T\u00f6tungsdelikt. Unter Leitung der Staatsanwaltschaft Duisburg hat die Polizei Duisburg eine Mordkommission eingerichtet.<\/p>\n<p>Nach ersten Erkenntnissen soll die sichergestellte Waffe dem verletzten 21-J\u00e4hrigen zuzuordnen sein. Da der Verdacht besteht, dass er selbst an dem Schusswechsel beteiligt war, nahmen die Beamten den deutsch-t\u00fcrkischen Staatsangeh\u00f6rigen vorl\u00e4ufig fest. Auf Antrag der Staatsanwaltschaft Duisburg wurde der 21-J\u00e4hrige am heutigen Dienstag wegen des Verdachts des versuchten Totschlags einem Haftrichter vorgef\u00fchrt, der antragsgem\u00e4\u00df Haftbefehl gegen den Beschuldigten erlie\u00df.<\/p>\n<p>Nach dem derzeitigen Stand der Ermittlungen sollen mindestens zwei Personen an der Tat beteiligt gewesen sein. Die Fahndung nach weiteren Beteiligten dauert an. Die Hintergr\u00fcnde der Auseinandersetzung sind Gegenstand der laufenden Ermittlungen, ebenso m\u00f6gliche Bez\u00fcge in das Rocker- oder Clanmilieu.<\/p>\n<p>Die Ermittler bitten Zeuginnen und Zeugen, die den Schusswechsel beobachtet haben oder Angaben zu beteiligten Personen machen k\u00f6nnen, sich bei der Polizei Duisburg unter der Rufnummer 0203 2800 zu melden.<\/p>\n<p>Personen, die Videos oder Fotos von der Tat gefertigt haben, werden gebeten, diese im Hinweisportal der Polizei unter <a target=\"_blank\" class=\"uri-ext outbound\" rel=\"noopener nofollow\" href=\"https:\/\/nrw.hinweisportal.de\/\">https:\/\/nrw.hinweisportal.de\/<\/a> unter dem Ereignis &#8222;Duisburg: Versuchtes T\u00f6tungsdelikt&#8220; hochzuladen.<\/p>\n<p class=\"contact-headline\">Journalisten wenden sich mit R\u00fcckfragen bitte an:<\/p>\n<p class=\"contact-text\">Polizei Duisburg<br \/>&#8211; Pressestelle &#8211;<br \/>Polizei Duisburg<br \/>Telefon: 0203 280 -1041, -1045, -1046, -1047<br \/>Fax: 0203 280 1049<br \/>E-Mail: <a href=\"https:\/\/www.presseportal.de\/blaulicht\/pm\/50510\/mailto:pressestelle.duisburg@polizei.nrw.de\" class=\"uri-mailto\" rel=\"nofollow noopener\" target=\"_blank\">pressestelle.duisburg@polizei.nrw.de<\/a><br \/><a target=\"_blank\" class=\"uri-ext outbound\" rel=\"noopener nofollow\" href=\"https:\/\/duisburg.polizei.nrw\">https:\/\/duisburg.polizei.nrw<\/a><\/p>\n<p>au\u00dferhalb der B\u00fcrodienstzeiten:<br \/>Polizei Duisburg<br \/>Telefon: 0203 2800<\/p>\n<p class=\"originator\">Original-Content von: Polizei Duisburg, \u00fcbermittelt durch news aktuell<\/p>\n","protected":false},"excerpt":{"rendered":"02.09.2026 \u2013 14:57 Polizei Duisburg Duisburg (ots) Mehrere Zeugen alarmierten am Dienstagabend (1. September, 17:55 Uhr) die Polizei&hellip;\n","protected":false},"author":2,"featured_media":1266941,"comment_status":"","ping_status":"","sticky":false,"template":"","format":"standard","meta":{"footnotes":"","_share_on_mastodon":"0"},"categories":[1838],"tags":[3364,29,3715,30,177,1209,176,121,178,180,179,181],"class_list":["post-1276669","post","type-post","status-publish","format-standard","has-post-thumbnail","category-duisburg","tag-de","tag-deutschland","tag-duisburg","tag-germany","tag-kriminalitt","tag-nordrhein-westfalen","tag-nrw","tag-polizei","tag-presse","tag-pressemeldung","tag-pressemitteilung","tag-pressemitteilungen"],"share_on_mastodon":{"url":"https:\/\/pubeurope.com\/@de\/117203541970807569","error":""},"_links":{"self":[{"href":"https:\/\/www.europesays.com\/de\/wp-json\/wp\/v2\/posts\/1276669","targetHints":{"allow":["GET"]}}],"collection":[{"href":"https:\/\/www.europesays.com\/de\/wp-json\/wp\/v2\/posts"}],"about":[{"href":"https:\/\/www.europesays.com\/de\/wp-json\/wp\/v2\/types\/post"}],"author":[{"embeddable":true,"href":"https:\/\/www.europesays.com\/de\/wp-json\/wp\/v2\/users\/2"}],"replies":[{"embeddable":true,"href":"https:\/\/www.europesays.com\/de\/wp-json\/wp\/v2\/comments?post=1276669"}],"version-history":[{"count":0,"href":"https:\/\/www.europesays.com\/de\/wp-json\/wp\/v2\/posts\/1276669\/revisions"}],"wp:featuredmedia":[{"embeddable":true,"href":"https:\/\/www.europesays.com\/de\/wp-json\/wp\/v2\/media\/1266941"}],"wp:attachment":[{"href":"https:\/\/www.europesays.com\/de\/wp-json\/wp\/v2\/media?parent=1276669"}],"wp:term":[{"taxonomy":"category","embeddable":true,"href":"https:\/\/www.europesays.com\/de\/wp-json\/wp\/v2\/categories?post=1276669"},{"taxonomy":"post_tag","embeddable":true,"href":"https:\/\/www.europesays.com\/de\/wp-json\/wp\/v2\/tags?post=1276669"}],"curies":[{"name":"wp","href":"https:\/\/api.w.org\/{rel}","templated":true}]}}