{"id":1276670,"date":"2026-09-02T21:22:31","date_gmt":"2026-09-02T21:22:31","guid":{"rendered":"https:\/\/www.europesays.com\/de\/1276670\/"},"modified":"2026-09-02T21:22:31","modified_gmt":"2026-09-02T21:22:31","slug":"duisburg-trio-ueberfaellt-53-jaehrigen-mann-und-macht-reiche-beute","status":"publish","type":"post","link":"https:\/\/www.europesays.com\/de\/1276670\/","title":{"rendered":"Duisburg: Trio \u00fcberf\u00e4llt 53-j\u00e4hrigen Mann und macht reiche Beute"},"content":{"rendered":"<p class=\"text_ohne_einzug richtext text-em-55 !leading-serif mx-6 desktop:mx-0\">  Ein 53-j\u00e4hriger Mann ist am sp\u00e4ten Sonntagabend (30. August, 23.10 Uhr) auf der Nahestra\u00dfe im Wasserviertel von einem Trio beraubt worden. Der Mann berichtete der <a href=\"https:\/\/rp-online.de\/thema\/polizei\/\" rel=\"nofollow noopener\" target=\"_blank\">Polizei<\/a>, dass er von einem der M\u00e4nner in den Schwitzkasten genommen wurde. Die T\u00e4ter h\u00e4tten ihm eine hochwertige Luxus-Armbanduhr vom Handgelenk gerissen und seine Aktentasche entwendet.<\/p>\n<p class=\"richtext text-em-55 !leading-serif mx-6 desktop:mx-0\">Darin h\u00e4tten sich unter anderem diverse Dokumente und Bankkarten befunden. Au\u00dferdem h\u00e4tten die M\u00e4nner zwei Schl\u00fcsselbunde, den Autoschl\u00fcssel sowie das Mobiltelefon des 53-J\u00e4hrigen an sich genommen. Mit ihrer Beute seien sie anschlie\u00dfend in Richtung Opernplatz gefl\u00fcchtet. Der 53-J\u00e4hrige erlitt bei dem Raub leichte Verletzungen.<\/p>\n<p class=\"richtext text-em-55 !leading-serif mx-6 desktop:mx-0\">Die drei M\u00e4nner werden auf 20 bis 25 Jahre gesch\u00e4tzt und sollen jeweils ein Tuch vor der unteren Gesichtsh\u00e4lfte getragen haben. Einen der bislang Unbekannten konnte der Duisburger genauer beschreiben, da er ihn bereits vor dem Raub in H\u00f6he eines dortigen Imbisses gesehen habe: Der Mann sei etwa 1,75 bis 1,85 Meter gro\u00df, habe eine braune Wildlederjacke getragen und schwarze, l\u00e4ngere, nach hinten gek\u00e4mmte Haare gehabt. Ein weiterer T\u00e4ter habe eine Glatze gehabt und einen grauen Pullover getragen.<\/p>\n<p class=\"richtext text-em-55 !leading-serif mx-6 desktop:mx-0\">Das Kriminalkommissariat 13 hat die Ermittlungen aufgenommen und sucht Zeugen, die Angaben zu dem Trio oder zum Tatgeschehen machen k\u00f6nnen. Hinweise nimmt die Polizei <a href=\"https:\/\/rp-online.de\/thema\/duisburg\/\" rel=\"nofollow noopener\" target=\"_blank\">Duisburg<\/a> unter der Rufnummer 0203 2800 entgegen.<\/p>\n","protected":false},"excerpt":{"rendered":"Ein 53-j\u00e4hriger Mann ist am sp\u00e4ten Sonntagabend (30. August, 23.10 Uhr) auf der Nahestra\u00dfe im Wasserviertel von einem&hellip;\n","protected":false},"author":2,"featured_media":1276671,"comment_status":"","ping_status":"","sticky":false,"template":"","format":"standard","meta":{"footnotes":"","_share_on_mastodon":"0"},"categories":[1838],"tags":[94943,3364,29,3715,30,18273,5402,22360,1209,4576,214620,5089,15902],"class_list":["post-1276670","post","type-post","status-publish","format-standard","has-post-thumbnail","category-duisburg","tag-beraubt","tag-de","tag-deutschland","tag-duisburg","tag-germany","tag-jaehriger","tag-maenner","tag-mobiltelefon","tag-nordrhein-westfalen","tag-raub","tag-raubt","tag-taeter","tag-trio"],"share_on_mastodon":{"url":"https:\/\/pubeurope.com\/@de\/117203549820386494","error":""},"_links":{"self":[{"href":"https:\/\/www.europesays.com\/de\/wp-json\/wp\/v2\/posts\/1276670","targetHints":{"allow":["GET"]}}],"collection":[{"href":"https:\/\/www.europesays.com\/de\/wp-json\/wp\/v2\/posts"}],"about":[{"href":"https:\/\/www.europesays.com\/de\/wp-json\/wp\/v2\/types\/post"}],"author":[{"embeddable":true,"href":"https:\/\/www.europesays.com\/de\/wp-json\/wp\/v2\/users\/2"}],"replies":[{"embeddable":true,"href":"https:\/\/www.europesays.com\/de\/wp-json\/wp\/v2\/comments?post=1276670"}],"version-history":[{"count":0,"href":"https:\/\/www.europesays.com\/de\/wp-json\/wp\/v2\/posts\/1276670\/revisions"}],"wp:featuredmedia":[{"embeddable":true,"href":"https:\/\/www.europesays.com\/de\/wp-json\/wp\/v2\/media\/1276671"}],"wp:attachment":[{"href":"https:\/\/www.europesays.com\/de\/wp-json\/wp\/v2\/media?parent=1276670"}],"wp:term":[{"taxonomy":"category","embeddable":true,"href":"https:\/\/www.europesays.com\/de\/wp-json\/wp\/v2\/categories?post=1276670"},{"taxonomy":"post_tag","embeddable":true,"href":"https:\/\/www.europesays.com\/de\/wp-json\/wp\/v2\/tags?post=1276670"}],"curies":[{"name":"wp","href":"https:\/\/api.w.org\/{rel}","templated":true}]}}