{"id":1276672,"date":"2026-09-02T21:24:20","date_gmt":"2026-09-02T21:24:20","guid":{"rendered":"https:\/\/www.europesays.com\/de\/1276672\/"},"modified":"2026-09-02T21:24:20","modified_gmt":"2026-09-02T21:24:20","slug":"groesster-innenstadt-flohmarkt-deutschlands-steht-bevor-er-findet-in-bayern-statt-4","status":"publish","type":"post","link":"https:\/\/www.europesays.com\/de\/1276672\/","title":{"rendered":"Gr\u00f6\u00dfter Innenstadt-Flohmarkt Deutschlands steht bevor \u2013 er findet in Bayern statt"},"content":{"rendered":"<ol class=\"id-DonaldBreadcrumb lp_west_breadcrumb id-DonaldBreadcrumb--default\" data-k5a-pos=\"west_breadcrumb\">\n<li class=\"id-Breadcrumb-item\"><a href=\"https:\/\/www.tz.de\/\" class=\"id-Breadcrumb-link\" data-id-ec=\"{\" shn=\"\" textlink=\"\" data-k5a-pos=\"1_tz\" rel=\"nofollow noopener\" target=\"_blank\">tz<\/a><\/li>\n<li class=\"id-Breadcrumb-item\"><a href=\"https:\/\/www.tz.de\/bayern\/\" class=\"id-Breadcrumb-link\" data-id-ec=\"{\" shn=\"\" textlink=\"\" data-k5a-pos=\"2_bayern\" rel=\"nofollow noopener\" target=\"_blank\">Bayern<\/a><\/li>\n<\/ol>\n<p class=\"id-Story-timestamp id-Story-timestamp--default\">Stand: 02.09.2026, 19:00 Uhr<\/p>\n<p class=\"id-Story-authors id-Story-authors--default\">Von: <a class=\"id-Story-authors-link lp_west_author\" href=\"https:\/\/www.tz.de\/autor\/felix-herz-qexc92dmc.html\" title=\"Zur Autorenseite von Felix Herz\" data-id-ec=\"{\" shn=\"\" author-link=\"\" herz=\"\" data-k5a-pos=\"west_author\" rel=\"nofollow noopener\" target=\"_blank\">Felix Herz<\/a><\/p>\n<p class=\"id-Story-interactionBar id-Story-interactionBar--default\">DruckenTeilen<\/p>\n<p><a href=\"https:\/\/profile.google.com\/cp\/CgsvZy8xMjB0M3MydBoA\" class=\"id-Story-googleFollowButton id-Story-googleFollowButton--default\" target=\"_blank\" data-id-ec=\"{\" shn=\"\" google-follow=\"\" auf=\"\" google=\"\" folgen=\"\" rel=\"nofollow noopener\">Uns auf Google folgen<\/a><img decoding=\"async\" class=\"id-RatioPlaceholder-element wv_story_el_image\" src=\"https:\/\/www.europesays.com\/de\/wp-content\/uploads\/2026\/08\/43895779-bald-findet-deutschlands-groesster-innenstadt-flohmarkt-statt-2rWdeYRIDW7a.jpg\" loading=\"eager\" fetchpriority=\"high\"   height=\"792\" width=\"1408\" alt=\"Bald findet Deutschlands gr&#xF6;&#xDF;ter Innenstadt-Flohmarkt statt.\"\/>Bald findet Deutschlands gr\u00f6\u00dfter Innenstadt-Flohmarkt statt. \u00a9\u00a0IMAGO \/ imagebroker<\/p>\n<p class=\"id-StoryElement-leadText\">Im September verwandelt sich die N\u00fcrnberger Altstadt in den gr\u00f6\u00dften Innenstadt-Flohmarkt Deutschlands. 600 St\u00e4nde und bis zu 200.000 Besucher werden erwartet.<\/p>\n<p class=\"id-StoryElement-paragraph\">N\u00fcrnberg \u2013 Mitte September steht ein echtes Highlight f\u00fcr Schn\u00e4ppchenj\u00e4ger und Tr\u00f6del-Fans an. Die komplette N\u00fcrnberger Altstadt wird dann zum riesigen Flohmarkt \u2013 mit Hunderten St\u00e4nden und einer gewaltigen Besucherzahl. Der Trempelmarkt z\u00e4hlt zu den bekanntesten M\u00e4rkten in ganz <a href=\"https:\/\/www.merkur.de\/bayern\/\" class=\"id-import-Link id-pageApi-Link--externalDomain\" title=\"Bayern\" data-id-ec=\"{&quot;sht&quot;:&quot;Container&quot;,&quot;shn&quot;:&quot;Story&quot;,&quot;p&quot;:{&quot;containerType&quot;:&quot;Paragraph&quot;,&quot;displayType&quot;:&quot;Paragraph InlineLink&quot;,&quot;type&quot;:&quot;INLINE_LINK&quot;,&quot;value&quot;:&quot;Bayern&quot;,&quot;variant&quot;:&quot;standardLink&quot;,&quot;sponsored&quot;:false,&quot;linkHref&quot;:&quot;https:\/\/www.merkur.de\/bayern\/&quot;,&quot;storyElementPosition&quot;:8,&quot;storyElementCount&quot;:16}}\" rel=\"nofollow noopener\" target=\"_blank\">Bayern<\/a>.<\/p>\n<ul class=\"id-StoryElement-list id-StoryElement-list--unordered\">\n<li class=\"id-StoryElement-list-item\">Der N\u00fcrnberger Trempelmarkt findet am 11. und 12. September in der N\u00fcrnberger Innenstadt statt.<\/li>\n<li class=\"id-StoryElement-list-item\">Rund 600 St\u00e4nde locken bis zu 200.000 Besucher in die Gassen der Altstadt.<\/li>\n<li class=\"id-StoryElement-list-item\">Sowohl private als auch professionelle H\u00e4ndler bieten dort ihre Waren an.<\/li>\n<\/ul>\n<p>Trempelmarkt N\u00fcrnberg: Ganze Altstadt wird zum Flohmarkt<\/p>\n<p class=\"id-StoryElement-paragraph\">Am Wochenende des 11. und 12. September \u00f6ffnet der N\u00fcrnberger Trempelmarkt erneut seine Pforten \u2013 Deutschlands gr\u00f6\u00dfter Innenstadt-Flohmarkt. \u201eDer Trempelmarkt ist ein Paradies f\u00fcr Antiquit\u00e4ten-Liebhaber und Schn\u00e4ppchenj\u00e4ger&#8220;, schreibt die Stadt <a href=\"https:\/\/www.merkur.de\/bayern\/nuernberg\/\" class=\"id-import-Link id-pageApi-Link--externalDomain\" title=\"N&#xFC;rnberg\" data-id-ec=\"{&quot;sht&quot;:&quot;Container&quot;,&quot;shn&quot;:&quot;Story&quot;,&quot;p&quot;:{&quot;containerType&quot;:&quot;Paragraph&quot;,&quot;displayType&quot;:&quot;Paragraph InlineLink&quot;,&quot;type&quot;:&quot;INLINE_LINK&quot;,&quot;value&quot;:&quot;N&#xFC;rnberg&quot;,&quot;variant&quot;:&quot;standardLink&quot;,&quot;sponsored&quot;:false,&quot;linkHref&quot;:&quot;https:\/\/www.merkur.de\/bayern\/nuernberg\/&quot;,&quot;storyElementPosition&quot;:12,&quot;storyElementCount&quot;:16}}\" rel=\"nofollow noopener\" target=\"_blank\">N\u00fcrnberg<\/a> in ihrer Ank\u00fcndigung. \u201eAn rund 600 St\u00e4nden bieten professionelle H\u00e4ndler und private Tr\u00f6dler ihre Kostbarkeiten an und locken bis zu 200.000 Besucher in die Gassen der Altstadt&#8220;, hei\u00dft es weiter. Kein anderer Innenstadt-Flohmarkt in Deutschland erreicht diese Dimensionen.<\/p>\n<p class=\"id-StoryElement-paragraph\"><strong>Auch Privatpersonen k\u00f6nnen beim Trempelmarkt als Verk\u00e4ufer teilnehmen \u2013 die Nachfrage ist allerdings enorm. Deshalb wurde laut Stadt N\u00fcrnberg in diesem Jahr \u201eeine zus\u00e4tzliche Verkaufszone in der Mitte des Hauptmarkts eingerichtet&#8220;. Jeder Verkaufsplatz umfasst zw\u00f6lf Quadratmeter. \u201eDamit m\u00f6glichst viele Bewerberinnen und Bewerber zum Zug kommen, wird pro Person nur eine Karte vergeben&#8220;, erkl\u00e4rt die Stadt. Am Freitag, 11. September, l\u00e4uft der Markt von 16 bis 24 Uhr, am Samstag, 12. September, von 7 bis 20 Uhr. Weitere Informationen und FAQs finden sich auf der N\u00fcrnberger Website.<\/strong><\/p>\n<p>Anreise zum Trempelmarkt: Stadt N\u00fcrnberg empfiehlt den Nahverkehr<\/p>\n<p class=\"id-StoryElement-paragraph\">Weil der Flohmarkt mitten in der Altstadt stattfindet, r\u00e4t die Stadt N\u00fcrnberg zur Anfahrt mit \u00f6ffentlichen Verkehrsmitteln. \u201eGeeignete Zielhaltestellen sind der Hauptbahnhof, die U\u2011Bahn-Haltestellen Lorenzkirche (aktuell nur eingeschr\u00e4nkt barrierefrei) und Wei\u00dfer Turm sowie diverse Bushaltestellen.&#8220; Wer dennoch das Auto nehmen muss, solle \u201eunbedingt die Park- und Halteregeln vor Ort beachten&#8220;. (Quelle: Stadt N\u00fcrnberg), (fhz)<\/p>\n","protected":false},"excerpt":{"rendered":"tz Bayern Stand: 02.09.2026, 19:00 Uhr Von: Felix Herz DruckenTeilen Uns auf Google folgenBald findet Deutschlands gr\u00f6\u00dfter Innenstadt-Flohmarkt&hellip;\n","protected":false},"author":2,"featured_media":1270426,"comment_status":"","ping_status":"","sticky":false,"template":"","format":"standard","meta":{"footnotes":"","_share_on_mastodon":"0"},"categories":[1837],"tags":[772,3364,29,30,3783],"class_list":["post-1276672","post","type-post","status-publish","format-standard","has-post-thumbnail","category-nuernberg","tag-bayern","tag-de","tag-deutschland","tag-germany","tag-nuernberg"],"share_on_mastodon":{"url":"https:\/\/pubeurope.com\/@de\/117203559778984509","error":""},"_links":{"self":[{"href":"https:\/\/www.europesays.com\/de\/wp-json\/wp\/v2\/posts\/1276672","targetHints":{"allow":["GET"]}}],"collection":[{"href":"https:\/\/www.europesays.com\/de\/wp-json\/wp\/v2\/posts"}],"about":[{"href":"https:\/\/www.europesays.com\/de\/wp-json\/wp\/v2\/types\/post"}],"author":[{"embeddable":true,"href":"https:\/\/www.europesays.com\/de\/wp-json\/wp\/v2\/users\/2"}],"replies":[{"embeddable":true,"href":"https:\/\/www.europesays.com\/de\/wp-json\/wp\/v2\/comments?post=1276672"}],"version-history":[{"count":0,"href":"https:\/\/www.europesays.com\/de\/wp-json\/wp\/v2\/posts\/1276672\/revisions"}],"wp:featuredmedia":[{"embeddable":true,"href":"https:\/\/www.europesays.com\/de\/wp-json\/wp\/v2\/media\/1270426"}],"wp:attachment":[{"href":"https:\/\/www.europesays.com\/de\/wp-json\/wp\/v2\/media?parent=1276672"}],"wp:term":[{"taxonomy":"category","embeddable":true,"href":"https:\/\/www.europesays.com\/de\/wp-json\/wp\/v2\/categories?post=1276672"},{"taxonomy":"post_tag","embeddable":true,"href":"https:\/\/www.europesays.com\/de\/wp-json\/wp\/v2\/tags?post=1276672"}],"curies":[{"name":"wp","href":"https:\/\/api.w.org\/{rel}","templated":true}]}}