{"id":1276683,"date":"2026-09-02T21:36:12","date_gmt":"2026-09-02T21:36:12","guid":{"rendered":"https:\/\/www.europesays.com\/de\/1276683\/"},"modified":"2026-09-02T21:36:12","modified_gmt":"2026-09-02T21:36:12","slug":"hansewasser-bad-bremer-schwimmbaeder-befinden-sich-im-wandel","status":"publish","type":"post","link":"https:\/\/www.europesays.com\/de\/1276683\/","title":{"rendered":"Hansewasser-Bad: Bremer Schwimmb\u00e4der befinden sich im Wandel"},"content":{"rendered":"<ul>\n<li>In Bremen-Nord besteht laut Sportsenatorin Eva H\u00f6gl (SPD) gro\u00dfer Sanierungsbedarf, besonders beim Freizeitbad Vegesack; ein moderner Ersatzneubau hat \u201eabsolute Priorit\u00e4t\u201c.<\/li>\n<li>Das Hansewasser-Bad wird zum 30. September geschlossen und an SV Werder Bremen verkauft. Kritik gab es wegen ungekl\u00e4rter Folgefragen f\u00fcr Vereine und Verb\u00e4nde.<\/li>\n<li>BBG plant breitere wirtschaftliche Ausrichtung, etwa durch Kursangebote und Wellnessbereiche. \u00d6ffentliche B\u00e4der bleiben Zuschussgesch\u00e4ft; Zukunft der Infrastruktur weiter diskutiert.<\/li>\n<\/ul>\n<p>            Mehr anzeigen<br \/>\n            Weniger anzeigen<\/p>\n<p>Die Zukunft der Bremer Schwimmb\u00e4der stand in der Sportdeputation am Mittwoch erneut zur Diskussion. Dabei ging es nicht nur um den geplanten Verkauf des <a href=\"https:\/\/www.weser-kurier.de\/thema\/hansewasser-q24505441\/\" rel=\"nofollow noopener\" target=\"_blank\">Hansewasser<\/a>-Bads, sondern grunds\u00e4tzlich um die Frage, wie tragf\u00e4hig die Bremer Schwimmbadinfrastruktur in den kommenden Jahren noch ist \u2013 vor allem in Bremen-Nord.<\/p>\n<p>Besonders gro\u00df ist der Handlungsdruck nach Angaben von Sportsenatorin Eva H\u00f6gl (SPD) beim Freizeitbad Vegesack. Dort bestehe der gr\u00f6\u00dfte Sanierungs- und Erweiterungsbedarf \u2013 ein Ersatzneubau als modernes Freizeit- und Familienbad soll nun entstehen. H\u00f6gl sprach dabei von &#8222;absoluter Priorit\u00e4t&#8220;. Gr\u00fcnen-Politikerin Maike Sch\u00e4fer verlieh dem Nachdruck, indem sie erkl\u00e4rte: &#8222;Das Westbad ist f\u00fcr uns in Bremen-Nord keine Alternative.&#8220;<\/p>\n<p>Viel zu tun im Norden<\/p>\n<p>Neben dem Neubau in Vegesack nannte das Ressort weitere Baustellen im Norden: den Erhalt und Ausbau des Bades Blumenthal sowie das Badprojekt in der ehemaligen Fliegerhalle, f\u00fcr das laut H\u00f6gl zeitnah Gespr\u00e4che in Berlin \u00fcber m\u00f6gliche Bundesmittel gef\u00fchrt werden sollen. Bevorzugt werde dabei eine L\u00f6sung unter dem Dach der Bremer B\u00e4der GmbH (BBG).<\/p>\n<p>BBG-Gesch\u00e4ftsf\u00fchrer Daniel van Ballegoy warb in der Deputation daf\u00fcr, den Bedarf nicht allein in Quadratmetern Wasserfl\u00e4che zu messen. Entscheidend sei auch die Qualit\u00e4t der Angebote. Als Beispiel nannte er das Westbad, das mit unterschiedlichen Becken und Hubb\u00f6den auf eine bessere Nutzung ausgelegt sei. Sein Ansatz: eher Qualit\u00e4t als blo\u00dfe Quantit\u00e4t.<\/p>\n<p>Beim Schulschwimmen sei Bremen grunds\u00e4tzlich weiter gut aufgestellt. Van Ballegoy betonte, jede Schulklasse habe 45 Minuten Wasserzeit \u2013 unabh\u00e4ngig vom Anfahrtsweg. Im bundesweiten Vergleich sei man damit &#8222;vorne mit dabei&#8220;. Laut Senatsvorlage gibt es ein zu 100 Prozent fl\u00e4chendeckendes Angebot f\u00fcr Grundschulen, auch die Jahrg\u00e4nge f\u00fcnf und sechs w\u00fcrden weitgehend erreicht.<\/p>\n<p>Werder kauft Hansewasser-Bad<\/p>\n<p>Ein weiterer Punkt der Sitzung war das Hansewasser-Bad. Das bislang von Schulen und Vereinen genutzte Bad wird zum 30. September schlie\u00dfen. Hintergrund ist der geplante Verkauf an den SV <a href=\"https:\/\/www.weser-kurier.de\/thema\/werder-bremen-q2560150\/\" rel=\"nofollow noopener\" target=\"_blank\">Werder Bremen<\/a>. Der Kaufpreis liegt nach Informationen unserer Deichstube bei 500.000 Euro brutto, netto bei gut 420.000 Euro. 378.000 Euro entfallen auf Geb\u00e4ude und Grundst\u00fcck, weitere 50.000 Euro auf ein zehnj\u00e4hriges Nutzungsrecht au\u00dferhalb der Freibadsaison.<\/p>\n<p>Kritisiert wurde in der Deputation, dass f\u00fcr Vereine und Verb\u00e4nde, die das Hansewasser-Bad bisher genutzt haben, noch nicht alle Folgefragen gel\u00f6st seien. Marco L\u00fcbke (CDU) sagte: &#8222;Es ist legitim, ein Bad zu schlie\u00dfen. Dann muss man f\u00fcr Ersatz sorgen.&#8220; Das sei seiner Ansicht nach nicht geschehen. Eva Quante-Brandt, Pr\u00e4sidentin des Landessportbunds, forderte mehr Zeit f\u00fcr praktikable Alternativen. Laut BBG-Chef sind aber mit dem Landesschwimmverband Anschlussangebote abgesprochen worden: &#8222;Meines Erachtens haben wir L\u00f6sungen gefunden.&#8220;<\/p>\n<p>Zugleich arbeitet die BBG daran, ihre B\u00e4der wirtschaftlich breiter aufzustellen. Diskutiert wurden dabei mehr Kursangebote, Digitalisierung, eine bessere Auslastungssteuerung sowie erg\u00e4nzende Angebote wie Gastronomie, Sauna und Wellness. Gerade in Vegesack sieht die BBG Entwicklungspotenzial. Van Ballegoy stellte dort einen gr\u00f6\u00dferen Bereich &#8222;in Richtung Sauna, Therme&#8220; in Aussicht, der Leuchtturmcharakter f\u00fcr den Bremer Norden entwickeln k\u00f6nne und zus\u00e4tzliche Einnahmen bringen soll. Zugleich machte die BBG deutlich, dass sich solche Konzepte nur rechnen, wenn sie eine gewisse Gr\u00f6\u00dfe erreichen. Klar ist aber auch: \u00d6ffentliche B\u00e4der bleiben ein Zuschussgesch\u00e4ft \u2013 und die Debatte \u00fcber ihre Zukunft d\u00fcrfte Bremen weiter besch\u00e4ftigen.<\/p>\n<p>                        <a href=\"https:\/\/www.weser-kurier.de\/\" id=\"home\" class=\"button primary-primary font-size-15_1 m-0a customEvent\" data-layer-event-name=\"customEvent\" data-layer-trigger=\"click\" data-layer-category=\"artikelscoring\" data-layer-action=\"startseite_button\" data-layer-label=\"doc87fe5dvqt346fg3d7ps\" data-layer-value=\"https:\/\/www.weser-kurier.de\/bremen\/politik\/1\" rel=\"nofollow noopener\" target=\"_blank\">Zur Startseite<\/a><\/p>\n","protected":false},"excerpt":{"rendered":"In Bremen-Nord besteht laut Sportsenatorin Eva H\u00f6gl (SPD) gro\u00dfer Sanierungsbedarf, besonders beim Freizeitbad Vegesack; ein moderner Ersatzneubau hat&hellip;\n","protected":false},"author":2,"featured_media":1276684,"comment_status":"","ping_status":"","sticky":false,"template":"","format":"standard","meta":{"footnotes":"","_share_on_mastodon":"0"},"categories":[1824],"tags":[2420,3364,29,30],"class_list":["post-1276683","post","type-post","status-publish","format-standard","has-post-thumbnail","category-bremen","tag-bremen","tag-de","tag-deutschland","tag-germany"],"share_on_mastodon":{"url":"https:\/\/pubeurope.com\/@de\/117203605080005754","error":""},"_links":{"self":[{"href":"https:\/\/www.europesays.com\/de\/wp-json\/wp\/v2\/posts\/1276683","targetHints":{"allow":["GET"]}}],"collection":[{"href":"https:\/\/www.europesays.com\/de\/wp-json\/wp\/v2\/posts"}],"about":[{"href":"https:\/\/www.europesays.com\/de\/wp-json\/wp\/v2\/types\/post"}],"author":[{"embeddable":true,"href":"https:\/\/www.europesays.com\/de\/wp-json\/wp\/v2\/users\/2"}],"replies":[{"embeddable":true,"href":"https:\/\/www.europesays.com\/de\/wp-json\/wp\/v2\/comments?post=1276683"}],"version-history":[{"count":0,"href":"https:\/\/www.europesays.com\/de\/wp-json\/wp\/v2\/posts\/1276683\/revisions"}],"wp:featuredmedia":[{"embeddable":true,"href":"https:\/\/www.europesays.com\/de\/wp-json\/wp\/v2\/media\/1276684"}],"wp:attachment":[{"href":"https:\/\/www.europesays.com\/de\/wp-json\/wp\/v2\/media?parent=1276683"}],"wp:term":[{"taxonomy":"category","embeddable":true,"href":"https:\/\/www.europesays.com\/de\/wp-json\/wp\/v2\/categories?post=1276683"},{"taxonomy":"post_tag","embeddable":true,"href":"https:\/\/www.europesays.com\/de\/wp-json\/wp\/v2\/tags?post=1276683"}],"curies":[{"name":"wp","href":"https:\/\/api.w.org\/{rel}","templated":true}]}}