{"id":1276686,"date":"2026-09-02T21:39:29","date_gmt":"2026-09-02T21:39:29","guid":{"rendered":"https:\/\/www.europesays.com\/de\/1276686\/"},"modified":"2026-09-02T21:39:29","modified_gmt":"2026-09-02T21:39:29","slug":"letzter-feierabendmarkt-am-rathaus-auf-was-sich-besucher-freuen-koennen-wir-lieben-bottrop","status":"publish","type":"post","link":"https:\/\/www.europesays.com\/de\/1276686\/","title":{"rendered":"Letzter Feierabendmarkt am Rathaus: Auf was sich Besucher freuen k\u00f6nnen \u2013 Wir lieben Bottrop"},"content":{"rendered":"<p>\t\t\t\t\t\t\t<img fetchpriority=\"high\" width=\"2560\" height=\"1922\" src=\"https:\/\/www.europesays.com\/de\/wp-content\/uploads\/2026\/04\/Feierabendmarkt-230426-14-scaled.jpeg\" class=\"attachment-full size-full wp-post-image\" alt=\"\" decoding=\"async\"  \/><\/p>\n<p class=\"has-small-font-size\">Fotos: Fabian Mende<\/p>\n<p>Am Donnerstag steht auf dem Bottroper Rathausplatz noch einmal der Feierabend im Mittelpunkt: Am\u00a0<strong>3. September 2026<\/strong>\u00a0findet dort die\u00a0<strong>letzte Feierabendmarkt-Ausgabe der Saison 2026 am Rathaus<\/strong>\u00a0statt. Ab\u00a0<strong>16 Uhr<\/strong>\u00a0verwandelt sich der Ernst-Wilczok-Platz erneut in einen Treffpunkt mit Essen, Getr\u00e4nken, Musik und verschiedenen Organisationen aus der Stadt.<\/p>\n<p>Kulinarisch ist die Auswahl auch zum Abschluss noch einmal breit aufgestellt. Von Currywurst und UFO-Burgern \u00fcber Falafel und polnische Spezialit\u00e4ten bis zu Bowls, Cr\u00eapes und Flammkuchen ist einiges angek\u00fcndigt. F\u00fcr die musikalische Begleitung sorgt erneut\u00a0<strong>DJ Tistone<\/strong>.<\/p>\n<p>Von Currywurst \u00fcber UFO-Burger bis zu Piroggen<\/p>\n<p>Klassische Imbissgerichte gibt es bei\u00a0<strong>Illona Rauhuts Grillimbiss<\/strong>\u00a0mit Pommes, Bratwurst und Currywurst.\u00a0<strong>Haileys Leckereien<\/strong>\u00a0bringt die bekannten UFO-Burger mit, die s\u00fc\u00df, herzhaft oder w\u00fcrzig angeboten werden.<\/p>\n<p>Der\u00a0<strong>Ruba Trailer<\/strong>\u00a0ist mit Falafel, Manakish \u2013 einer arabischen Pizza \u2013, Nuggets und Pommes vertreten. Bei\u00a0<strong>Bienecks Piroggen<\/strong>\u00a0stehen polnische Spezialit\u00e4ten im Mittelpunkt.<\/p>\n<p>Neu beziehungsweise ebenfalls angek\u00fcndigt ist\u00a0<strong>Fantas Bowl<\/strong>\u00a0mit Bowls aus Reis und Gem\u00fcse.\u00a0<strong>Beatrix S\u00f6hngen<\/strong>\u00a0bietet Cr\u00eapes und Flammkuchen an.<\/p>\n<p><img decoding=\"async\" data-id=\"91923\" src=\"https:\/\/www.wir-lieben-bottrop.de\/wp-content\/uploads\/2026\/05\/IMG_7182.heic\" alt=\"\" class=\"wp-image-91923\"\/><\/p>\n<p><img loading=\"lazy\" decoding=\"async\" width=\"2048\" height=\"2560\" data-id=\"91154\" src=\"https:\/\/www.europesays.com\/de\/wp-content\/uploads\/2026\/09\/Feierabendmarkt-230426-22-scaled.jpeg\" alt=\"\" class=\"wp-image-91154\"  \/><\/p>\n<p><img loading=\"lazy\" decoding=\"async\" width=\"2005\" height=\"1438\" data-id=\"91147\" src=\"https:\/\/www.europesays.com\/de\/wp-content\/uploads\/2026\/09\/Feierabendmarkt-230426-11-scaled-e1780422468929.jpeg\" alt=\"\" class=\"wp-image-91147\"  \/><\/p>\n<p>Restaurant Rosa, La Casa Sicilia und Mr und Mrs Gourmet<\/p>\n<p>Auch mehrere bekannte gastronomische Anbieter sind beim letzten Rathausmarkt der Saison vertreten. Das\u00a0<strong>Restaurant Rosa<\/strong>\u00a0bringt Spezialit\u00e4ten mit, w\u00e4hrend\u00a0<strong>Mr und Mrs Gourmet<\/strong>\u00a0einen wechselnden Mittagstisch sowie Wein anbieten.<\/p>\n<p>Bei\u00a0<strong>La Casa Sicilia<\/strong>\u00a0gibt es Antipasti sowie K\u00e4se- und Wurstteller. Dazu wird Wein ausgeschenkt. F\u00fcr weitere Getr\u00e4nke sorgen\u00a0<strong>DieWeinbar<\/strong>\u00a0mit Wein,\u00a0<strong>La Cabana<\/strong>\u00a0mit Cocktails und\u00a0<strong>Aperitivo<\/strong>\u00a0mit Aperitifs.<\/p>\n<p>Vereine und Organisationen beim Feierabendmarkt in Bottrop<\/p>\n<p>Der Feierabendmarkt besteht auch diesmal nicht ausschlie\u00dflich aus Gastronomie. Mehrere Vereine, Einrichtungen und Organisationen haben ihre Teilnahme angek\u00fcndigt.<\/p>\n<p>Mit dabei sind die\u00a0<strong>Feuerwehr Bottrop und der Bev\u00f6lkerungsschutz<\/strong>, die\u00a0<strong>JKG<\/strong>, die\u00a0<strong>VHS<\/strong>, die\u00a0<strong>SPD<\/strong>, die\u00a0<strong>Stadt Bottrop mit Informationen zum Mobilit\u00e4tskonzept<\/strong>\u00a0sowie die\u00a0<strong>Global Dance Studios<\/strong>.<\/p>\n<p>Damit gibt es auf dem Rathausplatz neben Essen und Getr\u00e4nken auch verschiedene Informations- und Mitmachangebote.<\/p>\n<p>DJ Tistone begleitet den letzten Rathausmarkt 2026<\/p>\n<p>Musikalisch begleitet\u00a0<strong>DJ Tistone<\/strong>\u00a0die Veranstaltung. Damit setzt der Feierabendmarkt zum Abschluss der Rathausplatz-Termine noch einmal auf die Mischung aus Street Food, Getr\u00e4nken, Musik und Begegnung mitten in der Bottroper Innenstadt.<\/p>\n<p>Der Markt wird von der\u00a0<strong>Sparkasse Bottrop pr\u00e4sentiert<\/strong>.<\/p>\n<p>Feierabendmarkt Bottrop: Die wichtigsten Infos<\/p>\n<p><strong>Was:<\/strong>\u00a0Letzter Feierabendmarkt auf dem Rathausplatz 2026<br \/><strong>Wann:<\/strong>\u00a0Donnerstag, 3. September 2026<br \/><strong>Beginn:<\/strong>\u00a0ab 16 Uhr<br \/><strong>Wo:<\/strong>\u00a0Ernst-Wilczok-Platz 1 \/ Rathausplatz, Bottrop<br \/><strong>Mit dabei:<\/strong>\u00a0Gastronomie, Getr\u00e4nke, Vereine, Organisationen und DJ Tistone<\/p>\n<p>Wer den Feierabendmarkt am Rathaus in diesem Jahr noch einmal besuchen m\u00f6chte, hat damit am Donnerstag die letzte Gelegenheit der Saison 2026.<\/p>\n<p class=\"has-small-font-size\">teilweise mithilfe von KI generiert<\/p>\n<p>Weitere Artikel, die dich interessieren k\u00f6nnten<\/p>\n","protected":false},"excerpt":{"rendered":"Fotos: Fabian Mende Am Donnerstag steht auf dem Bottroper Rathausplatz noch einmal der Feierabend im Mittelpunkt: Am\u00a03. September&hellip;\n","protected":false},"author":2,"featured_media":983000,"comment_status":"","ping_status":"","sticky":false,"template":"","format":"standard","meta":{"footnotes":"","_share_on_mastodon":"0"},"categories":[1834],"tags":[3364,29,3688,30,1209],"class_list":["post-1276686","post","type-post","status-publish","format-standard","has-post-thumbnail","category-essen","tag-de","tag-deutschland","tag-essen","tag-germany","tag-nordrhein-westfalen"],"share_on_mastodon":{"url":"https:\/\/pubeurope.com\/@de\/117203617672894972","error":""},"_links":{"self":[{"href":"https:\/\/www.europesays.com\/de\/wp-json\/wp\/v2\/posts\/1276686","targetHints":{"allow":["GET"]}}],"collection":[{"href":"https:\/\/www.europesays.com\/de\/wp-json\/wp\/v2\/posts"}],"about":[{"href":"https:\/\/www.europesays.com\/de\/wp-json\/wp\/v2\/types\/post"}],"author":[{"embeddable":true,"href":"https:\/\/www.europesays.com\/de\/wp-json\/wp\/v2\/users\/2"}],"replies":[{"embeddable":true,"href":"https:\/\/www.europesays.com\/de\/wp-json\/wp\/v2\/comments?post=1276686"}],"version-history":[{"count":0,"href":"https:\/\/www.europesays.com\/de\/wp-json\/wp\/v2\/posts\/1276686\/revisions"}],"wp:featuredmedia":[{"embeddable":true,"href":"https:\/\/www.europesays.com\/de\/wp-json\/wp\/v2\/media\/983000"}],"wp:attachment":[{"href":"https:\/\/www.europesays.com\/de\/wp-json\/wp\/v2\/media?parent=1276686"}],"wp:term":[{"taxonomy":"category","embeddable":true,"href":"https:\/\/www.europesays.com\/de\/wp-json\/wp\/v2\/categories?post=1276686"},{"taxonomy":"post_tag","embeddable":true,"href":"https:\/\/www.europesays.com\/de\/wp-json\/wp\/v2\/tags?post=1276686"}],"curies":[{"name":"wp","href":"https:\/\/api.w.org\/{rel}","templated":true}]}}