{"id":1276687,"date":"2026-09-02T21:41:32","date_gmt":"2026-09-02T21:41:32","guid":{"rendered":"https:\/\/www.europesays.com\/de\/1276687\/"},"modified":"2026-09-02T21:41:32","modified_gmt":"2026-09-02T21:41:32","slug":"bergheim-ermittler-finden-sechs-abschussvorrichtungen","status":"publish","type":"post","link":"https:\/\/www.europesays.com\/de\/1276687\/","title":{"rendered":"Bergheim: Ermittler finden sechs Abschussvorrichtungen"},"content":{"rendered":"<p>Essen\/Bergheim (dpa) &#8211; Nach der St\u00f6rung an einem Umspannwerk in Bergheim bei K\u00f6ln haben die Ermittler sechs Abschussvorrichtungen in einem Feld gefunden. Es sei davon auszugehen, dass diese Vorrichtungen so gebaut waren, um mit pyrotechnische Gegenst\u00e4nden einen Draht in die H\u00f6he \u00fcber die Stromleitungen zu f\u00fchren, sagte der Leitende Kriminaldirektor Michael Esser.<\/p>\n<p>Aus Sicht des ermittelnden Oberstaatsanwalts Ulrich Bremer sind die in dem Maisfeld gefundenen Vorrichtungen ein \u00abganz starkes Indiz f\u00fcr das Vorliegen einer vors\u00e4tzlichen Straftat\u00bb. In der Folge seien mehrere Kraftwerksbl\u00f6cke abgeschaltet worden, die lebenswichtige Versorgung der Bev\u00f6lkerung sei dadurch bedroht gewesen. Das Verfahren werde wegen des Anfangsverdachts der verfassungsfeindlichen Sabotage und wegen der St\u00f6rung \u00f6ffentlicher Betriebe gef\u00fchrt, so Bremer.<\/p>\n<p>Ermittler sehen Parallelen zu Fall in Brandenburg<\/p>\n<p>Es werde aktuell in alle Richtungen ermittelt, betonte er. Unter anderem werde ein Zusammenhang mit dem j\u00fcngsten Vorfall in Brandenburg gepr\u00fcft. Dort laufen ebenfalls Ermittlungen wegen Sabotage, nachdem Unbekannte am Dienstag nahe dem Kohlekraftwerk J\u00e4nschwalde versucht hatten, Kurzschl\u00fcsse an H\u00f6chstspannungsleitungen auszul\u00f6sen. In zwei F\u00e4llen gelang das nach Beh\u00f6rdenangaben.<\/p>\n<p>Nach ersten Ermittlungen gebe es in beiden F\u00e4llen vergleichbare Hinweise, sagte Kriminaldirektor Esser. So seien in beiden F\u00e4llen offenbar pyrotechnische Gegenst\u00e4nde gefunden worden. Da es denkbar sei, dass sie bereits vor l\u00e4ngerer Zeit unbemerkt auf das Feld gebracht worden seien, hoffe man nun auf Hinweise aus der Bev\u00f6lkerung.<\/p>\n<p>Den Ermittlern zufolge sollen Abschussvorrichtungen auch auf m\u00f6gliche DNA-Spuren hin ausgewertet werden. Zum jetzigen Zeitpunkt gebe es keine konkreten T\u00e4terhinweise, so Esser.<\/p>\n","protected":false},"excerpt":{"rendered":"Essen\/Bergheim (dpa) &#8211; Nach der St\u00f6rung an einem Umspannwerk in Bergheim bei K\u00f6ln haben die Ermittler sechs Abschussvorrichtungen&hellip;\n","protected":false},"author":2,"featured_media":1276688,"comment_status":"","ping_status":"","sticky":false,"template":"","format":"standard","meta":{"footnotes":"","_share_on_mastodon":"0"},"categories":[1834],"tags":[3364,29,3688,30,1209],"class_list":["post-1276687","post","type-post","status-publish","format-standard","has-post-thumbnail","category-essen","tag-de","tag-deutschland","tag-essen","tag-germany","tag-nordrhein-westfalen"],"share_on_mastodon":{"url":"https:\/\/pubeurope.com\/@de\/117203624626334766","error":""},"_links":{"self":[{"href":"https:\/\/www.europesays.com\/de\/wp-json\/wp\/v2\/posts\/1276687","targetHints":{"allow":["GET"]}}],"collection":[{"href":"https:\/\/www.europesays.com\/de\/wp-json\/wp\/v2\/posts"}],"about":[{"href":"https:\/\/www.europesays.com\/de\/wp-json\/wp\/v2\/types\/post"}],"author":[{"embeddable":true,"href":"https:\/\/www.europesays.com\/de\/wp-json\/wp\/v2\/users\/2"}],"replies":[{"embeddable":true,"href":"https:\/\/www.europesays.com\/de\/wp-json\/wp\/v2\/comments?post=1276687"}],"version-history":[{"count":0,"href":"https:\/\/www.europesays.com\/de\/wp-json\/wp\/v2\/posts\/1276687\/revisions"}],"wp:featuredmedia":[{"embeddable":true,"href":"https:\/\/www.europesays.com\/de\/wp-json\/wp\/v2\/media\/1276688"}],"wp:attachment":[{"href":"https:\/\/www.europesays.com\/de\/wp-json\/wp\/v2\/media?parent=1276687"}],"wp:term":[{"taxonomy":"category","embeddable":true,"href":"https:\/\/www.europesays.com\/de\/wp-json\/wp\/v2\/categories?post=1276687"},{"taxonomy":"post_tag","embeddable":true,"href":"https:\/\/www.europesays.com\/de\/wp-json\/wp\/v2\/tags?post=1276687"}],"curies":[{"name":"wp","href":"https:\/\/api.w.org\/{rel}","templated":true}]}}