{"id":1276696,"date":"2026-09-02T21:48:18","date_gmt":"2026-09-02T21:48:18","guid":{"rendered":"https:\/\/www.europesays.com\/de\/1276696\/"},"modified":"2026-09-02T21:48:18","modified_gmt":"2026-09-02T21:48:18","slug":"duesseldorf-zwei-freundinnen-bauen-buedchen-in-miniaturform-nach","status":"publish","type":"post","link":"https:\/\/www.europesays.com\/de\/1276696\/","title":{"rendered":"D\u00fcsseldorf: Zwei Freundinnen bauen B\u00fcdchen in Miniaturform nach"},"content":{"rendered":"<p class=\"text_ohne_einzug richtext text-em-55 !leading-serif mx-6 desktop:mx-0\">Wer schon mal bei einem B\u00fcdchen war, wei\u00df, dass die Auswahl ganz sch\u00f6n gro\u00df sein kann. Getr\u00e4nke, Zeitschriften, Zigaretten oder S\u00fc\u00dfes \u2013 all das kann dort auf schnellem Weg gekauft werden. Um die Kultur und Gemeinschaft zu feiern, die rund um die B\u00fcdchen entsteht, wird am kommenden Wochenende wieder der D\u00fcsseldorfer B\u00fcdchentag veranstaltet. Auf eine ganz andere Art und Weise haben sich Birgit Mathias und Eva-Maria Seeberger mit B\u00fcdchen besch\u00e4ftigt. Bei den beiden Freundinnen geht das weit \u00fcber einen Tag hinaus, denn sie haben klassische Kioske in Miniaturform gebaut, im Ma\u00dfstab 1:12. Damit alle Gr\u00f6\u00dfen realit\u00e4tsgetreu passen, muss also ganz sch\u00f6n viel gerechnet werden.<\/p>\n<p class=\"richtext text-em-55 !leading-serif mx-6 desktop:mx-0\">Wie alles, was die beiden Miniaturisten bauen, sind die B\u00fcdchen mit viel Liebe zum Detail entstanden. Es liegen kleine Zeitungen aus, Getr\u00e4nkedosen g\u00e4ngiger Marken stehen im Fenster, ein Rheinbahnticket kann erworben werden und eine gro\u00dfe Auswahl an S\u00fc\u00dfigkeiten ist verf\u00fcgbar. Das alles aber eben in kleiner Gr\u00f6\u00dfe. So, wie Birgit Mathias das Geb\u00e4ude konstruiert hat, kann man sogar die Verkaufsfenster \u00f6ffnen. \u201eWenn man bei null anf\u00e4ngt, also den Rohbau baut und die vielen Details im Inneren macht, ist man mindestens vier Tage besch\u00e4ftigt\u201c, erg\u00e4nzt Eva-Maria Seeberger. Die Miniaturisten wissen, dass man so ein Projekt nicht schnell abschlie\u00dfen kann, sondern immer mehr Ideen hinzukommen.<\/p>\n<p class=\"richtext text-em-55 !leading-serif mx-6 desktop:mx-0\">Ein weiteres Projekt pr\u00e4sentiert Mathias stolz auf einer Fensterbank ihres Hauses. Es ist ein Wochenmarkt mit Br\u00f6tchen und Baguettes, einem B\u00fccherwagen, Obst und Gem\u00fcse, einem K\u00e4sestand, einer Bank und einem Blumenstand. Dieser Markt sei mit der Zeit immer weiter gewachsen, \u00e4hnlich steht er auch in Seebergers Zuhause. Bei der Umsetzung sind sie v\u00f6llig frei, auch wenn das Projekt \u00e4hnlich ist. Das Oberthema ist dann der Wochenmarkt, wie sie das umsetzen, entscheiden sie jeweils selbst. Im Winter wird die Deko getauscht: \u201eDann stellen wir den Weihnachtsmarkt raus\u201c, erz\u00e4hlen die Freundinnen.<\/p>\n<p class=\"richtext text-em-55 !leading-serif mx-6 desktop:mx-0\">Was 1997 als Hobby begann, ist mittlerweile, seit die beiden in <a href=\"https:\/\/rp-online.de\/thema\/rente\/\" rel=\"nofollow noopener\" target=\"_blank\">Rente<\/a> sind, viel mehr als das. Sie treffen sich zum Basteln, tauschen sich aus, entwickeln zusammen Ideen und f\u00fchren Workshops und sogar ganze Miniatur-Wochenenden durch. Heute beschreiben sie sich als beste Freundinnen und verbringen viel Zeit miteinander, machen gemeinsam Urlaub und feiern Familienanl\u00e4sse zusammen. Kennengelernt haben sie sich allerdings urspr\u00fcnglich nicht beim Erstellen von Miniaturen, sondern beim Bauen von Puppenh\u00e4usern. Seeberger lud damals andere D\u00fcsseldorferinnen ein, die wie sie Spa\u00df daran hatten. Eine von ihnen war Mathias und dar\u00fcber lernten sie sich kennen und freundeten sich an. Bei einem Ausflug nach England lernten sie das Konzept der Bastelgruppen f\u00fcr Miniaturen kennen und beschlossen, ebenfalls eine solche Gruppe ins Leben zu rufen.<\/p>\n<p>Bastelgruppe verbindet Miniaturisten seit Jahren      <\/p>\n<p class=\"richtext text-em-55 !leading-serif mx-6 desktop:mx-0\">So gr\u00fcndeten die Freundinnen 2009 eine Bastelgruppe f\u00fcr Miniaturisten, die sich seitdem jeden zweiten Monat trifft \u2013 und im Juli zum 100. Mal stattfand. Insgesamt elf Menschen mit dem gleichen Hobby treffen sich dort regelm\u00e4\u00dfig, tauschen sich aus und geben sich gegenseitig Tipps. Das Hobby habe au\u00dferdem geholfen, neue handwerkliche Fertigkeiten zu erlernen, die im Kleinen und im Gro\u00dfen genutzt werden k\u00f6nnen. Derzeit arbeiten die beiden parallel an einem 50er-Jahre-Haus, das sie unterschiedlich einrichten und mit ihren eigenen Erinnerungen f\u00fcllen. \u201eDas Wichtigste ist, eine Geschichte mit der Miniatur-Szene zu erz\u00e4hlen und das authentisch zu zeigen\u201c, sagt Mathias.<\/p>\n<p class=\"richtext text-em-55 !leading-serif mx-6 desktop:mx-0\">Bevor sie in Rente gingen, arbeiteten Birgit Mathias als Juristin und Eva-Maria Seeberger als Logistikleiterin. So sei damals deutlich weniger Zeit f\u00fcr das Hobby gewesen, seit ihrer Rente basteln, malen und bauen die Freundinnen deutlich mehr. Unter anderem haben sie ein Miniaturisten-Wochenende ins Leben gerufen, an dem verschiedene Workshops veranstaltet werden. Zu dem Wochenende im Oktober kommen in diesem Jahr auch Miniatur-Fans aus D\u00e4nemark, der <a href=\"https:\/\/rp-online.de\/thema\/schweiz\/\" rel=\"nofollow noopener\" target=\"_blank\">Schweiz<\/a> und den unterschiedlichsten Ecken Deutschlands.<\/p>\n<p class=\"richtext text-em-55 !leading-serif mx-6 desktop:mx-0\">Aber zur\u00fcck zu den B\u00fcdchen. Erst vor wenigen Wochen haben sie ihre Anleitung an eine Freundin gegeben, die nun auch einen Kiosk in Miniaturform zu Hause stehen hat. Nicht alle Varianten sind gleich, manche wurden auch mit einem K\u00fchlschrank oder als Strandkiosk erweitert. Wer an diesem Wochenende lieber normalgro\u00dfe statt besonders kleine B\u00fcdchen sehen m\u00f6chte, hat dazu stadtweit die M\u00f6glichkeit. Zum zehnten Geburtstag des B\u00fcdchentages, der 2016 seine Premiere feierte, ist einiges geplant. In diesem Jahr wird unter dem Motto \u201eAll City\u201c gefeiert, rund 70 B\u00fcdchen im Stadtgebiet sind dabei und haben sich besondere Aktionen f\u00fcr den 5. September \u00fcberlegt. In diesem Jahr werden wieder zahlreiche B\u00fcdchenbetreiber, DJ-Kollektive, Bands, K\u00fcnstler, Institutionen und lokale Initiativen dabei sein. Und wer die B\u00fcdchen in sein eigenes Zuhause bringen m\u00f6chte, kann sich sicherlich einige Tipps bei Birgit Mathias und Eva-Maria Seeberger abholen.<\/p>\n","protected":false},"excerpt":{"rendered":"Wer schon mal bei einem B\u00fcdchen war, wei\u00df, dass die Auswahl ganz sch\u00f6n gro\u00df sein kann. Getr\u00e4nke, Zeitschriften,&hellip;\n","protected":false},"author":2,"featured_media":1276697,"comment_status":"","ping_status":"","sticky":false,"template":"","format":"standard","meta":{"footnotes":"","_share_on_mastodon":"0"},"categories":[1831],"tags":[34885,82633,40310,74042,3364,29,3405,11365,85984,30,9588,18481,15766,263447,263445,1209,263446,12043],"class_list":["post-1276696","post","type-post","status-publish","format-standard","has-post-thumbnail","category-duesseldorf","tag-auswahl","tag-birgit","tag-buedchen","tag-buedchentag","tag-de","tag-deutschland","tag-duesseldorf","tag-eva","tag-freundinnen","tag-germany","tag-markt","tag-mathias","tag-miniatur","tag-miniaturform","tag-miniaturisten","tag-nordrhein-westfalen","tag-seeberger","tag-wochenmarkt"],"share_on_mastodon":{"url":"https:\/\/pubeurope.com\/@de\/117203652089590173","error":""},"_links":{"self":[{"href":"https:\/\/www.europesays.com\/de\/wp-json\/wp\/v2\/posts\/1276696","targetHints":{"allow":["GET"]}}],"collection":[{"href":"https:\/\/www.europesays.com\/de\/wp-json\/wp\/v2\/posts"}],"about":[{"href":"https:\/\/www.europesays.com\/de\/wp-json\/wp\/v2\/types\/post"}],"author":[{"embeddable":true,"href":"https:\/\/www.europesays.com\/de\/wp-json\/wp\/v2\/users\/2"}],"replies":[{"embeddable":true,"href":"https:\/\/www.europesays.com\/de\/wp-json\/wp\/v2\/comments?post=1276696"}],"version-history":[{"count":0,"href":"https:\/\/www.europesays.com\/de\/wp-json\/wp\/v2\/posts\/1276696\/revisions"}],"wp:featuredmedia":[{"embeddable":true,"href":"https:\/\/www.europesays.com\/de\/wp-json\/wp\/v2\/media\/1276697"}],"wp:attachment":[{"href":"https:\/\/www.europesays.com\/de\/wp-json\/wp\/v2\/media?parent=1276696"}],"wp:term":[{"taxonomy":"category","embeddable":true,"href":"https:\/\/www.europesays.com\/de\/wp-json\/wp\/v2\/categories?post=1276696"},{"taxonomy":"post_tag","embeddable":true,"href":"https:\/\/www.europesays.com\/de\/wp-json\/wp\/v2\/tags?post=1276696"}],"curies":[{"name":"wp","href":"https:\/\/api.w.org\/{rel}","templated":true}]}}