{"id":1276698,"date":"2026-09-02T21:49:20","date_gmt":"2026-09-02T21:49:20","guid":{"rendered":"https:\/\/www.europesays.com\/de\/1276698\/"},"modified":"2026-09-02T21:49:20","modified_gmt":"2026-09-02T21:49:20","slug":"sat-1-enthuellt-in-duesseldorf-die-10-neuen-kandidaten-fuer-promi-big-brother","status":"publish","type":"post","link":"https:\/\/www.europesays.com\/de\/1276698\/","title":{"rendered":"Sat.1 enth\u00fcllt in D\u00fcsseldorf die 10 neuen Kandidaten f\u00fcr &#8222;Promi Big Brother&#8220;"},"content":{"rendered":"\n<p class=\"wp-block-paragraph\">In D\u00fcsseldorf w\u00e4chst die neue Promi-WG: Bei einer VIP-Indoor-Gartenparty stellte Sat.1 zehn Kandidaten der 14. Staffel vor. Durch den Abend f\u00fchrte Phil Daub (60), die markante Stimme der Sendung. Insgesamt ziehen 13 Stars ein.<\/p>\n<p class=\"wp-block-paragraph\">Vier Namen waren bereits bekannt: No-Angels-S\u00e4ngerin Nadja Benaissa (44), Box-Legende Axel Schulz (57), Ex-Fu\u00dfballer Christian Lell (41) und Gastronom Ren\u00e9 \u201eRedo\u201c Dost (57). Nun bekommt die Runde weitere schillernde Verst\u00e4rkung.<\/p>\n<blockquote class=\"wp-block-quote is-style-default is-layout-flow wp-block-quote-is-layout-flow\" style=\"padding-right:var(--wp--preset--spacing--60);padding-left:var(--wp--preset--spacing--60)\"><p> \ud83d\udccc \u201ePromi Big Brother\u201c 2026  <\/p>\n<ul class=\"wp-block-list has-small-font-size\">\n<li><strong>Start<\/strong>: 5. Oktober um 20.15 Uhr bei Sat.1 und auf Joyn. <\/li>\n<li><strong>Dauer<\/strong>: Zwei Wochen lang l\u00e4uft die Show t\u00e4glich zur Primetime. <\/li>\n<li><strong>Konzept: <\/strong>Die 13 Bewohner werden rund um die Uhr beobachtet und k\u00e4mpfen in Challenges gegeneinander. Die Promis setzen sich gegenseitig auf die Nominierungsliste, die Zuschauer entscheiden, wer bleibt und wer geht. <\/li>\n<li><strong>Gewinn<\/strong>: 100.000 Euro.<\/li>\n<\/ul>\n<\/blockquote>\n<p>\t\t Big Brother holt diese Promis <\/p>\n<p class=\"wp-block-paragraph\">Schauspieler Gedeon Burkhard (57) feiert sein Reality-Deb\u00fct. Bekannt wurde er unter anderem durch \u201eKommissar Rex\u201c, au\u00dferdem spielte er in einem Tarantino-Film. Seine Begr\u00fcndung: \u201eIch bin alt und brauche das Geld. Man hat mich oft angefragt, jetzt habe ich einfach mal Ja gesagt\u201c, zitiert ihn die Bild. <\/p>\n<p class=\"wp-block-paragraph\">Axel Schulz wurde in den 1990er-Jahren zum Box-Liebling. Der fr\u00fchere Schwergewichtler k\u00e4mpfte gegen Weltstars wie George Foreman (\u202076). Mit seiner Teilnahme sucht er eine neue Herausforderung. Zugleich m\u00f6chte der 57-J\u00e4hrige auch j\u00fcngeren Menschen wieder ein Begriff werden.<\/p>\n<p> <img loading=\"lazy\" decoding=\"async\" height=\"681\" width=\"1024\" src=\"https:\/\/www.europesays.com\/de\/wp-content\/uploads\/2026\/09\/imago818959788.jpg\" alt=\"Axel Schulz\" class=\"wp-image-302150717\"  \/>Axel Schulz macht bei Promi Big Brother mit. Foto: IMAGO\/STAR-MEDIA<\/p>\n<p class=\"wp-block-paragraph\">Georgina \u201eGia\u201c Stumpf (36) will bei Big Brother aus dem Schatten ihres Ex-Partners Sido treten. \u201eEs ist jetzt mal Zeit, mich von seinem Namen zu l\u00f6sen. Ich m\u00f6chte mich davon l\u00f6sen, denn ich bin davon gebrandmarkt.\u201c<\/p>\n<p> Neustart bei Big Brother <\/p>\n<p class=\"wp-block-paragraph\">Ebenfalls mit dabei ist der selbsternannte L\u00f6we Maurice Dziwak, der schon bei vielen Reality-Formaten losgebr\u00fcllt hat. Bei den Zuschauern galt er oft als einer der TV-Lieblinge, bei \u201ePromi Big Brother\u201c auch?<\/p>\n<p class=\"wp-block-paragraph\">Tiktok-Star Nina Bridney kennen vor allem die j\u00fcngeren Zuschauer. Nun m\u00f6chte sie bei \u201ePromi Big Brother\u201c neue Seiten pr\u00e4sentieren. M\u00e4nner-Model Godfrey Egbon (34) war zuletzt bei GNTM zu sehen. Heidi Klum nahm ihn mit bis ins Finale.<\/p>\n<p class=\"wp-block-paragraph\">Nadja Benaissa pr\u00e4gte mit den No Angels die Popmusik der 2000er-Jahre. Bis heute steht sie regelm\u00e4\u00dfig auf der B\u00fchne. Auch bei \u201eLet\u2019s Dance\u201c war sie schon dabei, nun sucht sie ihre n\u00e4chste Herausforderung im Promi-Knast. <\/p>\n<p class=\"wp-block-paragraph\">Noch mehr News:<\/p>\n<p class=\"wp-block-paragraph\">Francesca Morgese (28) gewann den Schweizer \u201eBachelor\u201c und war dort bei \u201eAre You The One?\u201c zu sehen. Dieses Mal sucht sie nicht die Liebe, sondern die Gunst der Zuschauer, um das gro\u00dfe Geld in H\u00f6he von 100.000 Euro mitzunehmen. <\/p>\n<p class=\"wp-block-paragraph\">Ren\u00e9 \u201eRedo\u201c Dost kennt die deutsche Party- und Gastronomieszene bestens. Reality-Fans sahen den XXL-Gastronomen bereits an der Seite von Claudia Obert. Nun wird sich der 57-J\u00e4hrige mit seinen neuen Mitbewohnern arrangieren m\u00fcssen. <\/p>\n<p class=\"wp-block-paragraph\">Und zu guter Letzt ist auch noch ein ehemaliger Fu\u00dfball-Profi dabei. Christian Lell spielte f\u00fcr den FC Bayern M\u00fcnchen und Hertha BSC. Auch nach seiner Bundesliga-Karriere machte er Schlagzeilen. Bei Promi Big Brother will der 41-J\u00e4hrige nun \u00fcber Themen sprechen, zu denen er lange schwieg.<\/p>\n","protected":false},"excerpt":{"rendered":"In D\u00fcsseldorf w\u00e4chst die neue Promi-WG: Bei einer VIP-Indoor-Gartenparty stellte Sat.1 zehn Kandidaten der 14. Staffel vor. Durch&hellip;\n","protected":false},"author":2,"featured_media":1276699,"comment_status":"","ping_status":"","sticky":false,"template":"","format":"standard","meta":{"footnotes":"","_share_on_mastodon":"0"},"categories":[1831],"tags":[3364,29,3405,30,1209],"class_list":["post-1276698","post","type-post","status-publish","format-standard","has-post-thumbnail","category-duesseldorf","tag-de","tag-deutschland","tag-duesseldorf","tag-germany","tag-nordrhein-westfalen"],"share_on_mastodon":{"url":"https:\/\/pubeurope.com\/@de\/117203658075582614","error":""},"_links":{"self":[{"href":"https:\/\/www.europesays.com\/de\/wp-json\/wp\/v2\/posts\/1276698","targetHints":{"allow":["GET"]}}],"collection":[{"href":"https:\/\/www.europesays.com\/de\/wp-json\/wp\/v2\/posts"}],"about":[{"href":"https:\/\/www.europesays.com\/de\/wp-json\/wp\/v2\/types\/post"}],"author":[{"embeddable":true,"href":"https:\/\/www.europesays.com\/de\/wp-json\/wp\/v2\/users\/2"}],"replies":[{"embeddable":true,"href":"https:\/\/www.europesays.com\/de\/wp-json\/wp\/v2\/comments?post=1276698"}],"version-history":[{"count":0,"href":"https:\/\/www.europesays.com\/de\/wp-json\/wp\/v2\/posts\/1276698\/revisions"}],"wp:featuredmedia":[{"embeddable":true,"href":"https:\/\/www.europesays.com\/de\/wp-json\/wp\/v2\/media\/1276699"}],"wp:attachment":[{"href":"https:\/\/www.europesays.com\/de\/wp-json\/wp\/v2\/media?parent=1276698"}],"wp:term":[{"taxonomy":"category","embeddable":true,"href":"https:\/\/www.europesays.com\/de\/wp-json\/wp\/v2\/categories?post=1276698"},{"taxonomy":"post_tag","embeddable":true,"href":"https:\/\/www.europesays.com\/de\/wp-json\/wp\/v2\/tags?post=1276698"}],"curies":[{"name":"wp","href":"https:\/\/api.w.org\/{rel}","templated":true}]}}