{"id":1276706,"date":"2026-09-02T21:55:23","date_gmt":"2026-09-02T21:55:23","guid":{"rendered":"https:\/\/www.europesays.com\/de\/1276706\/"},"modified":"2026-09-02T21:55:23","modified_gmt":"2026-09-02T21:55:23","slug":"frankfurt-ermittler-finden-drogen-schmuggler-in-spanien-festnahme","status":"publish","type":"post","link":"https:\/\/www.europesays.com\/de\/1276706\/","title":{"rendered":"Frankfurt-Ermittler finden Drogen-Schmuggler in Spanien \u2013 Festnahme"},"content":{"rendered":"<p>Festnahme in Spanien <\/p>\n<p>Frankfurter Justiz wartet auf &#8222;meistgesuchten&#8220; Drogendealer<\/p>\n<p>Aktualisiert am 02.09.2026 &#8211; 18:47 UhrLesedauer: 4 Min.<\/p>\n<p><a href=\"#focus-0\" class=\"transition-colors block text-current relative\" data-sctrack=\"FocusGalleryImage.Reference\"><img fetchpriority=\"high\" data-testid=\"Opener.Image\"   loading=\"eager\" src=\"https:\/\/www.europesays.com\/de\/wp-content\/uploads\/2026\/09\/der-verdaechtige-wird-abgefuehrt-er-soll-alle-zwei-wochen-seine-telefonnummer-und-alle-drei-monate-s.jpeg\" alt=\"Der Verd\u00e4chtige wird abgef\u00fchrt: Er soll alle zwei Wochen seine Telefonnummer und alle drei Monate seine Identit\u00e4t gewechselt haben.\" title=\"Der Verd\u00e4chtige wird abgef\u00fchrt: Er soll alle zwei Wochen seine Telefonnummer und alle drei Monate seine Identit\u00e4t gewechselt haben.\" width=\"747\" height=\"420\" class=\"bg-[url:var(--lqipURL)] bg-cover bg-center flex h-full w-full max-w-full\" style=\"--lqipURL:url('https:\/\/images.t-online.de\/2026\/09\/vRMnEnwd5XYp\/421x19:747x420\/fit-in\/150x0\/filters:blur(25)\/der-verdaechtige-wird-abgefuehrt-er-soll-alle-zwei-wochen-seine-telefonnummer-und-alle-drei-monate-seine-identitaet-gewechselt-haben.jpg')\" decoding=\"async\"\/><img loading=\"lazy\" src=\"https:\/\/frankfurt.t-online.de\/s\/paper\/_next\/static\/media\/zoom-in.f7dae02f.svg\" alt=\"Vergr\u00f6\u00dfern des Bildes\" title=\"Vergr\u00f6\u00dfern des Bildes\" class=\"block h-[calc(var(--height)_\/_16_*_1rem)] w-[calc(var(--width)_\/_16_*_1rem)] max-w-none absolute right-8 bottom-8 rounded-4 bg-snow p-8\" style=\"--width:32;--height:32\" decoding=\"async\"\/><\/a><\/p>\n<p>Der Verd\u00e4chtige wird von der spanischen Polizei abgef\u00fchrt: Die Ermittler sind ihm durch geknackte Kryptochats auf die Spur gekommen. (Quelle: Polic\u00eda Nacional)<\/p>\n<p><img loading=\"lazy\" src=\"https:\/\/frankfurt.t-online.de\/s\/paper\/_next\/static\/media\/audio-volume.6689034c.svg\" alt=\"\" title=\"\" class=\"block h-[calc(var(--height)_\/_16_*_1rem)] w-[calc(var(--width)_\/_16_*_1rem)] max-w-none group-hover:brightness-0 group-hover:invert\" style=\"--width:16;--height:16\" decoding=\"async\"\/>Vorlesen<\/p>\n<p>Aktuelle Zeit:0:00Gesamtdauer:0:00<\/p>\n<p>1x<img loading=\"lazy\" src=\"https:\/\/frankfurt.t-online.de\/s\/paper\/_next\/static\/media\/font-sizes.32942e33.svg\" alt=\"\" title=\"\" class=\"block h-[calc(var(--height)_\/_16_*_1rem)] w-[calc(var(--width)_\/_16_*_1rem)] max-w-none group-hover:hidden group-aria-expanded:hidden\" style=\"--width:16;--height:16\" decoding=\"async\"\/><img loading=\"lazy\" src=\"https:\/\/frankfurt.t-online.de\/s\/paper\/_next\/static\/media\/font-sizes-dark-mode.e382645c.svg\" alt=\"\" title=\"\" class=\"block h-[calc(var(--height)_\/_16_*_1rem)] w-[calc(var(--width)_\/_16_*_1rem)] max-w-none hidden group-hover:block group-aria-expanded:block\" style=\"--width:16;--height:16\" decoding=\"async\"\/><img loading=\"lazy\" src=\"https:\/\/frankfurt.t-online.de\/s\/paper\/_next\/static\/media\/sharing-menu-icon.1eb71368.svg\" alt=\"\" title=\"\" class=\"block h-[calc(var(--height)_\/_16_*_1rem)] w-[calc(var(--width)_\/_16_*_1rem)] max-w-none group-hover:brightness-0 group-hover:invert\" style=\"--width:16;--height:16\" decoding=\"async\"\/>Artikel teilen<\/p>\n<p class=\"font-bold text-18 leading-17 user-text-lg:text-22 user-text-xl:text-24\">Ein gesuchter Drogenschmuggler sitzt in Haft. Nun zeigen Recherchen, wie die Fahnder dem 38-J\u00e4hrigen nach jahrelanger Flucht auf die Spur kamen.<\/p>\n<p class=\"text-18 leading-17 user-text-lg:text-22 user-text-xl:text-24\">Es klang spektakul\u00e4r, was Spaniens Beh\u00f6rden am Dienstag (1. September) verk\u00fcndeten: Deutschlands meistgesuchter Drogenschmuggler sei gefasst, von einem Top-Drogenboss war in verschiedenen Medien und <a href=\"https:\/\/www.t-online.de\/nachrichten\/panorama\/kriminalitaet\/id_101415624\/von-deutschland-gesuchter-drogenboss-in-spanien-geschnappt.html\" class=\"transition-colors cursor-pointer no-underline md:hover:text-magenta md:focus:text-magenta border-b border-solid border-current text-salemsfur md:hover:border-magenta\" data-tracking=\"{&quot;action&quot;:&quot;click&quot;,&quot;category&quot;:&quot;intextLink&quot;,&quot;label&quot;:&quot;https:\/\/www.t-online.de\/nachrichten\/panorama\/kriminalitaet\/id_101415624\/von-deutschland-gesuchter-drogenboss-in-spanien-geschnappt.html&quot;}\" data-sctrack=\"BodyAnchor\" rel=\"nofollow noopener\" target=\"_blank\">auch bei t-online die Rede<\/a>. Nun bringt eine t-online-Recherche Details in dem Fall ans Licht. Der 38-J\u00e4hrige war in Frankfurt aus gleich zwei Gr\u00fcnden gesucht worden, sagte Oberstaatsanwalt Benjamin Krause von der Zentralstelle zur Bek\u00e4mpfung der Internetkriminalit\u00e4t (ZIT) auf t-online-Anfrage.<\/p>\n<p class=\"text-18 leading-17 user-text-lg:text-22 user-text-xl:text-24\">Einerseits sollte der Deutsch-Afghane l\u00e4ngst im Gef\u00e4ngnis sitzen. Er hatte sich 2023 nach einer Verurteilung wegen Drogenhandels abgesetzt. Er war vom <a href=\"https:\/\/www.t-online.de\/themen\/landgericht-frankfurt\/\" class=\"transition-colors cursor-pointer no-underline md:hover:text-magenta md:focus:text-magenta border-b border-solid border-current text-salemsfur md:hover:border-magenta\" data-tracking=\"{&quot;action&quot;:&quot;click&quot;,&quot;category&quot;:&quot;intextLink&quot;,&quot;label&quot;:&quot;https:\/\/www.t-online.de\/themen\/landgericht-frankfurt\/&quot;}\" data-sctrack=\"BodyAnchor\" rel=\"nofollow noopener\" target=\"_blank\">Landgericht Frankfurt<\/a> zu sieben Jahren und f\u00fcnf Monaten Haft verurteilt worden, aber verschwunden, als er Ende 2023 seine Haft antreten sollte. Andererseits gibt es neue Vorw\u00fcrfe aus entschl\u00fcsselten Chat-Nachrichten.<\/p>\n<p class=\"text-18 leading-17 user-text-lg:text-22 user-text-xl:text-24\">So soll er von Juni bis August 2020 als Teil einer Bande mindestens 800 Kilogramm Cannabis aus Spanien nach Deutschland geschmuggelt und damit gehandelt haben. Der fr\u00fcher im Rhein-Main-Gebiet lebende Mann soll der Verantwortliche in Spanien gewesen sein. Deshalb folgten im Oktober 2024 ein Untersuchungshaftbefehl und ein europ\u00e4ischer Haftbefehl. &#8222;Danach wurde nach dem Fl\u00fcchtigen intensiv und mit hohem Aufwand international gefahndet&#8220;, so Krause zu t-online.<\/p>\n<p>Ermittler nehmen Mann nach Beschattung fest<\/p>\n<p class=\"text-18 leading-17 user-text-lg:text-22 user-text-xl:text-24\">Der Mann soll zwar in gro\u00dfem Stil Drogenschmuggel organisiert haben. Es sei aber nicht davon auszugehen, dass er der Kopf der Drogenbande sei, sagte Krause. Die Ermittlungen hatten die Generalstaatsanwaltschaft Frankfurt und das BKA gef\u00fchrt.<\/p>\n<p class=\"text-18 leading-17 user-text-lg:text-22 user-text-xl:text-24\">Spanische Ermittler machten schlie\u00dflich <a href=\"https:\/\/www.t-online.de\/nachrichten\/panorama\/kriminalitaet\/id_101415072\/spanien-bruder-fuehrt-polizei-zu-deutschlands-meistgesuchtem-drogen-boss.html\" class=\"transition-colors cursor-pointer no-underline md:hover:text-magenta md:focus:text-magenta border-b border-solid border-current text-salemsfur md:hover:border-magenta\" data-tracking=\"{&quot;action&quot;:&quot;click&quot;,&quot;category&quot;:&quot;intextLink&quot;,&quot;label&quot;:&quot;https:\/\/www.t-online.de\/nachrichten\/panorama\/kriminalitaet\/id_101415072\/spanien-bruder-fuehrt-polizei-zu-deutschlands-meistgesuchtem-drogen-boss.html&quot;}\" data-sctrack=\"BodyAnchor\" rel=\"nofollow noopener\" target=\"_blank\">seinen Bruder ausfindig und beschatteten ihn mehrere Tage lang an verschiedenen Orten.<\/a> In M\u00e1laga beobachteten sie, wie der Gesuchte als Beifahrer im Auto seines Bruders sa\u00df \u2013 daraufhin griffen die Beamten zu.<\/p>\n<p>Verschl\u00fcsselte Chats geknackt<\/p>\n<p class=\"text-18 leading-17 user-text-lg:text-22 user-text-xl:text-24\">Der 38-J\u00e4hrige soll \u00fcber sogenannte Krypto-Handys den Drogenankauf und den Transport organisiert haben. Nach Angaben der spanischen Beh\u00f6rden unterhielt die Organisation in Spanien ein Lager. Von dort sollen die Drogen per Lastwagen \u00fcber Frankreich nach Deutschland gebracht worden sein.<\/p>\n<p><a href=\"#focus-1\" class=\"transition-colors block text-current relative\" data-sctrack=\"FocusGalleryImage.Reference\"><img   loading=\"lazy\" src=\"https:\/\/www.europesays.com\/de\/wp-content\/uploads\/2026\/09\/top-earning-brand-illustrations-the-encrochat-logo-is-seen-in-this-photo-illustration-on-23-november.jpeg\" alt=\"imago images 0369730403\" title=\"imago images 0369730403\" width=\"4000\" height=\"2250\" class=\"h-full w-full max-w-full rounded-8\" decoding=\"async\"\/><img loading=\"lazy\" src=\"https:\/\/frankfurt.t-online.de\/s\/paper\/_next\/static\/media\/zoom-in.f7dae02f.svg\" alt=\"Vergr\u00f6\u00dfern des Bildes\" title=\"Vergr\u00f6\u00dfern des Bildes\" class=\"block h-[calc(var(--height)_\/_16_*_1rem)] w-[calc(var(--width)_\/_16_*_1rem)] max-w-none absolute right-8 bottom-8 rounded-4 bg-snow p-8\" style=\"--width:32;--height:32\" decoding=\"async\"\/>Kryptohandy von Encrochat (Symbolbild): Ermittlungsaktionen gegen die verschl\u00fcsselten Kommunikationsdienste f\u00fchrten zu zahlreichen Festnahmen. (Quelle: IMAGO\/Jaap Arriens\/imago)<\/a><\/p>\n<p class=\"text-18 leading-17 user-text-lg:text-22 user-text-xl:text-24\">Dass er jetzt festgenommen wurde, geht auf die Ergebnisse umfangreicher digitaler Ermittlungen zur\u00fcck: Der Festgenommene nutzte den Kryptohandy-Dienst SkyECC, der 2021 von europ\u00e4ischen Ermittlern unterwandert und abgeh\u00f6rt worden war. Aus den Daten ergab sich nach Angaben der Frankfurter Generalstaatsanwaltschaft der dringende Verdacht, dass der Mann den Ankauf der Drogen und deren Transport nach Deutschland organisiert hatte.<\/p>\n<p>Beh\u00f6rden beschlagnahmen f\u00fcnf Millionen Euro<\/p>\n<p class=\"text-18 leading-17 user-text-lg:text-22 user-text-xl:text-24\">Es war der zweite Kryptomessenger, der ihm mutma\u00dflich zum Verh\u00e4ngnis wurde. Auf SkyECC war er im Juni 2020 umgestiegen, nachdem der Dienst Encrochat den Betrieb eingestellt hatte. Damals hatte international Schlagzeilen gemacht, dass es franz\u00f6sischen Ermittlern gelungen war, Encrochat zu infiltrieren und die Nachrichten dort unverschl\u00fcsselt aufzuzeichnen. \u00dcber Europol wurden die Daten geteilt.<\/p>\n","protected":false},"excerpt":{"rendered":"Festnahme in Spanien Frankfurter Justiz wartet auf &#8222;meistgesuchten&#8220; Drogendealer Aktualisiert am 02.09.2026 &#8211; 18:47 UhrLesedauer: 4 Min. Der&hellip;\n","protected":false},"author":2,"featured_media":1276707,"comment_status":"","ping_status":"","sticky":false,"template":"","format":"standard","meta":{"footnotes":"","_share_on_mastodon":"0"},"categories":[1829],"tags":[263448,422,652,29,433,980,2050,2051,25127,30,2052,263449,7085,34319,121,16803,4026,2332],"class_list":["post-1276706","post","type-post","status-publish","format-standard","has-post-thumbnail","category-frankfurt-am-main","tag-benjamin-krause","tag-bka","tag-cannabis","tag-deutschland","tag-drogen","tag-festnahme","tag-frankfurt","tag-frankfurt-am-main","tag-generalstaatsanwaltschaft","tag-germany","tag-hessen","tag-kryptochat","tag-landgericht-frankfurt-am-main","tag-malaga","tag-polizei","tag-rhein-main-gebiet","tag-spanien","tag-transport"],"share_on_mastodon":{"url":"","error":""},"_links":{"self":[{"href":"https:\/\/www.europesays.com\/de\/wp-json\/wp\/v2\/posts\/1276706","targetHints":{"allow":["GET"]}}],"collection":[{"href":"https:\/\/www.europesays.com\/de\/wp-json\/wp\/v2\/posts"}],"about":[{"href":"https:\/\/www.europesays.com\/de\/wp-json\/wp\/v2\/types\/post"}],"author":[{"embeddable":true,"href":"https:\/\/www.europesays.com\/de\/wp-json\/wp\/v2\/users\/2"}],"replies":[{"embeddable":true,"href":"https:\/\/www.europesays.com\/de\/wp-json\/wp\/v2\/comments?post=1276706"}],"version-history":[{"count":0,"href":"https:\/\/www.europesays.com\/de\/wp-json\/wp\/v2\/posts\/1276706\/revisions"}],"wp:featuredmedia":[{"embeddable":true,"href":"https:\/\/www.europesays.com\/de\/wp-json\/wp\/v2\/media\/1276707"}],"wp:attachment":[{"href":"https:\/\/www.europesays.com\/de\/wp-json\/wp\/v2\/media?parent=1276706"}],"wp:term":[{"taxonomy":"category","embeddable":true,"href":"https:\/\/www.europesays.com\/de\/wp-json\/wp\/v2\/categories?post=1276706"},{"taxonomy":"post_tag","embeddable":true,"href":"https:\/\/www.europesays.com\/de\/wp-json\/wp\/v2\/tags?post=1276706"}],"curies":[{"name":"wp","href":"https:\/\/api.w.org\/{rel}","templated":true}]}}