{"id":1276708,"date":"2026-09-02T21:56:13","date_gmt":"2026-09-02T21:56:13","guid":{"rendered":"https:\/\/www.europesays.com\/de\/1276708\/"},"modified":"2026-09-02T21:56:13","modified_gmt":"2026-09-02T21:56:13","slug":"kunst-ein-netzwerk-der-kunst-in-der-koelner-artothek","status":"publish","type":"post","link":"https:\/\/www.europesays.com\/de\/1276708\/","title":{"rendered":"Kunst: Ein Netzwerk der Kunst in der K\u00f6lner Artothek"},"content":{"rendered":"<p class=\"richtext text-em-55 !leading-serif mx-6 desktop:mx-0\">Die Punkte f\u00fchren wiederum zu einer dar\u00fcber h\u00e4ngenden Plastikt\u00fcte mit Punkten, die mutma\u00dflich vom fr\u00fcheren K\u00f6lner Supermarkt Unkelbach stammt. Die T\u00fcte diente einem von der K\u00fcnstlerin gestalteten Plattencover inklusive LP und Textheft als Schutzh\u00fclle. \u201eDie ungew\u00f6hnliche Platte mit dem Kunstwerk als H\u00fclle habe ich vor vielen Jahren in einem Heft des K\u00f6lner Musikmagazins Spex entdeckt und habe sie mir sofort mit einer Postkarte bestellt. Ich war damals ziemlich aufgeregt, ein solches Kunstwerk wiederum mit der Post zugestellt zu bekommen. Dabei hatte die LP mit dem Artwork von Cosima von Bonin eine ziemlich hohe Auflage, wie ich sp\u00e4ter erfahren habe\u201c, berichtet Baldischwyler, der auch die Textseite aus der Spex zum Teil seiner raumgreifenden Installation gemacht hat, die speziell auf den Ausstellungsraum der Artothek abgestimmt ist. <\/p>\n<p class=\"richtext text-em-55 !leading-serif mx-6 desktop:mx-0\">Von der Existenz von Artotheken, die Kunst an ihre Kundinnen und Kunden verleihen, hat der K\u00fcnstler wiederum \u00fcber sein Interesse f\u00fcr Sigmar Polke erfahren, der wie er die Hinterglasmalerei als Teil seines k\u00fcnstlerischen Ausdrucks verstand. Zun\u00e4chst entdeckt Baldischwyler die Kunstleihe in Bremen und sp\u00e4ter dann das ganze Netzwerk der Artotheken. So wird er in der K\u00f6lner Artothek bei der Aufnahme von Cosima von Bonin f\u00fcndig. <\/p>\n<p class=\"richtext text-em-55 !leading-serif mx-6 desktop:mx-0\">Ihren Ursprung hatten die Artotheken im \u201eGraphic Boom\u201c der 1960er und 1970er Jahre in den USA. Damals vervielfachten sich Editionen, Druckwerkst\u00e4tten und neue Vertriebswege f\u00fcr die Kunst. Editionen waren dabei auch ein \u00f6konomischer Faktor f\u00fcr K\u00fcnstler und Kunstsammler. Kunst wurde erschwinglicher, konnte breiter zirkulieren und so neue K\u00e4uferinnen und K\u00e4ufer erreichen. In diesem Umfeld entstanden in dieser Zeit in der Bundesrepublik die ersten Artotheken, die daf\u00fcr sorgten, dass Kunstwerke zirkulieren konnten, ohne dass ihre Besitzer wechselten.<\/p>\n<p class=\"richtext text-em-55 !leading-serif mx-6 desktop:mx-0\">Mit dem Titel seiner Ausstellung greift Baldischwyler eben die Grundlagen auf. Im Wort \u201eColoan\u201c steckt sowohl \u201eCologne\u201c als auch der englische Begriff \u201eloan\u201c, der so viel wie Kredit, Darlehen oder auch Leihgabe bedeutet. Von dieser Basis aus \u00fcberlegt sich der K\u00fcnstler auch, was \u201eBesitz\u201c und \u201eLeihen\u201c heute im digitalen Zeitalter \u00fcberhaupt noch bedeuten, wenn Kulturg\u00fcter wie Musik auf digitalen Plattformen geteilt und vertrieben werden und so \u201enur\u201c noch als Datei zirkulieren. <\/p>\n<p class=\"richtext text-em-55 !leading-serif mx-6 desktop:mx-0\">Der Blick des in Lage\/Lippe geborenen K\u00fcnstlers f\u00e4llt auch ganz bewusst auf K\u00f6ln. \u201eK\u00f6ln war damals f\u00fcr mich mit Blick aus Bielefeld die Kultur- und Kunststadt\u201c, sagt der 1974 geborene Baldischwyler, der sp\u00e4ter in Hamburg studiert hat. So finden sich aus dem Bestand der Artothek auch Werke von Bernhard Schultze und seiner Frau Ursula Schultze-Bluhm. Dazu gesellen sich Arbeiten und Fotografien von Otto Piene und dem von ihm entworfenen Brunnen im Mediapark. <\/p>\n<p class=\"richtext text-em-55 !leading-serif mx-6 desktop:mx-0\">\u201eEs stellt sich auch die Frage, wie ich meine Assoziationskette mit den Werken aus der Kunstleihe Bremen sowie aus der Artothek K\u00f6ln und meinen eigenen Arbeiten und Werke aus meinem Besitz mit dem Besucher teilen kann. Ich denke, man sollte da dem Betrachter auch die Freiheit lassen, eigene Verbindungen zwischen den Exponaten zu finden.\u201c<\/p>\n","protected":false},"excerpt":{"rendered":"Die Punkte f\u00fchren wiederum zu einer dar\u00fcber h\u00e4ngenden Plastikt\u00fcte mit Punkten, die mutma\u00dflich vom fr\u00fcheren K\u00f6lner Supermarkt Unkelbach&hellip;\n","protected":false},"author":2,"featured_media":1276709,"comment_status":"","ping_status":"","sticky":false,"template":"","format":"standard","meta":{"footnotes":"","_share_on_mastodon":"0"},"categories":[1828],"tags":[149406,263452,263450,263453,263451,29,263454,30,1420,2160,2075,263455,3910,4819,53225,139722,60934,14117,4818,263456,1209],"class_list":["post-1276708","post","type-post","status-publish","format-standard","has-post-thumbnail","category-koeln","tag-artothek","tag-artotheken","tag-baldischwyler","tag-coloan","tag-cosima-von-bonin","tag-deutschland","tag-fuendig","tag-germany","tag-koeln","tag-koelner","tag-kunst","tag-kunstleihe","tag-kuenstler","tag-kuenstlerin","tag-kuenstlerischen","tag-kunstsammler","tag-kunststadt","tag-kunstwerk","tag-kunstwerke","tag-loan","tag-nordrhein-westfalen"],"share_on_mastodon":{"url":"https:\/\/pubeurope.com\/@de\/117203683766352809","error":""},"_links":{"self":[{"href":"https:\/\/www.europesays.com\/de\/wp-json\/wp\/v2\/posts\/1276708","targetHints":{"allow":["GET"]}}],"collection":[{"href":"https:\/\/www.europesays.com\/de\/wp-json\/wp\/v2\/posts"}],"about":[{"href":"https:\/\/www.europesays.com\/de\/wp-json\/wp\/v2\/types\/post"}],"author":[{"embeddable":true,"href":"https:\/\/www.europesays.com\/de\/wp-json\/wp\/v2\/users\/2"}],"replies":[{"embeddable":true,"href":"https:\/\/www.europesays.com\/de\/wp-json\/wp\/v2\/comments?post=1276708"}],"version-history":[{"count":0,"href":"https:\/\/www.europesays.com\/de\/wp-json\/wp\/v2\/posts\/1276708\/revisions"}],"wp:featuredmedia":[{"embeddable":true,"href":"https:\/\/www.europesays.com\/de\/wp-json\/wp\/v2\/media\/1276709"}],"wp:attachment":[{"href":"https:\/\/www.europesays.com\/de\/wp-json\/wp\/v2\/media?parent=1276708"}],"wp:term":[{"taxonomy":"category","embeddable":true,"href":"https:\/\/www.europesays.com\/de\/wp-json\/wp\/v2\/categories?post=1276708"},{"taxonomy":"post_tag","embeddable":true,"href":"https:\/\/www.europesays.com\/de\/wp-json\/wp\/v2\/tags?post=1276708"}],"curies":[{"name":"wp","href":"https:\/\/api.w.org\/{rel}","templated":true}]}}