{"id":1276710,"date":"2026-09-02T21:57:24","date_gmt":"2026-09-02T21:57:24","guid":{"rendered":"https:\/\/www.europesays.com\/de\/1276710\/"},"modified":"2026-09-02T21:57:24","modified_gmt":"2026-09-02T21:57:24","slug":"1-fc-koeln-gibt-termine-fuer-mitgliederversammlungen-bekannt","status":"publish","type":"post","link":"https:\/\/www.europesays.com\/de\/1276710\/","title":{"rendered":"1. FC K\u00f6ln gibt Termine f\u00fcr Mitgliederversammlungen bekannt"},"content":{"rendered":"<p class=\"dm-paragraph leading-[1.5em] mb-8 my-8 dm-article-content-width\" index=\"0\" should-collapse-on-mobile=\"true\" has-padding=\"\" data-v-fac9d07d=\"\">Vor rund einem Jahr fand eine historische Mitgliederversammlung statt: Zum ersten Mal hatten die Vereinsmitglieder des 1. FC K\u00f6ln die Wahl aus drei m\u00f6glichen Vorstandsteams.<\/p>\n<p class=\"dm-paragraph leading-[1.5em] mb-8 my-8 dm-article-content-width\" index=\"1\" should-collapse-on-mobile=\"true\" has-padding=\"\" data-v-fac9d07d=\"\">Mit gro\u00dfer Mehrheit setzte sich J\u00f6rn Stobbe mit seinen Mitstreitern J\u00f6rg Alvermann und Ulf Sobek durch. Sie bilden seitdem das Vorstands-Trio des Bundesligisten.<\/p>\n<p class=\"dm-paragraph leading-[1.5em] mb-8 my-8 dm-article-content-width\" index=\"2\" should-collapse-on-mobile=\"true\" has-padding=\"\" data-v-fac9d07d=\"\">Eine Vorstandswahl steht bei der n\u00e4chsten Mitgliederversammlung zwar nicht auf dem Programm \u2013 Stobbe und seine Vize-Pr\u00e4sidenten wurden f\u00fcr drei Jahre ins Amt gew\u00e4hlt \u2013, dennoch hofft der FC auf eine rege Teilnahme.<\/p>\n<p>Mitgliederversammlung: FC legt sich auf Totensonntag und Messe fest<\/p>\n<p class=\"dm-paragraph leading-[1.5em] mb-8 my-8 dm-article-content-width\" index=\"4\" should-collapse-on-mobile=\"true\" has-padding=\"\" data-v-fac9d07d=\"\">Im Rahmen eines Satzungsforums wurde nun der voraussichtliche Termin nicht nur f\u00fcr diese, sondern auch f\u00fcr die darauffolgenden beiden Mitgliederversammlungen bekanntgegeben. Sie sollen jeweils am Totensonntag stattfinden, also am 22. November 2026, 21. November 2027 und 26. November 2028.<\/p>\n<p class=\"dm-paragraph leading-[1.5em] mb-8 my-8 dm-article-content-width\" index=\"5\" should-collapse-on-mobile=\"true\" has-padding=\"\" data-v-fac9d07d=\"\">Umgeplant wird, wenn der FC am Totensonntag spielt. Das ist nur bei Ausw\u00e4rtsspielen au\u00dferhalb von NRW m\u00f6glich. In diesem Fall w\u00fcrde die Mitgliederversammlung auf den Vortag gelegt. In dieser Saison k\u00f6nnte es theoretisch so kommen, denn der FC muss am 10. Spieltag (20. bis 22. November) ausw\u00e4rts beim FC Bayern M\u00fcnchen ran.<\/p>\n<p><a href=\"https:\/\/www.rundschau-online.de\/sport\/1-fc-koeln\/vfb-boss-wehrle-el-malas-verbleib-beim-fc-ist-nachvollziehbar-1364252\" class=\"dm-imagefeat__imagecontainer dm-imagefeat relative\" aria-label=\"\" tabindex=\"-1\" data-v-7bdd7f3a=\"\" rel=\"nofollow noopener\" target=\"_blank\"><img decoding=\"async\" width=\"4000\" height=\"2667\" class=\"dm-imagefeat__image w-full aspect-square sm:aspect-auto aspect-video\" style=\"aspect-ratio:1;\" onerror=\"this.setAttribute('data-error', 1)\" data-nuxt-pic=\"\" alt=\"ARCHIV - 04.04.2026, Baden-W\u00fcrttemberg, Stuttgart: Fu\u00dfball, M\u00e4nner: Bundesliga, VfB Stuttgart - Borussia Dortmund, 28. Spieltag, MHPArena. Vorstandsvorsitzender Alexander Wehrle (VfB Stuttgart) steht vor dem Spiel im Stadion. (zu dpa: \u00abVfB-Chef Wehrle: Keine Sorgen wegen \u00abWeltmarken-B\u00fcndnis\u00bb\u00bb) Foto: Harry Langer\/dpa +++ dpa-Bildfunk +++\" loading=\"lazy\" src=\"https:\/\/www.europesays.com\/de\/wp-content\/uploads\/2026\/09\/e51c3c9a-28d0-4c17-868c-c4df5087f11e.jpeg\"  \/><\/a><\/p>\n<p class=\"dm-paragraph leading-[1.5em] mb-8 my-8 dm-article-content-width\" index=\"7\" should-collapse-on-mobile=\"true\" has-padding=\"\" data-v-fac9d07d=\"\">Auch der Ort der Veranstaltung steht f\u00fcr die kommenden drei Jahre fest. W\u00e4hrend im vergangenen Jahr die MV mit Vorstandswahlen im Rhein-Energie-Stadion veranstaltet wurde, geht es f\u00fcr die kommenden drei Versammlungen in die Koelnmesse.\u00a0<\/p>\n<p class=\"dm-paragraph leading-[1.5em] mb-8 my-8 dm-article-content-width\" index=\"8\" should-collapse-on-mobile=\"true\" has-padding=\"\" data-v-fac9d07d=\"\">Bei der Mitgliederversammlung 2026 soll eine neue FC-Satzung zur Abstimmung gestellt werden. Bereits am 8. September k\u00f6nnen interessierte Mitglieder bei einem weiteren Forum \u00fcber konkrete Pl\u00e4ne diskutieren, teilt der FC mit. (are)<\/p>\n","protected":false},"excerpt":{"rendered":"Vor rund einem Jahr fand eine historische Mitgliederversammlung statt: Zum ersten Mal hatten die Vereinsmitglieder des 1. FC&hellip;\n","protected":false},"author":2,"featured_media":1276711,"comment_status":"","ping_status":"","sticky":false,"template":"","format":"standard","meta":{"footnotes":"","_share_on_mastodon":"0"},"categories":[1828],"tags":[29,30,1420,1209],"class_list":["post-1276710","post","type-post","status-publish","format-standard","has-post-thumbnail","category-koeln","tag-deutschland","tag-germany","tag-koeln","tag-nordrhein-westfalen"],"share_on_mastodon":{"url":"https:\/\/pubeurope.com\/@de\/117203689547238884","error":""},"_links":{"self":[{"href":"https:\/\/www.europesays.com\/de\/wp-json\/wp\/v2\/posts\/1276710","targetHints":{"allow":["GET"]}}],"collection":[{"href":"https:\/\/www.europesays.com\/de\/wp-json\/wp\/v2\/posts"}],"about":[{"href":"https:\/\/www.europesays.com\/de\/wp-json\/wp\/v2\/types\/post"}],"author":[{"embeddable":true,"href":"https:\/\/www.europesays.com\/de\/wp-json\/wp\/v2\/users\/2"}],"replies":[{"embeddable":true,"href":"https:\/\/www.europesays.com\/de\/wp-json\/wp\/v2\/comments?post=1276710"}],"version-history":[{"count":0,"href":"https:\/\/www.europesays.com\/de\/wp-json\/wp\/v2\/posts\/1276710\/revisions"}],"wp:featuredmedia":[{"embeddable":true,"href":"https:\/\/www.europesays.com\/de\/wp-json\/wp\/v2\/media\/1276711"}],"wp:attachment":[{"href":"https:\/\/www.europesays.com\/de\/wp-json\/wp\/v2\/media?parent=1276710"}],"wp:term":[{"taxonomy":"category","embeddable":true,"href":"https:\/\/www.europesays.com\/de\/wp-json\/wp\/v2\/categories?post=1276710"},{"taxonomy":"post_tag","embeddable":true,"href":"https:\/\/www.europesays.com\/de\/wp-json\/wp\/v2\/tags?post=1276710"}],"curies":[{"name":"wp","href":"https:\/\/api.w.org\/{rel}","templated":true}]}}