{"id":1276716,"date":"2026-09-02T22:00:22","date_gmt":"2026-09-02T22:00:22","guid":{"rendered":"https:\/\/www.europesays.com\/de\/1276716\/"},"modified":"2026-09-02T22:00:22","modified_gmt":"2026-09-02T22:00:22","slug":"nach-vorfaellen-in-brandenburg-und-nrw-grosseinsatz-an-kraftwerk-in-hamburg","status":"publish","type":"post","link":"https:\/\/www.europesays.com\/de\/1276716\/","title":{"rendered":"Nach Vorf\u00e4llen in Brandenburg und NRW: Gro\u00dfeinsatz an Kraftwerk in Hamburg"},"content":{"rendered":"<ol class=\"id-DonaldBreadcrumb lp_west_breadcrumb id-DonaldBreadcrumb--default\" data-k5a-pos=\"west_breadcrumb\">\n<li class=\"id-Breadcrumb-item\"><a href=\"https:\/\/www.kreiszeitung.de\/\" class=\"id-Breadcrumb-link\" data-id-ec=\"{\" shn=\"\" textlink=\"\" data-k5a-pos=\"1_startseite\" rel=\"nofollow noopener\" target=\"_blank\">Startseite<\/a><\/li>\n<li class=\"id-Breadcrumb-item\"><a href=\"https:\/\/www.kreiszeitung.de\/lokales\/\" class=\"id-Breadcrumb-link\" data-id-ec=\"{\" shn=\"\" textlink=\"\" data-k5a-pos=\"2_lokales\" rel=\"nofollow noopener\" target=\"_blank\">Lokales<\/a><\/li>\n<li class=\"id-Breadcrumb-item\"><a href=\"https:\/\/www.kreiszeitung.de\/lokales\/hamburg\/\" class=\"id-Breadcrumb-link\" data-id-ec=\"{\" shn=\"\" textlink=\"\" data-k5a-pos=\"3_hamburg\" rel=\"nofollow noopener\" target=\"_blank\">Hamburg<\/a><\/li>\n<\/ol>\n<p class=\"id-Story-timestamp id-Story-timestamp--default\">Stand: 02.09.2026, 18:52 Uhr<\/p>\n<p class=\"id-Story-authors id-Story-authors--default\">Von: <a class=\"id-Story-authors-link lp_west_author\" href=\"https:\/\/www.kreiszeitung.de\/autor\/fabian-raddatz-0xstp2xaf.html\" title=\"Zur Autorenseite von Fabian Raddatz\" data-id-ec=\"{\" shn=\"\" author-link=\"\" raddatz=\"\" data-k5a-pos=\"west_author\" rel=\"nofollow noopener\" target=\"_blank\">Fabian Raddatz<\/a><\/p>\n<p class=\"id-Story-interactionBar id-Story-interactionBar--default\">DruckenTeilen<\/p>\n<p><a href=\"https:\/\/profile.google.com\/cp\/Cg0vZy8xMWNzcWI1bHo3GgA\" class=\"id-Story-googleFollowButton id-Story-googleFollowButton--default\" target=\"_blank\" data-id-ec=\"{\" shn=\"\" google-follow=\"\" auf=\"\" google=\"\" folgen=\"\" rel=\"nofollow noopener\">Uns auf Google folgen<\/a><img decoding=\"async\" class=\"id-RatioPlaceholder-element wv_story_el_image\" src=\"https:\/\/www.europesays.com\/de\/wp-content\/uploads\/2026\/09\/43952288-nach-vorfaellen-in-brandenburg-und-nrw-grosseinsatz-an-kraftwerk-in-hamburg-2g7a.jpg\" loading=\"eager\" fetchpriority=\"high\"   height=\"792\" width=\"1408\" alt=\"Nach Vorf&#xE4;llen in Brandenburg und NRW: Gro&#xDF;einsatz an Kraftwerk in Hamburg\"\/>Blick auf das Heizkraftwerk Tiefstack. \u00a9\u00a0Christian Charisius\/dpa<\/p>\n<p class=\"id-StoryElement-leadText\">Hamburger Sicherheitsbeh\u00f6rden \u00fcberpr\u00fcften kritische Infrastruktur. Die\u00a0Beamten suchten offenbar nach Spuren auf feindliche Agentent\u00e4tigkeiten.<\/p>\n<p class=\"id-StoryElement-paragraph\">Am Kraftwerk Tiefstack in Hamburg liefen am Mittwochnachmittag, 2. September, polizeiliche Ma\u00dfnahmen. Einsatzkr\u00e4fte \u00fcberpr\u00fcften die Energieanlage und deren Umfeld im Rahmen verst\u00e4rkter Vorsorgema\u00dfnahmen zum Schutz kritischer Infrastruktur.<\/p>\n<p class=\"id-StoryElement-paragraph\">Nach Angaben der Polizei wurden im Rahmen der kontinuierlichen Vorsorge und im Lichte aktueller Ereignisse relevante Einrichtungen \u00fcberpr\u00fcft. Es handele sich dabei um eine reine Vorsichtsma\u00dfnahme zur grundlegenden Gefahrenabwehr.<\/p>\n<p class=\"id-StoryElement-paragraph\">Konkrete Hinweise auf eine Gef\u00e4hrdung liegen nach Angaben der Polizei nicht vor. Die \u00dcberpr\u00fcfungen dienten ausschlie\u00dflich der Sicherstellung der bestehenden Sicherheitsstandards und der allgemeinen Sicherheit.<\/p>\n<p>Gro\u00dfeinsatz an Kraftwerk in Hamburg: Keine Hinweise auf konkrete Gef\u00e4hrdung<\/p>\n<p class=\"id-StoryElement-paragraph\">Eine Gefahr f\u00fcr die Bev\u00f6lkerung besteht nach derzeitigem Stand ebenfalls nicht. Auch Hinweise auf eine konkrete Gef\u00e4hrdung des Kraftwerks oder der Energieversorgung lagen nicht vor.<\/p>\n<p class=\"id-StoryElement-paragraph\">Die Ma\u00dfnahmen am Kraftwerk Tiefstack sind Teil der derzeitigen verst\u00e4rkten \u00dcberpr\u00fcfung sensibler Einrichtungen der Energieinfrastruktur.<\/p>\n<p>Erst Brandenburg, jetzt bei K\u00f6ln: Polizei spricht von Sabotage<\/p>\n<p class=\"id-StoryElement-paragraph\">Innerhalb von nur 24 Stunden gerieten gleich <a href=\"https:\/\/www.merkur.de\/deutschland\/netz-drohnen-anschlag-in-koeln-kraftwerksbloecke-nach-sabotage-vom-94471260.html\" class=\"id-import-Link id-pageApi-Link--externalDomain\" data-id-ec=\"{&quot;sht&quot;:&quot;Container&quot;,&quot;shn&quot;:&quot;Story&quot;,&quot;p&quot;:{&quot;containerType&quot;:&quot;Paragraph&quot;,&quot;displayType&quot;:&quot;Paragraph InlineLink&quot;,&quot;type&quot;:&quot;INLINE_LINK&quot;,&quot;value&quot;:&quot;zwei zentrale Bausteine der deutschen Stromversorgung ins Visier&quot;,&quot;variant&quot;:&quot;standardLink&quot;,&quot;sponsored&quot;:false,&quot;linkHref&quot;:&quot;https:\/\/www.merkur.de\/deutschland\/netz-drohnen-anschlag-in-koeln-kraftwerksbloecke-nach-sabotage-vom-94471260.html&quot;,&quot;storyElementPosition&quot;:18,&quot;storyElementCount&quot;:20}}\" rel=\"nofollow noopener\" target=\"_blank\">zwei zentrale Bausteine der deutschen Stromversorgung ins Visier<\/a>, wie merkur.de berichtet: Erst am Dienstagmorgen, 1. September, sorgte ein Vorfall am Kohlekraftwerk J\u00e4nschwalde in Brandenburg f\u00fcr Schlagzeilen, dann folgte der n\u00e4chste Paukenschlag. Diesmal traf es das Rheinland, das Herzst\u00fcck der deutschen Braunkohleverstromung. Innerhalb weniger Stunden gerieten gleich mehrere Kraftwerkbl\u00f6cke ins Straucheln, Ermittler r\u00fccken mit Gro\u00dfaufgebot an.<\/p>\n<p class=\"id-StoryElement-paragraph\">Nach einer St\u00f6rung an einem Umspannwerk in Bergheim im Rhein-Erft-Kreis geht die Polizei von einer vors\u00e4tzlichen Tat aus.\u00a0Wie\u00a0Bild\u00a0berichtete, war zun\u00e4chst von einer Service-Drohne die Rede, die versehentlich eine Leitung getroffen haben k\u00f6nnte. Diese Erkl\u00e4rung wurde verworfen. Stattdessen ist von einer m\u00f6glichen Drohnen-Attacke die Rede, Anwohner sollen Blitze und Knallger\u00e4usche wahrgenommen haben. Offiziell best\u00e4tigt ist das Tatmittel bislang nicht. \u201eWir gehen nicht von einem technischen Defekt, sondern von einer vors\u00e4tzlichen Tat aus\u201c, sagte ein Sprecher der Polizei\u00a0Essen\u00a0gegen\u00fcber\u00a0n-tv.<\/p>\n","protected":false},"excerpt":{"rendered":"Startseite Lokales Hamburg Stand: 02.09.2026, 18:52 Uhr Von: Fabian Raddatz DruckenTeilen Uns auf Google folgenBlick auf das Heizkraftwerk&hellip;\n","protected":false},"author":2,"featured_media":1276717,"comment_status":"","ping_status":"","sticky":false,"template":"","format":"standard","meta":{"footnotes":"","_share_on_mastodon":"0"},"categories":[1826],"tags":[29,30,692],"class_list":["post-1276716","post","type-post","status-publish","format-standard","has-post-thumbnail","category-hamburg","tag-deutschland","tag-germany","tag-hamburg"],"share_on_mastodon":{"url":"https:\/\/pubeurope.com\/@de\/117203701197607045","error":""},"_links":{"self":[{"href":"https:\/\/www.europesays.com\/de\/wp-json\/wp\/v2\/posts\/1276716","targetHints":{"allow":["GET"]}}],"collection":[{"href":"https:\/\/www.europesays.com\/de\/wp-json\/wp\/v2\/posts"}],"about":[{"href":"https:\/\/www.europesays.com\/de\/wp-json\/wp\/v2\/types\/post"}],"author":[{"embeddable":true,"href":"https:\/\/www.europesays.com\/de\/wp-json\/wp\/v2\/users\/2"}],"replies":[{"embeddable":true,"href":"https:\/\/www.europesays.com\/de\/wp-json\/wp\/v2\/comments?post=1276716"}],"version-history":[{"count":0,"href":"https:\/\/www.europesays.com\/de\/wp-json\/wp\/v2\/posts\/1276716\/revisions"}],"wp:featuredmedia":[{"embeddable":true,"href":"https:\/\/www.europesays.com\/de\/wp-json\/wp\/v2\/media\/1276717"}],"wp:attachment":[{"href":"https:\/\/www.europesays.com\/de\/wp-json\/wp\/v2\/media?parent=1276716"}],"wp:term":[{"taxonomy":"category","embeddable":true,"href":"https:\/\/www.europesays.com\/de\/wp-json\/wp\/v2\/categories?post=1276716"},{"taxonomy":"post_tag","embeddable":true,"href":"https:\/\/www.europesays.com\/de\/wp-json\/wp\/v2\/tags?post=1276716"}],"curies":[{"name":"wp","href":"https:\/\/api.w.org\/{rel}","templated":true}]}}