{"id":1276718,"date":"2026-09-02T22:01:23","date_gmt":"2026-09-02T22:01:23","guid":{"rendered":"https:\/\/www.europesays.com\/de\/1276718\/"},"modified":"2026-09-02T22:01:23","modified_gmt":"2026-09-02T22:01:23","slug":"hamburg-mietet-nagelneues-design-hotel-fuer-fluechtlinge-aus-der-ukraine-politik","status":"publish","type":"post","link":"https:\/\/www.europesays.com\/de\/1276718\/","title":{"rendered":"Hamburg mietet nagelneues Design-Hotel f\u00fcr Fl\u00fcchtlinge aus der Ukraine | Politik"},"content":{"rendered":"<p><a class=\"skip-content skip-content--link\" href=\"#in-content-skip-link-target-v-0-0\">TTS-Player \u00fcberspringen\u21b5<\/a><a id=\"in-content-skip-link-target-v-0-0\" class=\"skip-content--target-link-hidden skip-content skip-content--target-link\" href=\"#in-content-skip-link-target-v-0-0\">Artikel weiterlesen<\/a><\/p>\n<p>Hamburg \u2013 <b>Dass Migranten aus Platzmangel in Hotels beherbergt werden m\u00fcssen, war vor allem auf dem H\u00f6hepunkt der Fl\u00fcchtlingskrise keine Seltenheit. Jetzt geht die Stadt Hamburg trotz r\u00fcckl\u00e4ufiger Asylbewerberzahlen einen noch umstritteneren Weg: F\u00fcr 340 Ukrainer hat sie ausgerechnet ein nagelneues Designer-Hotel angemietet, das erst im Mai er\u00f6ffnet wurde.<\/b><\/p>\n<p>Seit Dienstag k\u00f6nnen G\u00e4ste das Hotel \u201eThe Niu Quay\u201c in Hamburg-Harburg nicht mehr buchen. Das Geb\u00e4ude ist vom 1. September bis 31. Dezember ausschlie\u00dflich f\u00fcr <a href=\"https:\/\/www.bild.de\/politik\/aktuelles\/fluechtlinge\/fluechtlinge-alle-infos-78158144.bild.html\" class=\"text-link\" rel=\"nofollow noopener\" target=\"_blank\">Fl\u00fcchtlinge<\/a> reserviert. Die meisten Bewohner d\u00fcrften sogar erst im Sommer wieder ausziehen, da die Belegung bis Juni 2027 nur schrittweise zur\u00fcckgefahren werden soll.<\/p>\n<p><img decoding=\"async\" width=\"992\" height=\"558\" alt=\"Das Hotel bietet 146 Zimmer und 20 Apartments, in die statt G\u00e4ste nun Fl\u00fcchtlinge einziehen\" loading=\"lazy\" src=\"https:\/\/www.europesays.com\/de\/wp-content\/uploads\/2026\/09\/024e1360d8a20651fa18fcb61fe8a6a3,79180a3d.jpeg\"   class=\"landscape\"\/><\/p>\n<p class=\"fig__caption__text\">Das Hotel bietet 146 Zimmer und 20 Apartments, in die statt G\u00e4ste nun Fl\u00fcchtlinge einziehen<\/p>\n<p>Foto: NOVUM Hospitality<\/p>\n<p>Das <a href=\"https:\/\/www.bild.de\/themen\/organisationen\/hotels\/news-fotos-videos-17019924.bild.html\" class=\"text-link\" rel=\"nofollow noopener\" target=\"_blank\">Hotel<\/a> galt als wichtiger Baustein f\u00fcr die touristische Entwicklung des Harburger Binnenhafens. Rund um den Standort wurden rund 60 Millionen Euro investiert. Besonders deutlich wird Investor Ingo M\u00f6nke. Er hatte das Grundst\u00fcck einst f\u00fcr den Hotelbau verkauft. \u201eDas Konzept aus Hotel und Gastronomie griff ineinander. Und jetzt zerst\u00f6rt es einer \u2013 und der Steuerzahler zahlt das\u201c, schimpft er gegen\u00fcber WELT (geh\u00f6rt wie BILD zu Axel-Springer).<\/p>\n<p>Konkrete Kosten verr\u00e4t die Stadt nicht<\/p>\n<p>\u00c4rger machen auch die Kosten. Laut Sozialbeh\u00f6rde lag der Durchschnittspreis f\u00fcr Hotelunterbringungen im Bereich <a href=\"https:\/\/www.bild.de\/themen\/specials\/migration-aktuelle-news-und-infos-psdS6LZkVQvwfyopqrQ3\" class=\"text-link\" rel=\"nofollow noopener\" target=\"_blank\">Migration<\/a> 2025 bei 82 Euro pro Person und Tag inklusive Verpflegung. Momentan kostet ein Standardzimmer mit Doppelbett im \u201eNiu Quay\u201c-Hotel jedoch 124 Euro. Viele Lokalpolitiker gehen deshalb davon aus, dass die Unterbringung im neuen Hotel deutlich teurer ist als bisher. Konkrete Zahlen verr\u00e4t die Stadt nicht.<\/p>\n<p><img decoding=\"async\" width=\"992\" height=\"558\" alt=\"Der Fr\u00fchst\u00fccksraum des \u201eNiu Quay\u201c-Hotels\" loading=\"lazy\" src=\"https:\/\/www.europesays.com\/de\/wp-content\/uploads\/2026\/09\/42954a59246be111965884f8c9048189,6a382a31.jpeg\"   class=\"landscape\"\/><\/p>\n<p class=\"fig__caption__text\">Der Fr\u00fchst\u00fccksraum des \u201eNiu Quay\u201c-Hotels<\/p>\n<p>Foto: NOVUM Hospitality<\/p>\n<p>FDP-Fraktionschef Dirk Kannengie\u00dfer kritisiert einen Widerspruch in der Hamburger Fl\u00fcchtlingspolitik: Einerseits k\u00fcndige der Senat an, die teure Hotelunterbringung reduzieren zu wollen, andererseits werde nun ein neu er\u00f6ffnetes Hotel praktisch vollst\u00e4ndig belegt. Laut CDU-Fraktionschef Rainer Bliefernicht f\u00fchlen sich viele Harburger vor den Kopf gesto\u00dfen.<\/p>\n<p> 11.000 Fl\u00fcchtlinge in Hotels oder Pensionen<\/p>\n<p>Die Sozialbeh\u00f6rde argumentiert mit Platzmangel. Die \u00f6ffentlich-rechtliche Unterbringung sei derzeit mit 103 Prozent ausgelastet. Gleichzeitig werden bis 2027 mehrere gro\u00dfe Standorte mit insgesamt \u00fcber 1600 Pl\u00e4tzen  geschlossen. Deshalb brauche Hamburg kurzfristig Ersatz.<\/p>\n<p>Mehr zum Thema<\/p>\n<p>Hintergrund: Bundesweit lebten laut BILD-Umfrage bei den Metropolen im Jahr 2025 mindestens 11.000 Fl\u00fcchtlinge in Hotels oder Pensionen. Ende Juni 2025 waren es allein in <a href=\"https:\/\/www.bild.de\/regional\/hamburg\/hamburg-regional\/home-16344102.bild.html\" class=\"text-link\" rel=\"nofollow noopener\" target=\"_blank\">Hamburg<\/a> 5303 \u2013 verteilt auf 55 Standorte. Kosten im vergangenen Jahr: 164 Millionen Euro. <\/p>\n<p>Darunter war auch das Vier-Sterne-Haus \u201eHotel International Hamburg\u201c, in dem knapp 500 Fl\u00fcchtlinge wohnten, die meisten davon <a href=\"https:\/\/www.bild.de\/news\/ausland\/ukraine\/thema-ukraine-alle-infos-80028690.bild.html\" class=\"text-link\" rel=\"nofollow noopener\" target=\"_blank\">Ukrainer<\/a>. Auch Berlin, K\u00f6ln, D\u00fcsseldorf, M\u00fcnchen und Frankfurt geben Millionen aus. Andere St\u00e4dte wie Dortmund, Potsdam, Bremen, Chemnitz, Dresden oder Rostock verzichten auf Hotels.<\/p>\n","protected":false},"excerpt":{"rendered":"TTS-Player \u00fcberspringen\u21b5Artikel weiterlesen Hamburg \u2013 Dass Migranten aus Platzmangel in Hotels beherbergt werden m\u00fcssen, war vor allem auf&hellip;\n","protected":false},"author":2,"featured_media":1276719,"comment_status":"","ping_status":"","sticky":false,"template":"","format":"standard","meta":{"footnotes":"","_share_on_mastodon":"0"},"categories":[1826],"tags":[533,29,3919,5249,7883,30,692,6306,1092,382,138370],"class_list":["post-1276718","post","type-post","status-publish","format-standard","has-post-thumbnail","category-hamburg","tag-asyl","tag-deutschland","tag-fluechtling","tag-fluechtlinge","tag-fluechtlingskrise","tag-germany","tag-hamburg","tag-hotel","tag-hotels","tag-migration","tag-team-first"],"share_on_mastodon":{"url":"https:\/\/pubeurope.com\/@de\/117203705290465629","error":""},"_links":{"self":[{"href":"https:\/\/www.europesays.com\/de\/wp-json\/wp\/v2\/posts\/1276718","targetHints":{"allow":["GET"]}}],"collection":[{"href":"https:\/\/www.europesays.com\/de\/wp-json\/wp\/v2\/posts"}],"about":[{"href":"https:\/\/www.europesays.com\/de\/wp-json\/wp\/v2\/types\/post"}],"author":[{"embeddable":true,"href":"https:\/\/www.europesays.com\/de\/wp-json\/wp\/v2\/users\/2"}],"replies":[{"embeddable":true,"href":"https:\/\/www.europesays.com\/de\/wp-json\/wp\/v2\/comments?post=1276718"}],"version-history":[{"count":0,"href":"https:\/\/www.europesays.com\/de\/wp-json\/wp\/v2\/posts\/1276718\/revisions"}],"wp:featuredmedia":[{"embeddable":true,"href":"https:\/\/www.europesays.com\/de\/wp-json\/wp\/v2\/media\/1276719"}],"wp:attachment":[{"href":"https:\/\/www.europesays.com\/de\/wp-json\/wp\/v2\/media?parent=1276718"}],"wp:term":[{"taxonomy":"category","embeddable":true,"href":"https:\/\/www.europesays.com\/de\/wp-json\/wp\/v2\/categories?post=1276718"},{"taxonomy":"post_tag","embeddable":true,"href":"https:\/\/www.europesays.com\/de\/wp-json\/wp\/v2\/tags?post=1276718"}],"curies":[{"name":"wp","href":"https:\/\/api.w.org\/{rel}","templated":true}]}}