{"id":1276722,"date":"2026-09-02T22:03:14","date_gmt":"2026-09-02T22:03:14","guid":{"rendered":"https:\/\/www.europesays.com\/de\/1276722\/"},"modified":"2026-09-02T22:03:14","modified_gmt":"2026-09-02T22:03:14","slug":"nyara-sabally-fit-fuer-basketball-wm-in-berlin-basketball","status":"publish","type":"post","link":"https:\/\/www.europesays.com\/de\/1276722\/","title":{"rendered":"Nyara Sabally fit f\u00fcr Basketball-WM in Berlin | Basketball"},"content":{"rendered":"<p>Kurz vor WM-Beginn gibt es gute Nachrichten f\u00fcr die deutschen Basketballerinnen. Nyara Sabally hat ihre Wadenprobleme \u00fcberwunden und steht im Kader f\u00fcr das Turnier in Berlin.<\/p>\n<p id=\"absatz1\" class=\"em_text\">Aufatmen bei den deutschen Basketballerinnen: Das Team von Bundestrainer Olaf Lange kann bei der Heim-WM in Berlin mit Nyara Sabally planen. Die 26-J\u00e4hrige vom WNBA-Club Toronto Tempo hat ihre Wadenprobleme rechtzeitig auskuriert und steht im zw\u00f6lf Spielerinnen umfassenden Kader f\u00fcr die am Freitag beginnende Weltmeisterschaft. Als letzte Spielerin strich Lange Patricia Bro\u00dfmann aus dem Aufgebot.<\/p>\n<p id=\"absatz2\" class=\"em_text\">Sabally, deren \u00e4ltere Schwester Satou Sabally wegen der Nachwirkungen einer Gehirnersch\u00fctterung f\u00fcr das Turnier in ihrer Heimatstadt ausf\u00e4llt, hatte in der WNBA zuletzt am 12. August auf dem Parkett gestanden. Danach lie\u00df sie sich ausgiebig behandeln, durfte wegen der strengen Abstellungsregeln der WNBA bis zum Wochenende aber keinen Kontakt zur Mannschaft haben. Bei der Generalprobe gegen die T\u00fcrkei in K\u00f6ln sa\u00df Sabally daher am vergangenen Donnerstag hinter der Ersatzbank auf der Trib\u00fcne.<\/p>\n<p><a class=\"link-img\" href=\"https:\/\/www.mt.de\/_em_daten\/_cache\/image\/1xRG40QnZPblJGUERFT2htK3BoVmI1am5ZdzVOZEJ6NVluQVBGOEVKYkFGSEpVSGRDbkN0S3AxSWF6OCtoVVpLVnlYckxkTkp3UGwxdmR6RS9lYUpXeXpMS08rZjhvOUdYTmV5dWMzd3JLQVJaVXd2alhZRjVOdlllOFJhVHdzYVI\/260902-1826-urn-newsml-dpa-com-20090101-260902-935-1583327.webp\" data-fancybox=\"images\" data-caption=\"Bundestrainer Olaf Lange kann bei der Basketball-WM in Berlin mit Nyara Sabally planen. - \u00a9 Soeren Stache\/dpa\" rel=\"nofollow noopener\" target=\"_blank\"><br \/>\n<img decoding=\"async\"  src=\"https:\/\/www.europesays.com\/de\/wp-content\/uploads\/2026\/09\/260902-1826-urn-newsml-dpa-com-20090101-260902-935-1583327.webp\" loading=\"lazy\" width=\"1000\" alt=\"Bundestrainer Olaf Lange kann bei der Basketball-WM in Berlin mit Nyara Sabally planen. - \u00a9 Soeren Stache\/dpa\"\/><\/p>\n<p><\/a><\/p>\n<p>Bundestrainer Olaf Lange kann bei der Basketball-WM in Berlin mit Nyara Sabally planen. &#8211; \u00a9 Soeren Stache\/dpa<\/p>\n<p id=\"absatz5\" class=\"em_text\">In Berlin nahm der WNBA-Champion von 2024 aber wieder das Training auf und machte dabei einen guten Eindruck. Mit Nyara Sabally, Leonie Fiebich, Luisa Geisels\u00f6der und Friede B\u00fchner stehen damit vier Spielerinnen aus der besten Basketball-Liga der Welt im deutschen Kader. Die deutsche Mannschaft startet am Freitag (17.45 Uhr) gegen Spanien in die WM. Weitere Vorrundengegner sind am Samstag Japan und am Montag Mali. <\/p>\n","protected":false},"excerpt":{"rendered":"Kurz vor WM-Beginn gibt es gute Nachrichten f\u00fcr die deutschen Basketballerinnen. Nyara Sabally hat ihre Wadenprobleme \u00fcberwunden und&hellip;\n","protected":false},"author":2,"featured_media":1276723,"comment_status":"","ping_status":"","sticky":false,"template":"","format":"standard","meta":{"footnotes":"","_share_on_mastodon":"0"},"categories":[1825],"tags":[1941,1939,296,1937,29,30,1940,1938,262648,263458,258562,10593,5698,263457,67309],"class_list":["post-1276722","post","type-post","status-publish","format-standard","has-post-thumbnail","category-berlin","tag-aktuelle-nachrichten-aus-berlin","tag-aktuelle-news-aus-berlin","tag-berlin","tag-berlin-news","tag-deutschland","tag-germany","tag-nachrichten-aus-berlin","tag-news-aus-berlin","tag-olaf-lange","tag-patricia-brossmann","tag-satou-sabally","tag-toronto","tag-turnier","tag-wadenproblem","tag-wnba"],"share_on_mastodon":{"url":"","error":""},"_links":{"self":[{"href":"https:\/\/www.europesays.com\/de\/wp-json\/wp\/v2\/posts\/1276722","targetHints":{"allow":["GET"]}}],"collection":[{"href":"https:\/\/www.europesays.com\/de\/wp-json\/wp\/v2\/posts"}],"about":[{"href":"https:\/\/www.europesays.com\/de\/wp-json\/wp\/v2\/types\/post"}],"author":[{"embeddable":true,"href":"https:\/\/www.europesays.com\/de\/wp-json\/wp\/v2\/users\/2"}],"replies":[{"embeddable":true,"href":"https:\/\/www.europesays.com\/de\/wp-json\/wp\/v2\/comments?post=1276722"}],"version-history":[{"count":0,"href":"https:\/\/www.europesays.com\/de\/wp-json\/wp\/v2\/posts\/1276722\/revisions"}],"wp:featuredmedia":[{"embeddable":true,"href":"https:\/\/www.europesays.com\/de\/wp-json\/wp\/v2\/media\/1276723"}],"wp:attachment":[{"href":"https:\/\/www.europesays.com\/de\/wp-json\/wp\/v2\/media?parent=1276722"}],"wp:term":[{"taxonomy":"category","embeddable":true,"href":"https:\/\/www.europesays.com\/de\/wp-json\/wp\/v2\/categories?post=1276722"},{"taxonomy":"post_tag","embeddable":true,"href":"https:\/\/www.europesays.com\/de\/wp-json\/wp\/v2\/tags?post=1276722"}],"curies":[{"name":"wp","href":"https:\/\/api.w.org\/{rel}","templated":true}]}}