{"id":1276724,"date":"2026-09-02T22:04:27","date_gmt":"2026-09-02T22:04:27","guid":{"rendered":"https:\/\/www.europesays.com\/de\/1276724\/"},"modified":"2026-09-02T22:04:27","modified_gmt":"2026-09-02T22:04:27","slug":"erfolgsmodell-baden-wuerttemberg-cem-oezdemir-macht-wahlkampf-fuer-die-berliner-gruenen","status":"publish","type":"post","link":"https:\/\/www.europesays.com\/de\/1276724\/","title":{"rendered":"Erfolgsmodell Baden-W\u00fcrttemberg?: Cem \u00d6zdemir macht Wahlkampf f\u00fcr die Berliner Gr\u00fcnen"},"content":{"rendered":"<p class=\"tspBAkv tspBAkw\">Die Frage ist unvermeidlich. Cem \u00d6zdemir und Werner Graf stehen am Mittwoch in einem Industriegebiet in Berlin-Marzahn. Der Ministerpr\u00e4sident aus Baden-W\u00fcrttemberg ist f\u00fcr zwei Wahlkampf-Termine in die Hauptstadt gekommen. Nach dem Besuch von vier mittelst\u00e4ndischen Unternehmen will er zusammen <a href=\"https:\/\/www.tagesspiegel.de\/checkpoint\/grunen-spitzenkandidat-werner-graf-im-checkpoint-podcast-wir-wollen-dass-vermieter-die-sich-nicht-an-recht-und-gesetz-halten-vom-wohnungsmarkt-fliegen-15901493.html?icid=in-text-link_16008043\" class=\"link link--internal\" data-gtm-class=\"article-text-link\" data-gtm-val=\"internal\" rel=\"nofollow noopener\" target=\"_blank\">mit dem Spitzenkandidaten der Berliner Gr\u00fcnen<\/a> noch Brezeln in Prenzlauer Berg verteilen.<\/p>\n","protected":false},"excerpt":{"rendered":"Die Frage ist unvermeidlich. Cem \u00d6zdemir und Werner Graf stehen am Mittwoch in einem Industriegebiet in Berlin-Marzahn. Der&hellip;\n","protected":false},"author":2,"featured_media":1276725,"comment_status":"","ping_status":"","sticky":false,"template":"","format":"standard","meta":{"footnotes":"","_share_on_mastodon":"0"},"categories":[1825],"tags":[1634,296,51,29,30,1891,56,860,47088],"class_list":["post-1276724","post","type-post","status-publish","format-standard","has-post-thumbnail","category-berlin","tag-baden-wuerttemberg","tag-berlin","tag-cem-oezdemir","tag-deutschland","tag-germany","tag-landespolitik-berlin","tag-marzahn-hellersdorf","tag-sachsen-anhalt","tag-werner-graf"],"share_on_mastodon":{"url":"https:\/\/pubeurope.com\/@de\/117203714951245368","error":""},"_links":{"self":[{"href":"https:\/\/www.europesays.com\/de\/wp-json\/wp\/v2\/posts\/1276724","targetHints":{"allow":["GET"]}}],"collection":[{"href":"https:\/\/www.europesays.com\/de\/wp-json\/wp\/v2\/posts"}],"about":[{"href":"https:\/\/www.europesays.com\/de\/wp-json\/wp\/v2\/types\/post"}],"author":[{"embeddable":true,"href":"https:\/\/www.europesays.com\/de\/wp-json\/wp\/v2\/users\/2"}],"replies":[{"embeddable":true,"href":"https:\/\/www.europesays.com\/de\/wp-json\/wp\/v2\/comments?post=1276724"}],"version-history":[{"count":0,"href":"https:\/\/www.europesays.com\/de\/wp-json\/wp\/v2\/posts\/1276724\/revisions"}],"wp:featuredmedia":[{"embeddable":true,"href":"https:\/\/www.europesays.com\/de\/wp-json\/wp\/v2\/media\/1276725"}],"wp:attachment":[{"href":"https:\/\/www.europesays.com\/de\/wp-json\/wp\/v2\/media?parent=1276724"}],"wp:term":[{"taxonomy":"category","embeddable":true,"href":"https:\/\/www.europesays.com\/de\/wp-json\/wp\/v2\/categories?post=1276724"},{"taxonomy":"post_tag","embeddable":true,"href":"https:\/\/www.europesays.com\/de\/wp-json\/wp\/v2\/tags?post=1276724"}],"curies":[{"name":"wp","href":"https:\/\/api.w.org\/{rel}","templated":true}]}}