{"id":1276726,"date":"2026-09-02T22:05:31","date_gmt":"2026-09-02T22:05:31","guid":{"rendered":"https:\/\/www.europesays.com\/de\/1276726\/"},"modified":"2026-09-02T22:05:31","modified_gmt":"2026-09-02T22:05:31","slug":"berlin-pflegekraefte-an-der-berliner-charite-beginnen-dreitaegigen-warnstreik","status":"publish","type":"post","link":"https:\/\/www.europesays.com\/de\/1276726\/","title":{"rendered":"Berlin: Pflegekr\u00e4fte an der Berliner Charit\u00e9 beginnen dreit\u00e4gigen Warnstreik"},"content":{"rendered":"<p>            <img loading=\"lazy\" decoding=\"async\" class=\"ts-image\" src=\"https:\/\/www.europesays.com\/de\/wp-content\/uploads\/2026\/09\/rbb-streik-charit-100.jpg\" alt=\"Archivbild: Streikdemonstranten vor der Charit\u00e9 (Quelle: imago images\/C.Ditsch)\" title=\"Streik Charit\u00e9 | imago images\/C.Ditsch\"\/><\/p>\n<p class=\"metatextline\">Stand: 02.09.2026 \u2022 21:43 Uhr<\/p>\n<p class=\"textabsatz m-ten m-offset-one l-eight l-offset-two columns twelve\">An der Berliner Charit\u00e9 hat am Mittwochmorgen ein dreit\u00e4giger Warnstreik der Pflegekr\u00e4fte begonnen. Dazu aufgerufen hat die Gewerkschaft Verdi. Sie streitet unter anderem daf\u00fcr, dass ein sogenannter Entlastungstarifvertrag weiterentwickelt wird. Darin wurde bis Ende August geregelt, wie mit personeller Unterbesetzung umgegangen wird. Die Charit\u00e9 hat diesen Tarifvertrag gek\u00fcndigt. Aus Sicht von Verdi hatte der Tarifvertrag die Arbeitsbedingungen an der Charit\u00e9 verbessert, unter anderem durch verbindliche Personalvorgaben und einen Belastungsausgleich f\u00fcr Arbeiten in Unterbesetzung.<\/p>\n<p>    Gericht ordnet Ausweitung des Charit\u00e9-Notdienstes an<\/p>\n<p class=\"textabsatz m-ten m-offset-one l-eight l-offset-two columns twelve\">Der Notdienstplan an der Charit\u00e9 im Rahmen des Warnstreiks muss ausgeweitet werden. Die Klinikleitung hat vor dem Berliner Arbeitsgericht eine einstweilige Verf\u00fcgung erwirkt. Damit wird laut Klinikum auch w\u00e4hrend eines Streiks sichergestellt, dass unaufschiebbare Behandlungen stattfinden k\u00f6nnen. Die Notdienstregelung lege dar\u00fcber hinaus fest, welche Besch\u00e4ftigten w\u00e4hrend des Streiks arbeiten m\u00fcssen und in welchem Umfang. Verdi spricht in einer Pressemitteilung von einer &#8222;skandal\u00f6sen Einschr\u00e4nkung des Streikrechts&#8220;. Aus Sicht der Gewerkschaft w\u00fcrde die von der Charit\u00e9 geforderte Notdienstbesetzung faktisch zu einer Aufrechterhaltung des Normalbetriebs f\u00fchren. An der Charit\u00e9 sind nach Angaben des Unternehmenssprechers etwa 7.000 Pflegekr\u00e4fte t\u00e4tig.<\/p>\n<p class=\"textabsatz m-ten m-offset-one l-eight l-offset-two columns twelve\">Sendung: radioeins vom rbb, 02.09.2026, 19:00 Uhr Audio: radioeins vom rbb, 02.09.2026, Alexandra Nestmann<\/p>\n<p>                                        <a class=\"backlink__link\" href=\"https:\/\/www.rbb24.de\/wirtschaft\/beitrag\/2026\/09\/berlin-charite-streik-pflegekraefte.html\" rel=\"nofollow noopener\" target=\"_blank\"><\/p>\n<p>                                                <img decoding=\"async\" src=\"https:\/\/images.tagesschau.de\/image\/898f19c3-6760-4be2-a33f-1fa765216ec2\/AAABlap_olM\/AAABnR8VW9w\/original\/lra-rbb-logo-100.svg\" alt=\"Rundfunk Berlin-Brandenburg\"\/><\/p>\n<p>                                        <\/a><\/p>\n","protected":false},"excerpt":{"rendered":"Stand: 02.09.2026 \u2022 21:43 Uhr An der Berliner Charit\u00e9 hat am Mittwochmorgen ein dreit\u00e4giger Warnstreik der Pflegekr\u00e4fte begonnen.&hellip;\n","protected":false},"author":2,"featured_media":1276727,"comment_status":"","ping_status":"","sticky":false,"template":"","format":"standard","meta":{"footnotes":"","_share_on_mastodon":"0"},"categories":[1825],"tags":[296,29,30,2239],"class_list":["post-1276726","post","type-post","status-publish","format-standard","has-post-thumbnail","category-berlin","tag-berlin","tag-deutschland","tag-germany","tag-rbb"],"share_on_mastodon":{"url":"https:\/\/pubeurope.com\/@de\/117203721777754312","error":""},"_links":{"self":[{"href":"https:\/\/www.europesays.com\/de\/wp-json\/wp\/v2\/posts\/1276726","targetHints":{"allow":["GET"]}}],"collection":[{"href":"https:\/\/www.europesays.com\/de\/wp-json\/wp\/v2\/posts"}],"about":[{"href":"https:\/\/www.europesays.com\/de\/wp-json\/wp\/v2\/types\/post"}],"author":[{"embeddable":true,"href":"https:\/\/www.europesays.com\/de\/wp-json\/wp\/v2\/users\/2"}],"replies":[{"embeddable":true,"href":"https:\/\/www.europesays.com\/de\/wp-json\/wp\/v2\/comments?post=1276726"}],"version-history":[{"count":0,"href":"https:\/\/www.europesays.com\/de\/wp-json\/wp\/v2\/posts\/1276726\/revisions"}],"wp:featuredmedia":[{"embeddable":true,"href":"https:\/\/www.europesays.com\/de\/wp-json\/wp\/v2\/media\/1276727"}],"wp:attachment":[{"href":"https:\/\/www.europesays.com\/de\/wp-json\/wp\/v2\/media?parent=1276726"}],"wp:term":[{"taxonomy":"category","embeddable":true,"href":"https:\/\/www.europesays.com\/de\/wp-json\/wp\/v2\/categories?post=1276726"},{"taxonomy":"post_tag","embeddable":true,"href":"https:\/\/www.europesays.com\/de\/wp-json\/wp\/v2\/tags?post=1276726"}],"curies":[{"name":"wp","href":"https:\/\/api.w.org\/{rel}","templated":true}]}}