{"id":1276730,"date":"2026-09-02T22:08:25","date_gmt":"2026-09-02T22:08:25","guid":{"rendered":"https:\/\/www.europesays.com\/de\/1276730\/"},"modified":"2026-09-02T22:08:25","modified_gmt":"2026-09-02T22:08:25","slug":"autohandel-autohaus-koenig-meldet-insolvenz-an","status":"publish","type":"post","link":"https:\/\/www.europesays.com\/de\/1276730\/","title":{"rendered":"Autohandel: Autohaus K\u00f6nig meldet Insolvenz an"},"content":{"rendered":"<p class=\"tspBAkv tspBAkw\">Die Autohauskette K\u00f6nig hat Insolvenz beantragt. Das Berliner Unternehmen hatte den Antrag beim Amtsgericht Charlottenburg eingereicht, wie das Gericht mitteilte. Das Gericht bestellte nun einen Insolvenzverwalter ein und richtete einen vorl\u00e4ufigen Gl\u00e4ubigerausschuss ein &#8211; unter anderem mit Vertretern von Renault, Stellantis Bank, Euler Hermes und der Bundesagentur f\u00fcr Arbeit.\u00a0<\/p>\n<p class=\"tspBAkv\">Autohaus K\u00f6nig betreibt in Deutschland nach eigenen Angaben rund 80 Standorte. Das Unternehmen wurde 1966 in Berlin gegr\u00fcndet und wuchs mit einem Reparaturbetrieb und dem Gebrauchtwagenhandel an. \u201eSeit den 80er-Jahren ist das Autohaus K\u00f6nig offizieller Vertragspartner von Renault, womit die eigentliche Erfolgsgeschichte der Autohandelsgruppe ins Rollen kommt\u201c, hie\u00df es auf der Internetseite des Unternehmens. Besonders in Ostdeutschland unterh\u00e4lt das Unternehmen viele Standorte. In der Krise der deutschen Autoindustrie musste zuletzt auch der Handel mit Kraftwagen Umsatzeinbu\u00dfen hinnehmen.<\/p>\n<p class=\"tspBAkv\">In einer fr\u00fcheren Version des Artikels hie\u00df es im 1. Abs. f\u00e4lschlich, der Insolvenzantrag sei beim \u00abAmtsgericht Charlottenhof\u00bb eingereicht worden. Richtig ist das \u00abAmtsgericht Charlottenburg\u00bb.<\/p>\n<p class=\"tspBAkv\">\u00a9 dpa-infocom, dpa:260902-930-623116\/2<\/p>\n<p class=\"tspBAkv\">Das ist eine Nachricht direkt aus dem dpa-Newskanal.<\/p>\n","protected":false},"excerpt":{"rendered":"Die Autohauskette K\u00f6nig hat Insolvenz beantragt. Das Berliner Unternehmen hatte den Antrag beim Amtsgericht Charlottenburg eingereicht, wie das&hellip;\n","protected":false},"author":2,"featured_media":1276731,"comment_status":"","ping_status":"","sticky":false,"template":"","format":"standard","meta":{"footnotes":"","_share_on_mastodon":"0"},"categories":[1825],"tags":[296,29,30],"class_list":["post-1276730","post","type-post","status-publish","format-standard","has-post-thumbnail","category-berlin","tag-berlin","tag-deutschland","tag-germany"],"share_on_mastodon":{"url":"https:\/\/pubeurope.com\/@de\/117203730934078653","error":""},"_links":{"self":[{"href":"https:\/\/www.europesays.com\/de\/wp-json\/wp\/v2\/posts\/1276730","targetHints":{"allow":["GET"]}}],"collection":[{"href":"https:\/\/www.europesays.com\/de\/wp-json\/wp\/v2\/posts"}],"about":[{"href":"https:\/\/www.europesays.com\/de\/wp-json\/wp\/v2\/types\/post"}],"author":[{"embeddable":true,"href":"https:\/\/www.europesays.com\/de\/wp-json\/wp\/v2\/users\/2"}],"replies":[{"embeddable":true,"href":"https:\/\/www.europesays.com\/de\/wp-json\/wp\/v2\/comments?post=1276730"}],"version-history":[{"count":0,"href":"https:\/\/www.europesays.com\/de\/wp-json\/wp\/v2\/posts\/1276730\/revisions"}],"wp:featuredmedia":[{"embeddable":true,"href":"https:\/\/www.europesays.com\/de\/wp-json\/wp\/v2\/media\/1276731"}],"wp:attachment":[{"href":"https:\/\/www.europesays.com\/de\/wp-json\/wp\/v2\/media?parent=1276730"}],"wp:term":[{"taxonomy":"category","embeddable":true,"href":"https:\/\/www.europesays.com\/de\/wp-json\/wp\/v2\/categories?post=1276730"},{"taxonomy":"post_tag","embeddable":true,"href":"https:\/\/www.europesays.com\/de\/wp-json\/wp\/v2\/tags?post=1276730"}],"curies":[{"name":"wp","href":"https:\/\/api.w.org\/{rel}","templated":true}]}}