{"id":1276736,"date":"2026-09-02T22:12:20","date_gmt":"2026-09-02T22:12:20","guid":{"rendered":"https:\/\/www.europesays.com\/de\/1276736\/"},"modified":"2026-09-02T22:12:20","modified_gmt":"2026-09-02T22:12:20","slug":"ex-bayern-profi-christian-lell-nimmt-an-tv-show-promi-big-brother-teil","status":"publish","type":"post","link":"https:\/\/www.europesays.com\/de\/1276736\/","title":{"rendered":"Ex-Bayern-Profi Christian Lell nimmt an TV-Show &#8222;Promi Big Brother&#8220; teil"},"content":{"rendered":"<p>Christian Lell geh\u00f6rt zu den Kandidaten von &#8222;Promi Big Brother&#8220;. In der Reality-Show bekommt es der ehemalige Spieler des FC Bayern auch mit einer Legende des Boxsports zu tun.<\/p>\n<p class=\"wp-block-paragraph\"><a href=\"https:\/\/www.sport1.de\/news\/fussball\/2025\/04\/das-war-ein-pulverfass-ex-bayern-spieler-christian-lell-im-exklusiven-sport1-interview\" id=\"https:\/\/www.sport1.de\/news\/fussball\/2025\/04\/das-war-ein-pulverfass-ex-bayern-spieler-christian-lell-im-exklusiven-sport1-interview\" rel=\"nofollow noopener\" target=\"_blank\">Christian Lell<\/a> wird bei der TV-Show \u201ePromi Big Brother\u201c an den Start gehen. Das wurde am Mittwoch \u00fcber den eigenen Instagram-Account des Formats bekannt gegeben.<\/p>\n<p class=\"wp-block-paragraph\">In der 14. Staffel der Reality-Show geht es ab dem 5. Oktober wieder um eine Siegpr\u00e4mie von 100.000 Euro \u2013 oft kommt oft noch eine individuelle Gage der Prominenten hinzu.<\/p>\n<p><img decoding=\"async\" loading=\"lazy\" src=\"https:\/\/www.europesays.com\/de\/wp-content\/uploads\/2025\/04\/1744158617_144_200x0.jpeg\" class=\"sc-dicizt gzXltM\"\/>Wenn du hier klickst, siehst du Instagram-Inhalte und willigst ein, dass deine Daten zu den in der Datenschutzerkl\u00e4rung von Instagram dargestellten Zwecken verarbeitet werden. SPORT1 hat keinen Einfluss auf diese Datenverarbeitung. Du hast auch die M\u00f6glichkeit alle Social Widgets zu aktivieren. Hinweise zum Widerruf findest du hier.<\/p>\n<p>Promi Big Brother: Lell tritt gegen Box-Legende Schulz an<\/p>\n<p class=\"wp-block-paragraph\">Der ehemalige Bayern-Profi bekommt unter anderem von <a href=\"https:\/\/www.sport1.de\/news\/kampfsport\/boxen\/2026\/06\/boxen-das-miese-spiel-um-axel-schulz\" id=\"https:\/\/www.sport1.de\/news\/kampfsport\/boxen\/2026\/06\/boxen-das-miese-spiel-um-axel-schulz\" rel=\"nofollow noopener\" target=\"_blank\">Box-Legende Axel Schulz<\/a>, No-Angels-S\u00e4ngerin\u00a0Nadja Benaissa\u00a0und Kult-Gastronom\u00a0Redo Gesellschaft.\u00a0Moderiert wird das Format von Marlene Lufen\u00a0und\u00a0Jochen Schropp.<\/p>\n<p class=\"wp-block-paragraph\">Die Kandidaten tauschen in der Sendung ihr luxuri\u00f6ses Leben gegen eine 24-st\u00fcndige Kamera\u00fcberwachung unter freiem Himmel \u2013 ohne jeglichen Kontakt zur Au\u00dfenwelt.<\/p>\n<p class=\"wp-block-paragraph\">\u201eIch habe mir vorgenommen, den Aufenthalt bei \u201aPromi Big Brother\u2018 als pers\u00f6nlichen Reset zu nutzen und auch unter diesen besonderen Bedingungen meinen meditativen Lebensstil zu leben\u201c, wird Lell von Joyn zitiert.<\/p>\n<p class=\"wp-block-paragraph\">Die Plattform wird neben den t\u00e4glichen Ausstrahlungen (20.15 Uhr) auch einen 24-Stunden-Livestream anbieten.<\/p>\n","protected":false},"excerpt":{"rendered":"Christian Lell geh\u00f6rt zu den Kandidaten von &#8222;Promi Big Brother&#8220;. In der Reality-Show bekommt es der ehemalige Spieler&hellip;\n","protected":false},"author":2,"featured_media":1276737,"comment_status":"","ping_status":"","sticky":false,"template":"","format":"standard","meta":{"footnotes":"","_share_on_mastodon":"0"},"categories":[1773],"tags":[29,214,30,471,1780,215],"class_list":["post-1276736","post","type-post","status-publish","format-standard","has-post-thumbnail","category-serien","tag-deutschland","tag-entertainment","tag-germany","tag-serien","tag-series","tag-unterhaltung"],"share_on_mastodon":{"url":"","error":""},"_links":{"self":[{"href":"https:\/\/www.europesays.com\/de\/wp-json\/wp\/v2\/posts\/1276736","targetHints":{"allow":["GET"]}}],"collection":[{"href":"https:\/\/www.europesays.com\/de\/wp-json\/wp\/v2\/posts"}],"about":[{"href":"https:\/\/www.europesays.com\/de\/wp-json\/wp\/v2\/types\/post"}],"author":[{"embeddable":true,"href":"https:\/\/www.europesays.com\/de\/wp-json\/wp\/v2\/users\/2"}],"replies":[{"embeddable":true,"href":"https:\/\/www.europesays.com\/de\/wp-json\/wp\/v2\/comments?post=1276736"}],"version-history":[{"count":0,"href":"https:\/\/www.europesays.com\/de\/wp-json\/wp\/v2\/posts\/1276736\/revisions"}],"wp:featuredmedia":[{"embeddable":true,"href":"https:\/\/www.europesays.com\/de\/wp-json\/wp\/v2\/media\/1276737"}],"wp:attachment":[{"href":"https:\/\/www.europesays.com\/de\/wp-json\/wp\/v2\/media?parent=1276736"}],"wp:term":[{"taxonomy":"category","embeddable":true,"href":"https:\/\/www.europesays.com\/de\/wp-json\/wp\/v2\/categories?post=1276736"},{"taxonomy":"post_tag","embeddable":true,"href":"https:\/\/www.europesays.com\/de\/wp-json\/wp\/v2\/tags?post=1276736"}],"curies":[{"name":"wp","href":"https:\/\/api.w.org\/{rel}","templated":true}]}}