{"id":127674,"date":"2025-05-21T09:04:10","date_gmt":"2025-05-21T09:04:10","guid":{"rendered":"https:\/\/www.europesays.com\/de\/127674\/"},"modified":"2025-05-21T09:04:10","modified_gmt":"2025-05-21T09:04:10","slug":"alphavalue-baader-europe-revidiert-eps-schaetzungen-fuer-abn-amro-bank-aufgrund-niedrigerer-nettozinsertraege","status":"publish","type":"post","link":"https:\/\/www.europesays.com\/de\/127674\/","title":{"rendered":"AlphaValue\/Baader Europe revidiert EPS-Sch\u00e4tzungen f\u00fcr ABN Amro Bank aufgrund niedrigerer Nettozinsertr\u00e4ge"},"content":{"rendered":"<p><img decoding=\"async\" class=\"pr-5\" height=\"30\" alt=\"Logo ABN AMRO Bank N.V.\" onerror=\"this.onerror=null;this.style.display = 'none'\" src=\"https:\/\/www.europesays.com\/de\/wp-content\/uploads\/2025\/05\/instruments-squared-24962165.png\"\/><br \/>\n        ABN AMRO Bank N.V. ist eine der f\u00fchrenden niederl\u00e4ndischen Bankengruppen. Der Nettozinsertrag verteilt sich wie folgt auf die einzelnen Aktivit\u00e4ten:  &#8211; Kommerz- und Privatkundengesch\u00e4ft (50,2%);  &#8211; Firmenkundengesch\u00e4ft (35,1%);  &#8211; Verm\u00f6gensverwaltung (14,3%);  &#8211; Sonstige (0,4%).  Ende 2024 verwaltete die Gruppe 256,2 Milliarden Euro an laufenden Einlagen und 248,8 Milliarden Euro an laufenden Krediten.  Die Nettozinsertr\u00e4ge verteilen sich geografisch wie folgt: Niederlande (91,3%), Europa (5,5%), Vereinigte Staaten (1,9%), Asien (0,9%) und Sonstige (0,4%).<\/p>\n","protected":false},"excerpt":{"rendered":"ABN AMRO Bank N.V. ist eine der f\u00fchrenden niederl\u00e4ndischen Bankengruppen. Der Nettozinsertrag verteilt sich wie folgt auf die&hellip;\n","protected":false},"author":2,"featured_media":20500,"comment_status":"","ping_status":"","sticky":false,"template":"","format":"standard","meta":{"footnotes":""},"categories":[3933],"tags":[331,332,665,548,663,158,3934,3935,13,14,15,12],"class_list":{"0":"post-127674","1":"post","2":"type-post","3":"status-publish","4":"format-standard","5":"has-post-thumbnail","7":"category-eu","8":"tag-aktuelle-nachrichten","9":"tag-aktuelle-news","10":"tag-boerse","11":"tag-eu","12":"tag-europa","13":"tag-europaeische-union","14":"tag-europe","15":"tag-european-union","16":"tag-headlines","17":"tag-nachrichten","18":"tag-news","19":"tag-schlagzeilen"},"share_on_mastodon":{"url":"https:\/\/pubeurope.com\/@de\/114545024497196589","error":""},"_links":{"self":[{"href":"https:\/\/www.europesays.com\/de\/wp-json\/wp\/v2\/posts\/127674","targetHints":{"allow":["GET"]}}],"collection":[{"href":"https:\/\/www.europesays.com\/de\/wp-json\/wp\/v2\/posts"}],"about":[{"href":"https:\/\/www.europesays.com\/de\/wp-json\/wp\/v2\/types\/post"}],"author":[{"embeddable":true,"href":"https:\/\/www.europesays.com\/de\/wp-json\/wp\/v2\/users\/2"}],"replies":[{"embeddable":true,"href":"https:\/\/www.europesays.com\/de\/wp-json\/wp\/v2\/comments?post=127674"}],"version-history":[{"count":0,"href":"https:\/\/www.europesays.com\/de\/wp-json\/wp\/v2\/posts\/127674\/revisions"}],"wp:featuredmedia":[{"embeddable":true,"href":"https:\/\/www.europesays.com\/de\/wp-json\/wp\/v2\/media\/20500"}],"wp:attachment":[{"href":"https:\/\/www.europesays.com\/de\/wp-json\/wp\/v2\/media?parent=127674"}],"wp:term":[{"taxonomy":"category","embeddable":true,"href":"https:\/\/www.europesays.com\/de\/wp-json\/wp\/v2\/categories?post=127674"},{"taxonomy":"post_tag","embeddable":true,"href":"https:\/\/www.europesays.com\/de\/wp-json\/wp\/v2\/tags?post=127674"}],"curies":[{"name":"wp","href":"https:\/\/api.w.org\/{rel}","templated":true}]}}