{"id":1276749,"date":"2026-09-02T22:19:25","date_gmt":"2026-09-02T22:19:25","guid":{"rendered":"https:\/\/www.europesays.com\/de\/1276749\/"},"modified":"2026-09-02T22:19:25","modified_gmt":"2026-09-02T22:19:25","slug":"autohaus-koenig-stellt-insolvenzantrag-welche-standorte-jetzt-betroffen-sind","status":"publish","type":"post","link":"https:\/\/www.europesays.com\/de\/1276749\/","title":{"rendered":"Autohaus K\u00f6nig stellt Insolvenzantrag: Welche Standorte jetzt betroffen sind"},"content":{"rendered":"<p class=\"topline\">Wirtschaft<\/p>\n<p>\n                Stand: 02.09.2026 21:26 Uhr<\/p>\n<p class=\"preface\">Die Autohaus-K\u00f6nig-Gruppe hat Insolvenz angemeldet. Betroffen sind mehr als 80 Standorte bundesweit, darunter zahlreiche Autoh\u00e4user in Sachsen-Anhalt, aber auch in Th\u00fcringen.<\/p>\n<p class=\"textauthor\">von MDR SACHSEN-ANHALT<\/p>\n<p>        <img decoding=\"async\" src=\"https:\/\/www.europesays.com\/de\/wp-content\/uploads\/2026\/08\/1787969123_972_google-handy-100.webp\" alt=\"Ein Handy liegt auf einer Laptoptastatur. Das Display zeigt das Google Logo\" title=\"Ein Handy liegt auf einer Laptoptastatur. Das Display zeigt das Google Logo |  IMAGO \/ SOPA Images\" class=\"responsive\" loading=\"lazy\"\/><\/p>\n<p>Nachrichten personalisieren<\/p>\n<p class=\"\">Die Autohaus-K\u00f6nig-Gruppe, einer der gr\u00f6\u00dften Autoh\u00e4ndler Deutschlands,<a href=\"https:\/\/www.mdr.de\/nachrichten\/app-aktuell\/audio-3452896.html\" title=\"Pleite von Autohaus K\u00f6nig\" rel=\"nofollow noopener\" target=\"_blank\"> hat Insolvenz angemeldet<\/a>. Das Berliner Amtsgericht Charlottenburg hat den Antrag auf Er\u00f6ffnung eines Insolvenzverfahrens best\u00e4tigt. K\u00f6nig betreibt bundesweit mehr als 80 Filialen und besch\u00e4ftigt nach eigenen Angaben \u00fcber 1.200 Mitarbeiter.<\/p>\n<p>                    <a href=\"https:\/\/www.europesays.com\/de\/wp-content\/uploads\/2026\/09\/autohaus-koenig-114.webp\" class=\"zoomimage\" title=\"Bild vergr\u00f6\u00dfern\"><\/p>\n<p>        <img decoding=\"async\" src=\"https:\/\/www.europesays.com\/de\/wp-content\/uploads\/2026\/09\/autohaus-koenig-114.webp\" alt=\"Autohaus K\u00f6nig in Th\u00fcringen\" title=\"Autohaus K\u00f6nig hat  Insolvenz angemeldet: Mehr als 20 Standorte in Sachsen-Anhalt und Th\u00fcringen betroffen | Michael Hesse\" class=\"responsive\" loading=\"lazy\"\/><\/p>\n<p>                    <\/a><\/p>\n<p>                    Autohaus K\u00f6nig hat  Insolvenz angemeldet: Mehr als 20 Standorte in Sachsen-Anhalt und Th\u00fcringen betroffen<\/p>\n<p class=\"\">Von der Insolvenz sind auch zahlreiche Standorte in <a href=\"https:\/\/www.mdr.de\/nachrichten\/sachsen-anhalt\" title=\"Sachsen-Anhalt | Aktuelle Nachrichten, News und Videos\" rel=\"nofollow noopener\" target=\"_blank\">Sachsen-Anhalt<\/a> und Th\u00fcringen betroffen. In Sachsen-Anhalt betreibt die K\u00f6nig-Gruppe mehr als zehn Autoh\u00e4user, darunter in <a href=\"https:\/\/www.mdr.de\/nachrichten\/sachsen-anhalt\/halle\/halle\" title=\"Raum Halle und Leipzig | Nachrichten und aktuelle Informationen\" rel=\"nofollow noopener\" target=\"_blank\">Halle<\/a>, <a href=\"https:\/\/www.mdr.de\/nachrichten\/sachsen-anhalt\/magdeburg\/magdeburg\" title=\"Magdeburg | Nachrichten und aktuelle Informationen\" rel=\"nofollow noopener\" target=\"_blank\">Magdeburg<\/a>, <a href=\"https:\/\/www.mdr.de\/nachrichten\/sachsen-anhalt\/dessau\/dessau-rosslau\" title=\"Dessau-Ro\u00dflau, Anhalt und Landkreis Wittenberg | Nachrichten und aktuelle Informationen\" rel=\"nofollow noopener\" target=\"_blank\">Dessau-Ro\u00dflau<\/a>, Haldensleben (<a href=\"https:\/\/www.mdr.de\/nachrichten\/sachsen-anhalt\/magdeburg\/boerde\" title=\"Landkreis B\u00f6rde, Harz, Magdeburg | Nachrichten und aktuelle Informationen\" rel=\"nofollow noopener\" target=\"_blank\">B\u00f6rde<\/a>), Heyrothsberge (<a href=\"https:\/\/www.mdr.de\/nachrichten\/sachsen-anhalt\/magdeburg\/jerichow\" title=\"Jerichower Land, Magdeburg, Salzlandkreis und B\u00f6rde | Nachrichten und aktuelle Informationen\" rel=\"nofollow noopener\" target=\"_blank\">Jerichower Land<\/a>), Merseburg (<a href=\"https:\/\/www.mdr.de\/nachrichten\/sachsen-anhalt\/halle\/saalekreis\" title=\"Saalekreis, Raum Halle und Raum Leipzig | Nachrichten und aktuelle Informationen\" rel=\"nofollow noopener\" target=\"_blank\">Saalekreis<\/a>), Sch\u00f6nebeck (<a href=\"https:\/\/www.mdr.de\/nachrichten\/sachsen-anhalt\/magdeburg\/salzland\" title=\"Salzlandkreis, Magdeburg, B\u00f6rde und Jerichower Land | Nachrichten und aktuelle Informationen\" rel=\"nofollow noopener\" target=\"_blank\">Salzlandkreis<\/a>) und Zerbst (<a href=\"https:\/\/www.mdr.de\/nachrichten\/sachsen-anhalt\/dessau\/anhalt\" title=\"Anhalt, Dessau-Ro\u00dflau und Landkreis Wittenberg | Nachrichten und aktuelle Informationen\" rel=\"nofollow noopener\" target=\"_blank\">Anhalt-Bitterfeld<\/a>). In Th\u00fcringen geh\u00f6ren zehn Standorte zur Unternehmensgruppe, darunter drei Autoh\u00e4user in Erfurt sowie weitere Niederlassungen in Jena, Gera und Suhl. In Sachsen gibt es nach Unternehmensangaben nur ein paar wenige Autoh\u00e4user im Raum Leipzig.<\/p>\n<p class=\"\">Die Besch\u00e4ftigten wurden nach Unternehmensangaben bereits \u00fcber den Insolvenzantrag informiert.<\/p>\n<p>    Zahlreiche Standorte im Osten betroffen<\/p>\n<p class=\"\">Die Autohaus-K\u00f6nig-Gruppe wurde vor rund 60 Jahren in Berlin gegr\u00fcndet und z\u00e4hlt heute zu den gr\u00f6\u00dften Autohandelsgruppen Deutschlands. Neben den Standorten in Sachsen-Anhalt und Th\u00fcringen ist das Unternehmen bundesweit vertreten.<\/p>\n<p class=\"\">In Th\u00fcringen ist Autohaus K\u00f6nig zudem Hauptsponsor des Fu\u00dfball-Regionalligisten FC Carl Zeiss Jena. Der aktuelle Sponsorenvertrag l\u00e4uft noch bis zum Sommer 2028. Ob und in welcher Form das Engagement fortgef\u00fchrt wird, ist derzeit offen.<\/p>\n<p>    Branchenvertreter sieht schnelles Wachstum als Ursache<\/p>\n<p class=\"\">Der Pr\u00e4sident des Th\u00fcringer Kfz-Landesverbands, Helmut Peter, sieht das rasche Wachstum der Unternehmensgruppe als einen wesentlichen Grund f\u00fcr die wirtschaftlichen Schwierigkeiten.<\/p>\n<p class=\"\">Nach seiner Einsch\u00e4tzung sei nicht allein die Er\u00f6ffnung neuer Standorte ausschlaggebend gewesen. Mit dem Wachstum m\u00fcssten auch die Beziehungen zu Herstellern und Importeuren professionell gesteuert werden. Genau hier habe es offenbar Herausforderungen gegeben, sagte Peter, der selbst Chef einer Autohaus-Gruppe ist.<\/p>\n<p>    Fachkr\u00e4fte weiterhin gefragt<\/p>\n<p class=\"\">Um die Besch\u00e4ftigten macht sich der Branchenvertreter nach eigenen Angaben nur wenig Sorgen. Gut ausgebildete Fachkr\u00e4fte seien in der Automobilbranche derzeit vielerorts gefragt.<\/p>\n<p class=\"\">Auch f\u00fcr Kunden erwartet Peter voraussichtlich keine gr\u00f6\u00dferen Nachteile. Bestehende Vertr\u00e4ge, Garantien und Serviceleistungen w\u00fcrden im Falle von Verk\u00e4ufen oder \u00dcbernahmen in der Regel durch andere H\u00e4ndler weitergef\u00fchrt.<\/p>\n<p>    Was die Insolvenz f\u00fcr Kunden bedeutet<\/p>\n<p class=\"\">Nach Einsch\u00e4tzung von Branchenvertretern m\u00fcssen Kunden vorerst nicht mit Einschr\u00e4nkungen rechnen. Vertr\u00e4ge und Garantieanspr\u00fcche bleiben bei einer \u00dcbernahme von Standorten \u00fcblicherweise bestehen. Wie es mit den einzelnen Autoh\u00e4usern weitergeht, wird sich jedoch erst im Verlauf des Insolvenzverfahrens zeigen.<\/p>\n<p>Mehr zu Autoh\u00e4ndlern in Mitteldeutschland<\/p>\n<p>        <img decoding=\"async\" src=\"https:\/\/www.europesays.com\/de\/wp-content\/uploads\/2026\/09\/mdraktuell-neuwagen-autos-102.webp\" alt=\"Autos stehen bei einem H\u00e4ndler nebeneinander.\" title=\"Autos stehen bei einem H\u00e4ndler nebeneinander. | picture alliance\/dpa | Sebastian Kahnert\" class=\"responsive\" loading=\"lazy\"\/><\/p>\n<p>        <img decoding=\"async\" src=\"https:\/\/www.europesays.com\/de\/wp-content\/uploads\/2026\/09\/autohaus-symbolbild-102.webp\" alt=\"Eine Reihe neuer Fords  vor einem Autohaus.\" title=\"Eine Reihe neuer Fords  vor einem Autohaus. | IMAGO\/Bihlmayerfotografie\" class=\"responsive\" loading=\"lazy\"\/><\/p>\n<p>        <a href=\"https:\/\/www.mdr.de\/video\/mdr-videos\/f\/video-1607114.html\" aria-label=\"Zum Video (2 Min): Perspektive f\u00fcr insolvente Autoh\u00e4user\" rel=\"nofollow noopener\" target=\"_blank\"><\/p>\n<p>        <img decoding=\"async\" src=\"https:\/\/www.europesays.com\/de\/wp-content\/uploads\/2026\/09\/thj-55596.webp\" alt=\"Autohaus Schorr in Erfurt\" title=\"Autohaus Schorr in Erfurt | Mitteldeutscher Rundfunk\" class=\"responsive\" loading=\"lazy\"\/><\/p>\n<p>        <\/a><\/p>\n<p>Mehr zur Krise in der Automobilindustrie<\/p>\n<p class=\"\">MDR (ahr, LFH TH\u00dcRINGEN); Welt, Business Insider, Autohaus.de, Th\u00fcringer Kfz-Landesverband, Unternehmensangaben Autohaus K\u00f6nig Gruppe, Amtsgericht Charlottenburg\/Insolvenzbekanntmachung<\/p>\n","protected":false},"excerpt":{"rendered":"Wirtschaft Stand: 02.09.2026 21:26 Uhr Die Autohaus-K\u00f6nig-Gruppe hat Insolvenz angemeldet. Betroffen sind mehr als 80 Standorte bundesweit, darunter&hellip;\n","protected":false},"author":2,"featured_media":1276750,"comment_status":"","ping_status":"","sticky":false,"template":"","format":"standard","meta":{"footnotes":"","_share_on_mastodon":"0"},"categories":[134],"tags":[263464,263461,263465,175,170,169,29,7137,12438,263466,24492,30,263463,18261,7136,263462,171,174,14,860,26715,861,173,172],"class_list":["post-1276749","post","type-post","status-publish","format-standard","has-post-thumbnail","category-unternehmen-maerkte","tag-1-200-mitarbeiter","tag-autohaus-koenig-insolvenz","tag-autohaeuser-uebernahme","tag-business","tag-companies","tag-companies-markets","tag-deutschland","tag-erfurt","tag-fc-carl-zeiss-jena","tag-garantien-serviceleistungen","tag-gera","tag-germany","tag-halle-magdeburg","tag-insolvenzantrag","tag-jena","tag-kfz-handel-deutschland","tag-markets","tag-maerkte","tag-nachrichten","tag-sachsen-anhalt","tag-suhl","tag-thueringen","tag-unternehmen","tag-unternehmen-maerkte"],"share_on_mastodon":{"url":"https:\/\/pubeurope.com\/@de\/117203777480227325","error":""},"_links":{"self":[{"href":"https:\/\/www.europesays.com\/de\/wp-json\/wp\/v2\/posts\/1276749","targetHints":{"allow":["GET"]}}],"collection":[{"href":"https:\/\/www.europesays.com\/de\/wp-json\/wp\/v2\/posts"}],"about":[{"href":"https:\/\/www.europesays.com\/de\/wp-json\/wp\/v2\/types\/post"}],"author":[{"embeddable":true,"href":"https:\/\/www.europesays.com\/de\/wp-json\/wp\/v2\/users\/2"}],"replies":[{"embeddable":true,"href":"https:\/\/www.europesays.com\/de\/wp-json\/wp\/v2\/comments?post=1276749"}],"version-history":[{"count":0,"href":"https:\/\/www.europesays.com\/de\/wp-json\/wp\/v2\/posts\/1276749\/revisions"}],"wp:featuredmedia":[{"embeddable":true,"href":"https:\/\/www.europesays.com\/de\/wp-json\/wp\/v2\/media\/1276750"}],"wp:attachment":[{"href":"https:\/\/www.europesays.com\/de\/wp-json\/wp\/v2\/media?parent=1276749"}],"wp:term":[{"taxonomy":"category","embeddable":true,"href":"https:\/\/www.europesays.com\/de\/wp-json\/wp\/v2\/categories?post=1276749"},{"taxonomy":"post_tag","embeddable":true,"href":"https:\/\/www.europesays.com\/de\/wp-json\/wp\/v2\/tags?post=1276749"}],"curies":[{"name":"wp","href":"https:\/\/api.w.org\/{rel}","templated":true}]}}