{"id":1276753,"date":"2026-09-02T22:21:18","date_gmt":"2026-09-02T22:21:18","guid":{"rendered":"https:\/\/www.europesays.com\/de\/1276753\/"},"modified":"2026-09-02T22:21:18","modified_gmt":"2026-09-02T22:21:18","slug":"wahlkampf-mit-den-silberlocken-in-sachsen-anhalt-kaempft-die-linke-an-drei-fronten","status":"publish","type":"post","link":"https:\/\/www.europesays.com\/de\/1276753\/","title":{"rendered":"Wahlkampf mit den &#8222;Silberlocken&#8220;: In Sachsen-Anhalt k\u00e4mpft die Linke an drei Fronten"},"content":{"rendered":"<p>Wahlkampf mit den &#8222;Silberlocken&#8220;In Sachsen-Anhalt k\u00e4mpft die Linke an drei Fronten02.09.2026, 18:31 Uhr <a href=\"https:\/\/www.n-tv.de\/autoren\/Hubertus-Volmer-article13634981.html\" class=\"article-detail-head_author___bDMZ\" rel=\"nofollow noopener\" target=\"_blank\"><img decoding=\"async\" class=\"Image_img__fQCi0 Image_Img_1_1__Ei3jf\" loading=\"eager\" fetchpriority=\"high\" src=\"https:\/\/www.europesays.com\/de\/wp-content\/uploads\/2025\/12\/b58b01e6-b3b2-4108-ace9-39b8c6dbd390.webp.webp\" alt=\"b58b01e6-b3b2-4108-ace9-39b8c6dbd390\"\/>Von Hubertus Volmer, Bitterfeld<\/a><\/p>\n<p>Artikel anh\u00f6ren(08:38 min)<\/p>\n<p><img decoding=\"async\" class=\"Image_img__fQCi0 Image_Img_16_9__4BLfH widget-picture-inline_maximizable__t_E7h\" loading=\"eager\" fetchpriority=\"high\" src=\"https:\/\/www.europesays.com\/de\/wp-content\/uploads\/2026\/09\/606094028.webp\" alt=\"606094028\"\/>Vier Termine der &#8222;Silberlocken&#8220; Dietmar Bartsch, Gregor Gysi und Bodo Ramelow (v.l.) finden allein in der letzten Woche vor der Landtagswahl statt. (Foto: picture alliance\/dpa)<\/p>\n<p class=\"Typography_text-m__XI0da Typography_weight-bold__uT6mq storyline_lead_text_leadtext__q_wg8\">In Sachsen-Anhalt schickt die Linke wieder ihre drei &#8222;Silberlocken&#8220; ins Rennen. Die k\u00e4mpfen mittlerweile vor allem gegen das taktische W\u00e4hlen. F\u00fcr Gregor Gysi ist alles zwischen Linken und AfD ohnehin nur &#8222;Larifari&#8220;.<\/p>\n<p class=\"Typography_text-default__P3otY Typography_weight-normal__pqUbH storyline_paragraph_p__qSR5N\">Es dauert nicht lange, da haben die drei \u00e4lteren Herren Betriebstemperatur erreicht. &#8222;Wer AfD w\u00e4hlen will, der w\u00e4hlt sie sowieso, das kann ich leider nicht verhindern&#8220;, sagt Gregor Gysi auf dem Marktplatz von Bitterfeld. &#8222;Aber wer AfD nicht will, der m\u00fcsste eigentlich die Linke w\u00e4hlen. Alles dazwischen ist nur Larifari.&#8220;<\/p>\n<p class=\"Typography_text-default__P3otY Typography_weight-normal__pqUbH storyline_paragraph_p__qSR5N\">Der Bundestagsabgeordnete ist mit seinen Partei- und Fraktionskollegen Dietmar Bartsch und Bodo Ramelow auf Tour in Sachsen-Anhalt, um seine Partei im Wahlkampf zu unterst\u00fctzen. Allein in der Woche vor der Landtagswahl stehen vier Auftritte der &#8222;Silberlocken&#8220; auf dem Programm.<\/p>\n<p><img decoding=\"async\" class=\"Image_img__fQCi0 Image_Img_16_9__4BLfH widget-picture-inline_maximizable__t_E7h\" loading=\"lazy\" src=\"https:\/\/www.n-tv.de\/logo_grey.svg\" alt=\"20260901 294 Bitterfeld\"\/>In Bitterfeld diskutieren die Silberlocken mit Eva von Angern (2.v.l.), der Linken-Spitzenkandidatin f\u00fcr die Landtagswahl am Sonntag. (Foto: M. Korwitz)<\/p>\n<p class=\"Typography_text-default__P3otY Typography_weight-normal__pqUbH storyline_paragraph_p__qSR5N\">Das Trio hatte sich Ende 2024 zusammengetan, um ihre damals in den Umfragen am Boden liegende Partei zu retten. Zu Beginn der &#8222;Mission Silberlocke&#8220; stand die Linke in den Umfragen bei 3 Prozent. Bei der Bundestagswahl vier Monate sp\u00e4ter wurden es 8,8 Prozent. Das lag nicht allein an den Silberlocken &#8211; <a class=\"inline_link\" href=\"https:\/\/www.n-tv.de\/politik\/Aufholjagd-der-Linken-wird-zum-Hoehenflug-auch-dank-Merz-article25583716.html\" target=\"_blank\" rel=\"nofollow noopener\">Heidi Reichinnek und Friedrich Merz<\/a> hei\u00dfen die Eltern des Erfolgs, auf den allerdings nur die Mutter stolz war. Aber mit den Silberlocken fing es an.<\/p>\n<p>Taktisch w\u00e4hlen w\u00fcrden den Linken schaden<\/p>\n<p class=\"Typography_text-default__P3otY Typography_weight-normal__pqUbH storyline_paragraph_p__qSR5N\">In Bitterfeld werben die drei nicht nur f\u00fcr die Linke, sondern vor allem gegen das taktische W\u00e4hlen, <a class=\"inline_link\" href=\"https:\/\/www.n-tv.de\/politik\/Gruene-und-SPD-nehmen-Hilfe-an-Kampagne-soll-AfD-Regierung-verhindern-id31194521.html\" target=\"_blank\" rel=\"nofollow noopener\">f\u00fcr das die Organisation Campact seit Mitte August mobilisiert<\/a>. Auch in der Stadt im Chemiedreieck h\u00e4ngen die Plakate, die zur Wahl von SPD und Gr\u00fcnen aufrufen. Der Gedanke dahinter: Diese beiden Parteien waren in fr\u00fcheren Umfragen nicht weit von der F\u00fcnf-Prozent-H\u00fcrde entfernt. In der j\u00fcngsten Erhebung steht die SPD bei 9 Prozent, die Gr\u00fcnen bei 6 Prozent. Kommen beide in den Landtag, ist die Wahrscheinlichkeit einer absoluten Mehrheit f\u00fcr die AfD deutlich geringer.<\/p>\n<p class=\"Typography_text-default__P3otY Typography_weight-normal__pqUbH storyline_paragraph_p__qSR5N\">Eine absolute Mehrheit der AfD will nat\u00fcrlich auch die Linke verhindern &#8211; dabei aber zugleich selbst ein m\u00f6glichst gutes Ergebnis einfahren. &#8222;Je st\u00e4rker wir als Linke bei der n\u00e4chsten Landtagswahl werden, umso ernster wird die Stimme derer genommen, die das Thema Bezahlbarkeit des Lebens geregelt bekommen m\u00f6chten, oder die eine Schule f\u00fcr alle Kinder wollen&#8220;, sagt Spitzenkandidatin Eva von Angern ntv.de. &#8222;Je st\u00e4rker die Linke wird, umso eher haben wir die Kraft, diese Themen im n\u00e4chsten Landtag durchzusetzen.&#8220;<\/p>\n<p>&#8222;Wir sind nicht eine Sorte, wir unterscheiden uns&#8220;<\/p>\n<p class=\"Typography_text-default__P3otY Typography_weight-normal__pqUbH storyline_paragraph_p__qSR5N\">Nach Gysi spricht Ramelow, der ehemalige Ministerpr\u00e4sident von Th\u00fcringen, heute Bundestagsvizepr\u00e4sident. Er sei &#8222;es langsam leid, dass den ganzen Tag nur \u00fcber die AfD geredet wird&#8220;, statt \u00fcber Inhalte. &#8222;Warum reden wir nicht \u00fcber eine Bildungsoffensive, \u00fcber gemeinsames Lernen?&#8220;, fragt er. Oder \u00fcber die Gesundheitsvorsorge im l\u00e4ndlichen Raum und \u00fcber Spritpreise. Nur die Linke sage, &#8222;dass Kapitalismus Kapitalismus ist und dass an der B\u00f6rse keine Solidarit\u00e4t gehandelt wird&#8220;.<\/p>\n<p class=\"Typography_text-default__P3otY Typography_weight-normal__pqUbH storyline_paragraph_p__qSR5N\">Dietmar Bartsch, mit 68 Jahren der J\u00fcngste in der Runde, w\u00fcrde sogar &#8222;am liebsten gleich ausrasten&#8220;, wenn er auf das taktische W\u00e4hlen angesprochen wird. Das sei &#8222;eine klassische Berliner Idee&#8220;, denn am Ende nutze das nur der AfD. Die k\u00f6nne sagen, alle anderen Parteien seien ohnehin &#8222;nur eine Sorte&#8220;. &#8222;Aber wir sind nicht eine Sorte, wir unterscheiden uns, weil wir einen anderen Ansatz haben.&#8220; Taktisches W\u00e4hlen sei &#8222;Bl\u00f6dsinn&#8220; und &#8222;eine der gr\u00f6\u00dften Unversch\u00e4mtheiten&#8220;.<\/p>\n<p>Kein leichtes Pflaster f\u00fcr die Linke<\/p>\n<p class=\"Typography_text-default__P3otY Typography_weight-normal__pqUbH storyline_paragraph_p__qSR5N\">Die letzte Umfrage sieht die Linke bei 13 Prozent. Ihre Veranstaltungen sind gut besucht. Auf den Marktplatz von Bitterfeld sind, obwohl es ein Dienstagnachmittag ist, 150 bis 200 Menschen gekommen. Rechtsradikale St\u00f6rer gibt es nicht. &#8222;Wir sind die einzige Partei au\u00dfer der AfD, die Gro\u00dfveranstaltungen dieser Art auf Marktpl\u00e4tzen macht&#8220;, sagt Eva von Angern am Rande der Veranstaltung.<\/p>\n<p class=\"Typography_text-default__P3otY Typography_weight-normal__pqUbH storyline_paragraph_p__qSR5N\">Trotzdem ist gerade Bitterfeld auch f\u00fcr die Linke kein leichtes Pflaster mehr. Vor zwanzig Jahren war die Doppelstadt Bitterfeld-Wolfen noch eine Hochburg der Partei, bei den Bundestagswahlen 2005 und 2009 war sie dort st\u00e4rkste Kraft. Danach ging es bergab. In Bitterfeld erreichte die Linke bei der Landtagswahl 2016 noch 13,4 Prozent. Die damals zwei Jahre alte AfD kam aus dem Stand auf fast 32 Prozent.<\/p>\n<p class=\"Typography_text-default__P3otY Typography_weight-normal__pqUbH storyline_paragraph_p__qSR5N\">Der Region steckt der Strukturwandel in den Knochen. Nach dem Mauerfall gingen viele Arbeitspl\u00e4tze verloren, die Bev\u00f6lkerungszahl von Bitterfeld-Wolfen hat sich seit 1990 halbiert. Im Landkreis Anhalt-Bitterfeld liegt die Arbeitslosigkeit aktuell bei 7,4 Prozent. Noch bis Anfang der Nullerjahre waren es mehr als 20 Prozent. Und auch danach ging es nicht nur bergauf: In der Pleitewelle im &#8222;Solar Valley&#8220; 2011 und 2012 verschwanden mehr als 2000 Arbeitspl\u00e4tze. <\/p>\n<p>Die Linke k\u00e4mpft in drei Richtungen<\/p>\n<p class=\"Typography_text-default__P3otY Typography_weight-normal__pqUbH storyline_paragraph_p__qSR5N\">Bei der Bundestagswahl im vergangenen Jahr schnitt die AfD in Bitterfeld-Wolfen mit 41 Prozent ab. Die Linken kamen auf weniger als 10 Prozent. Landesweit d\u00fcrften es am kommenden Sonntag f\u00fcr die Linke ein paar Punkte mehr sein. Wenn die AfD nicht die absolute Mehrheit der Stimmen im Landtag erreicht, wird viel von den Linken abh\u00e4ngen. Der amtierende Ministerpr\u00e4sident Sven Schulze d\u00fcrfte dann f\u00fcr seine Wiederwahl auf Stimmen aus der Linksfraktion angewiesen sein.<\/p>\n<p class=\"Typography_text-default__P3otY Typography_weight-normal__pqUbH storyline_paragraph_p__qSR5N\">Solche Szenarien sind zwar aus Sachsen und aus Th\u00fcringen schon bekannt. Doch f\u00fcr Sachsen-Anhalt w\u00e4re es neu. Die Zeiten, in denen die Vorg\u00e4ngerpartei der Linken, die PDS, eine Minderheitsregierung toleriert hat, sind lange her. Und: Dieses zwischen 1994 und 2002 praktizierte &#8222;Magdeburger Modell&#8220; war SPD-gef\u00fchrt.<\/p>\n<p class=\"Typography_text-default__P3otY Typography_weight-normal__pqUbH storyline_paragraph_p__qSR5N\">Angesichts der aktuellen Umfragen ist die Linke in Sachsen-Anhalt damit in der absurden Situation, keinen echten Oppositionswahlkampf f\u00fchren zu k\u00f6nnen. Sie k\u00e4mpft in drei Richtungen: gegen die Landesregierung aus CDU, SPD und FDP, neuerdings gegen das taktische W\u00e4hlen &#8211; und vor allem gegen die in den Umfragen schier \u00fcberm\u00e4chtige AfD. Im Interview mit dem MDR sagte Eva von Angern, die Linke sei &#8222;der Garant daf\u00fcr, dass es in Sachsen-Anhalt kein Experimentierfeld f\u00fcr eine rechtsextreme Partei gibt&#8220;. Da klang sie fast wie die CDU, die ebenfalls verhindern will, dass Sachsen-Anhalt &#8222;ein unberechenbares Experimentierfeld wird&#8220; &#8211; nur den Verweis darauf, dass die AfD eine rechtsextreme Partei ist, spart die CDU sich in der Regel.<\/p>\n<p>&#8222;Man m\u00f6chte davonrennen&#8220;<\/p>\n<p class=\"Typography_text-default__P3otY Typography_weight-normal__pqUbH storyline_paragraph_p__qSR5N\">Auf dem Marktplatz von Bitterfeld gibt Gysi dem Publikum noch eine Mahnung mit. Er w\u00fcnsche sich f\u00fcr den Sonntag, dass alle, die taktische \u00dcberlegungen haben, sagen: &#8222;Nein, ich w\u00e4hle das, was mein Verstand und mein Herz will. Und wenn das die Linke ist, dann soll auch die Linke gew\u00e4hlt werden. Und ich w\u00fcnsche mir, dass die AfD schlechter abschneidet als in den Umfragen, weil ich gerne sehe, wenn sie ihre Gesichter verziehen.&#8220;<\/p>\n<p class=\"Typography_text-default__P3otY Typography_weight-normal__pqUbH storyline_paragraph_p__qSR5N\">Daf\u00fcr gibt es Applaus, aber nicht jeder auf dem Platz ist vollst\u00e4ndig \u00fcberzeugt. &#8222;Ich denk&#8216;, ich werde sie w\u00e4hlen&#8220;, sagt eine junge Frau, die berichtet, sie sei fr\u00fcher einmal Mitglied gewesen. Begeistert klingt sie nicht, aber &#8222;es ist besser, zu w\u00e4hlen, als nicht zu w\u00e4hlen&#8220;.<\/p>\n<p><img decoding=\"async\" class=\"Image_img__fQCi0 Image_Img_16_9__4BLfH widget-picture-inline_maximizable__t_E7h\" loading=\"lazy\" src=\"https:\/\/www.n-tv.de\/logo_grey.svg\" alt=\"606096122\"\/>Bei Auftritten der Silberlocken werden auch Trinkbecher mit den \u00e4lteren Herren darauf angeboten. (Foto: picture alliance\/dpa)<\/p>\n<p class=\"Typography_text-default__P3otY Typography_weight-normal__pqUbH storyline_paragraph_p__qSR5N\">Ein \u00e4lteres Ehepaar hat sich noch nicht entschieden. Sie wollen sich demn\u00e4chst eine Wahlkampfveranstaltung mit Gr\u00fcnen-Chef Felix Banaszak ansehen, scheinen aber vor allem zwischen SPD und Linken zu schwanken. Die beiden kommen aus einem Dorf in der Umgebung und beklagen die Stimmung dort: &#8222;Dieser dumpfe Rassismus und Populismus, das ist furchtbar&#8220;, sagt der Mann. &#8222;Man m\u00f6chte davonrennen.&#8220;<\/p>\n<p class=\"Typography_text-default__P3otY Typography_weight-normal__pqUbH storyline_paragraph_p__qSR5N\">Mit den Leuten hier &#8211; er zeigt \u00fcber den sich leerenden Platz &#8211; k\u00f6nne man wenigstens reden. Die Frage wird sein, ob Sven Schulze das auch so sieht.<\/p>\n<p class=\"Typography_text-s__wu_cm Typography_weight-normal__pqUbH Typography_color-darkgrey__sZEnP article-detail-footer_source__KslPc\">Quelle: ntv.de<\/p>\n","protected":false},"excerpt":{"rendered":"Wahlkampf mit den &#8222;Silberlocken&#8220;In Sachsen-Anhalt k\u00e4mpft die Linke an drei Fronten02.09.2026, 18:31 Uhr Von Hubertus Volmer, Bitterfeld Artikel&hellip;\n","protected":false},"author":2,"featured_media":1276754,"comment_status":"","ping_status":"","sticky":false,"template":"","format":"standard","meta":{"footnotes":"","_share_on_mastodon":"0"},"categories":[2],"tags":[186,9756,29,536,28396,30,2494,13,88844,14,15,16,860,12,133783,10,8,9,11],"class_list":["post-1276753","post","type-post","status-publish","format-standard","has-post-thumbnail","category-deutschland","tag-afd","tag-bodo-ramelow","tag-deutschland","tag-die-linke","tag-dietmar-bartsch","tag-germany","tag-gregor-gysi","tag-headlines","tag-landtagswahlen-sachsen-anhalt","tag-nachrichten","tag-news","tag-politik","tag-sachsen-anhalt","tag-schlagzeilen","tag-sven-schulze","tag-top-news","tag-top-meldungen","tag-topmeldungen","tag-topnews"],"share_on_mastodon":{"url":"https:\/\/pubeurope.com\/@de\/117203785185509611","error":""},"_links":{"self":[{"href":"https:\/\/www.europesays.com\/de\/wp-json\/wp\/v2\/posts\/1276753","targetHints":{"allow":["GET"]}}],"collection":[{"href":"https:\/\/www.europesays.com\/de\/wp-json\/wp\/v2\/posts"}],"about":[{"href":"https:\/\/www.europesays.com\/de\/wp-json\/wp\/v2\/types\/post"}],"author":[{"embeddable":true,"href":"https:\/\/www.europesays.com\/de\/wp-json\/wp\/v2\/users\/2"}],"replies":[{"embeddable":true,"href":"https:\/\/www.europesays.com\/de\/wp-json\/wp\/v2\/comments?post=1276753"}],"version-history":[{"count":0,"href":"https:\/\/www.europesays.com\/de\/wp-json\/wp\/v2\/posts\/1276753\/revisions"}],"wp:featuredmedia":[{"embeddable":true,"href":"https:\/\/www.europesays.com\/de\/wp-json\/wp\/v2\/media\/1276754"}],"wp:attachment":[{"href":"https:\/\/www.europesays.com\/de\/wp-json\/wp\/v2\/media?parent=1276753"}],"wp:term":[{"taxonomy":"category","embeddable":true,"href":"https:\/\/www.europesays.com\/de\/wp-json\/wp\/v2\/categories?post=1276753"},{"taxonomy":"post_tag","embeddable":true,"href":"https:\/\/www.europesays.com\/de\/wp-json\/wp\/v2\/tags?post=1276753"}],"curies":[{"name":"wp","href":"https:\/\/api.w.org\/{rel}","templated":true}]}}