{"id":1276755,"date":"2026-09-02T22:22:18","date_gmt":"2026-09-02T22:22:18","guid":{"rendered":"https:\/\/www.europesays.com\/de\/1276755\/"},"modified":"2026-09-02T22:22:18","modified_gmt":"2026-09-02T22:22:18","slug":"arbeitsministerin-baerbel-bas-will-mehrere-punkte-der-rentenreform-nachverhandeln-politik","status":"publish","type":"post","link":"https:\/\/www.europesays.com\/de\/1276755\/","title":{"rendered":"Arbeitsministerin B\u00e4rbel Bas will mehrere Punkte der Rentenreform nachverhandeln | Politik"},"content":{"rendered":"<p><a class=\"skip-content skip-content--link\" href=\"#in-content-skip-link-target-v-0-0\">TTS-Player \u00fcberspringen\u21b5<\/a><a id=\"in-content-skip-link-target-v-0-0\" class=\"skip-content--target-link-hidden skip-content skip-content--target-link\" href=\"#in-content-skip-link-target-v-0-0\">Artikel weiterlesen<\/a><\/p>\n<p>Berlin\/Halberstadt &#8211; <b>Ein Gesamtpaket ohne Rosinenpickerei: Ende Juni versprachen Union und SPD stolz die Komplett-Umsetzung der Kommissionsvorschl\u00e4ge zur Rente. Arbeitsministerin B\u00e4rbel Bas schw\u00e4rmte gar von einem \u201eGesamtkunstwerk\u201c. Doch kaum zwei Monate sp\u00e4ter ist davon keine Rede mehr. Bei einem Wahlkampftermin in Sachsen-Anhalt sagte Bas am Dienstag in BILD, man habe \u201eerstmal nur einen Kommissionsbeschluss, das ist ja noch keine politische Einigung\u201c.<\/b><\/p>\n<p>Ein Affront gegen Bundeskanzler Friedrich Merz (70, CDU). Der hatte erst letzte Woche im Beisein von Finanzminister Lars Klingbeil (48, SPD) betont, die Koalition wolle die <a href=\"https:\/\/www.bild.de\/politik\/inland\/plan-fuer-unsere-rente-die-33-vorschlaege-der-rentenkommission-wort-fuer-wort-6a38e0173131b31f75cc9106\" class=\"text-link\" rel=\"nofollow noopener\" target=\"_blank\">Vorschl\u00e4ge<\/a> der Rentenkommission \u201ein ihrer Gesamtheit auch in ein Gesetzgebungsverfahren geben\u201c. Alle Anreize zur Fr\u00fchverrentung m\u00fcssten beendet werden: \u201eDabei muss es auch bleiben.\u201c\n<\/p>\n<p>Bas will Renten-Reform: \u201eJunge Generation braucht Perspektive\u201c<a class=\"anchor video-teaser__anchor\" href=\"https:\/\/www.bild.de\/politik\/bas-will-renten-reform-junge-generation-braucht-perspektive-6a98786310ed2fce141fe45b\" rel=\"nofollow noopener\" target=\"_blank\"><img decoding=\"async\" width=\"992\" height=\"558\" alt=\"\" loading=\"lazy\" src=\"https:\/\/www.europesays.com\/de\/wp-content\/uploads\/2026\/09\/c351fb8d42b07c65b270f2d4cb17b115,d7d9ddfa.jpeg\"   class=\"landscape teaser__image\"\/><\/a><\/p>\n<p>Quelle: BILD02.09.2026<\/p>\n<p>Eine deutliche Ansage sowohl an die Ost-Ministerpr\u00e4sidenten und die SPD, die das eigentlich schon beschlossene Ende der <a href=\"https:\/\/www.bild.de\/ratgeber\/geld\/rente-und-senioren-alle-infos-2jNPZ3SoykXE0J8J3DVP\" class=\"text-link\" rel=\"nofollow noopener\" target=\"_blank\">Rente<\/a> mit 63 infrage gestellt hatten. Junge-Union-Chef Johannes Winkel (34, CDU) kritisierte B\u00e4rbel Bas Anfang der Woche im \u201eStern\u201c, sie w\u00fcrde immer wieder geeinte Beschl\u00fcsse \u00f6ffentlich zur Debatte stellen. Von BILD auf die Kritik angesprochen, schickte Bas zun\u00e4chst ironisch \u201esch\u00f6ne Gr\u00fc\u00dfe an die Union\u201c und Wirtschaftsministerin Katherina Reiche (53, CDU). Reiche hatte ihrerseits die Einkommensteuerreform von Klingbeil in einem <a href=\"https:\/\/www.bild.de\/politik\/inland\/katherina-reiche-gegen-klingbeil-streit-um-steuerreform-spitzt-sich-zu-6a96d1429452c5223822fad1\" class=\"text-link\" rel=\"nofollow noopener\" target=\"_blank\">Brief<\/a> angez\u00e4hlt.<\/p>\n<p>Minijobs, Berufsunf\u00e4higkeit, Rente mit 63<\/p>\n<p>Von einem \u201eGesamtkunstwerk\u201c ist bei Bas im BILD-Interview keine Rede mehr. Der Kommissionsbeschluss sei \u201ekeine politische Einigung\u201c. Zwar warnt sie davor, \u201edas Paket komplett aufzumachen\u201c \u2013 fordert aber in einem Atemzug eine neue Debatte um mehrere Elemente der Renten-Reform. Konkret nennt sie Folgen f\u00fcr \u201eMenschen, die sehr lange gearbeitet haben\u201c. Auch bei den Kommissionsvorschl\u00e4gen zur Erwerbsminderungs- und Berufsunf\u00e4higkeitsrente gebe es \u201eGespr\u00e4chsbedarf\u201c.<\/p>\n<p>Mehr zum Thema<\/p>\n<p>Auch bei der Minijob-Reform will Bas auf Wunsch der Unternehmen nochmal nachverhandeln. Die Rentenkommission schl\u00e4gt vor, Minijobs weitgehend abzuschaffen. Die Besch\u00e4ftigten sollen k\u00fcnftig Sozialabgaben zahlen.<\/p>\n","protected":false},"excerpt":{"rendered":"TTS-Player \u00fcberspringen\u21b5Artikel weiterlesen Berlin\/Halberstadt &#8211; Ein Gesamtpaket ohne Rosinenpickerei: Ende Juni versprachen Union und SPD stolz die Komplett-Umsetzung&hellip;\n","protected":false},"author":2,"featured_media":1276756,"comment_status":"","ping_status":"","sticky":false,"template":"","format":"standard","meta":{"footnotes":"","_share_on_mastodon":"0"},"categories":[5],"tags":[72389,31,13,2388,32,14,15,379,12,184,10,8,9,11],"class_list":["post-1276755","post","type-post","status-publish","format-standard","has-post-thumbnail","category-nachrichten","tag-bas-baerbel","tag-cdu","tag-headlines","tag-klingbeil-lars","tag-merz-friedrich","tag-nachrichten","tag-news","tag-rente","tag-schlagzeilen","tag-spd","tag-top-news","tag-top-meldungen","tag-topmeldungen","tag-topnews"],"share_on_mastodon":{"url":"https:\/\/pubeurope.com\/@de\/117203786076820779","error":""},"_links":{"self":[{"href":"https:\/\/www.europesays.com\/de\/wp-json\/wp\/v2\/posts\/1276755","targetHints":{"allow":["GET"]}}],"collection":[{"href":"https:\/\/www.europesays.com\/de\/wp-json\/wp\/v2\/posts"}],"about":[{"href":"https:\/\/www.europesays.com\/de\/wp-json\/wp\/v2\/types\/post"}],"author":[{"embeddable":true,"href":"https:\/\/www.europesays.com\/de\/wp-json\/wp\/v2\/users\/2"}],"replies":[{"embeddable":true,"href":"https:\/\/www.europesays.com\/de\/wp-json\/wp\/v2\/comments?post=1276755"}],"version-history":[{"count":0,"href":"https:\/\/www.europesays.com\/de\/wp-json\/wp\/v2\/posts\/1276755\/revisions"}],"wp:featuredmedia":[{"embeddable":true,"href":"https:\/\/www.europesays.com\/de\/wp-json\/wp\/v2\/media\/1276756"}],"wp:attachment":[{"href":"https:\/\/www.europesays.com\/de\/wp-json\/wp\/v2\/media?parent=1276755"}],"wp:term":[{"taxonomy":"category","embeddable":true,"href":"https:\/\/www.europesays.com\/de\/wp-json\/wp\/v2\/categories?post=1276755"},{"taxonomy":"post_tag","embeddable":true,"href":"https:\/\/www.europesays.com\/de\/wp-json\/wp\/v2\/tags?post=1276755"}],"curies":[{"name":"wp","href":"https:\/\/api.w.org\/{rel}","templated":true}]}}