{"id":1276757,"date":"2026-09-02T22:23:37","date_gmt":"2026-09-02T22:23:37","guid":{"rendered":"https:\/\/www.europesays.com\/de\/1276757\/"},"modified":"2026-09-02T22:23:37","modified_gmt":"2026-09-02T22:23:37","slug":"mit-oezdemir-lang-und-banaszak-gruene-feiern-wahlkampfhoehepunkt-auf-der-ziegelwiese-in-halle-du-bist-halle","status":"publish","type":"post","link":"https:\/\/www.europesays.com\/de\/1276757\/","title":{"rendered":"Mit \u00d6zdemir, Lang und Banaszak: Gr\u00fcne feiern Wahlkampfh\u00f6hepunkt auf der Ziegelwiese in Halle \u2013 Du bist Halle"},"content":{"rendered":"<p class=\"wp-block-paragraph\">Wenige Tage vor der Landtagswahl laden B\u00dcNDNIS 90\/DIE GR\u00dcNEN Sachsen-Anhalt am Freitag, 4. September, zum Wahlkampfh\u00f6hepunkt auf die Ziegelwiese in Halle (Saale) ein. Ab 14 Uhr wird die Ziegelwiese zum Demokratie- und Kinderfest mit Politik, Musik und einem vielf\u00e4ltigen Programm f\u00fcr die ganze Familie. Der Eintritt ist frei.<\/p>\n<p>Werbung<\/p>\n<p><a href=\"https:\/\/www.globus.de\/halle-dieselstrasse\/index.php\" target=\"_blank\" aria-label=\"GLOBUS_PayBack_Halle_800x600\" rel=\"nofollow noopener\"><img loading=\"lazy\" decoding=\"async\" src=\"https:\/\/www.europesays.com\/de\/wp-content\/uploads\/2026\/09\/1788387805_211_GLOBUS_PayBack_Halle_800x600.gif\" alt=\"\" width=\"800\" height=\"600\"\/><\/a><\/p>\n<p class=\"wp-block-paragraph\">Mit dabei sind Spitzenkandidatin Susan Sziborra-Seidlitz, Bundesvorsitzender Felix Banaszak, Bundestagsabgeordnete Ricarda Lang und der baden-w\u00fcrttembergische Ministerpr\u00e4sident Cem \u00d6zdemir.<\/p>\n<p class=\"wp-block-paragraph\">Programm \u2013 Auswahl:<br \/>* \u00a0 14:00 Uhr \u2013 Begr\u00fc\u00dfung mit Susan Sziborra-Seidlitz<br \/>* \u00a0 16:30 Uhr \u2013 Susan Sziborra-Seidlitz begr\u00fc\u00dft Ricarda Lang, Felix Banaszak und Cem \u00d6zdemir auf der B\u00fchne \u2013 alle berichten \u00fcber ihre Wahlkampferfahrungen in Sachsen-Anhalt<br \/>* \u00a0 18:00 Uhr \u2013 Politischer Wahlkampfh\u00f6hepunkt mit Redebeitr\u00e4gen von Ricarda Lang, Felix Banaszak und Cem \u00d6zdemir sowie einer Rede von Susan Sziborra-Seidlitz\u00a0<br \/>* \u00a0 19:30 Uhr \u2013 Fragerunde mit Fragen aus dem Publikum<br \/>* \u00a0 20:30 Uhr \u2013 Live-Musik mit TCHIK<\/p>\n<p>Werbung<\/p>\n<p><a href=\"https:\/\/www.hallebwg.de\/\" target=\"_blank\" aria-label=\"DubistHalle 400 x 600 Gif BWG\" rel=\"nofollow noopener\"><img loading=\"lazy\" decoding=\"async\" src=\"https:\/\/www.europesays.com\/de\/wp-content\/uploads\/2026\/09\/1788387817_978_DubistHalle-400-x-600-Gif-BWG.gif\" alt=\"\" width=\"800\" height=\"600\"\/><\/a>          <\/p>\n","protected":false},"excerpt":{"rendered":"Wenige Tage vor der Landtagswahl laden B\u00dcNDNIS 90\/DIE GR\u00dcNEN Sachsen-Anhalt am Freitag, 4. September, zum Wahlkampfh\u00f6hepunkt auf die&hellip;\n","protected":false},"author":2,"featured_media":1276758,"comment_status":"","ping_status":"","sticky":false,"template":"","format":"standard","meta":{"footnotes":"","_share_on_mastodon":"0"},"categories":[1860],"tags":[3364,29,548,663,3934,30,4062,17332,13,14,15,17331,860,12],"class_list":["post-1276757","post","type-post","status-publish","format-standard","has-post-thumbnail","category-halle-saale","tag-de","tag-deutschland","tag-eu","tag-europa","tag-europe","tag-germany","tag-halle","tag-halle-saale","tag-headlines","tag-nachrichten","tag-news","tag-saale","tag-sachsen-anhalt","tag-schlagzeilen"],"share_on_mastodon":{"url":"https:\/\/pubeurope.com\/@de\/117203792471095366","error":""},"_links":{"self":[{"href":"https:\/\/www.europesays.com\/de\/wp-json\/wp\/v2\/posts\/1276757","targetHints":{"allow":["GET"]}}],"collection":[{"href":"https:\/\/www.europesays.com\/de\/wp-json\/wp\/v2\/posts"}],"about":[{"href":"https:\/\/www.europesays.com\/de\/wp-json\/wp\/v2\/types\/post"}],"author":[{"embeddable":true,"href":"https:\/\/www.europesays.com\/de\/wp-json\/wp\/v2\/users\/2"}],"replies":[{"embeddable":true,"href":"https:\/\/www.europesays.com\/de\/wp-json\/wp\/v2\/comments?post=1276757"}],"version-history":[{"count":0,"href":"https:\/\/www.europesays.com\/de\/wp-json\/wp\/v2\/posts\/1276757\/revisions"}],"wp:featuredmedia":[{"embeddable":true,"href":"https:\/\/www.europesays.com\/de\/wp-json\/wp\/v2\/media\/1276758"}],"wp:attachment":[{"href":"https:\/\/www.europesays.com\/de\/wp-json\/wp\/v2\/media?parent=1276757"}],"wp:term":[{"taxonomy":"category","embeddable":true,"href":"https:\/\/www.europesays.com\/de\/wp-json\/wp\/v2\/categories?post=1276757"},{"taxonomy":"post_tag","embeddable":true,"href":"https:\/\/www.europesays.com\/de\/wp-json\/wp\/v2\/tags?post=1276757"}],"curies":[{"name":"wp","href":"https:\/\/api.w.org\/{rel}","templated":true}]}}