{"id":1276769,"date":"2026-09-02T22:31:19","date_gmt":"2026-09-02T22:31:19","guid":{"rendered":"https:\/\/www.europesays.com\/de\/1276769\/"},"modified":"2026-09-02T22:31:19","modified_gmt":"2026-09-02T22:31:19","slug":"zeuge-verfolgt-mutmassliche-einbrecher-in-gladbeck-polizei-fasst-tatverdaechtige","status":"publish","type":"post","link":"https:\/\/www.europesays.com\/de\/1276769\/","title":{"rendered":"Zeuge verfolgt mutma\u00dfliche Einbrecher in Gladbeck: Polizei fasst Tatverd\u00e4chtige"},"content":{"rendered":"<p class=\"rich-text expressive-copy-lg-body my-6\">Ein verd\u00e4chtiges Ger\u00e4usch hat eine Anwohnerin an der Boystra\u00dfe in Gladbeck am Mittwochmorgen gegen 10.30 Uhr aufhorchen lassen. Sie schaute nach und sah einen Mann und eine Frau im Treppenhaus. Die beiden machten sich an einer Wohnungst\u00fcr zu schaffen und gingen danach in die Wohnung. F\u00fcr die Tatverd\u00e4chtigen endete der Einbruch mit einer Festnahme, teilt die Polizei mit.<\/p>\n<p>Gladbecker Zeugin ruft Mann an\u00a0\u2013 der verfolgt die mutma\u00dflichen Einbrecher<\/p>\n<p class=\"rich-text expressive-copy-lg-body my-6\">Als die Tatverd\u00e4chtigen die Wohnung wieder verlie\u00dfen und \u00fcber die Antoniusstra\u00dfe in Richtung Horster Stra\u00dfe fl\u00fcchteten,<a href=\"https:\/\/www.waz.de\/lokales\/gladbeck\/article412718079\/maenner-versuchen-in-bungalow-einzubrechen-nachbarin-schlaegt-sie-in-die-flucht.html\" data-category-full-path=\"https:\/\/www.waz.de\/lokales\/gladbeck\/\" data-paid-status=\"free\" data-article-publish-date=\"1785412573\" rel=\"nofollow noopener\" target=\"_blank\"> rief die Zeugin ihren Mann an<\/a> und berichtete ihm vom mutma\u00dflichen Einbruch, beschrieb die Tatverd\u00e4chtigen und in welche Richtung diese geflohen waren. Der Mann war gerade unterwegs und erkannte die mutma\u00dflichen Einbrecher. Sie stiegen an der Horster Stra\u00dfe gerade in einen Bus ein. <\/p>\n<p class=\"rich-text expressive-copy-lg-body my-6\">Der Mann informierte sofort die Polizei und fuhr den Tatverd\u00e4chtigen nach. Die Einsatzkr\u00e4fte stellten einen tatverd\u00e4chtigen 19-J\u00e4hrigen ohne festen Wohnsitz und eine 36-J\u00e4hrige, ebenfalls ohne festen Wohnsitz, in der Innenstadt und nahmen beide fest. An der Haust\u00fcr des Mehrfamilienhauses stellte die Polizei Hebelspuren fest. Bei dem Diebesgut handelt es sich laut Mitteilung unter anderem um zwei Eheringe. Die Ermittlungen dauern an.<\/p>\n","protected":false},"excerpt":{"rendered":"Ein verd\u00e4chtiges Ger\u00e4usch hat eine Anwohnerin an der Boystra\u00dfe in Gladbeck am Mittwochmorgen gegen 10.30 Uhr aufhorchen lassen.&hellip;\n","protected":false},"author":2,"featured_media":1276770,"comment_status":"","ping_status":"","sticky":false,"template":"","format":"standard","meta":{"footnotes":"","_share_on_mastodon":"0"},"categories":[1848],"tags":[3364,29,548,663,3934,3658,30,13,14,15,1209,12],"class_list":["post-1276769","post","type-post","status-publish","format-standard","has-post-thumbnail","category-gelsenkirchen","tag-de","tag-deutschland","tag-eu","tag-europa","tag-europe","tag-gelsenkirchen","tag-germany","tag-headlines","tag-nachrichten","tag-news","tag-nordrhein-westfalen","tag-schlagzeilen"],"share_on_mastodon":{"url":"https:\/\/pubeurope.com\/@de\/117203821260140957","error":""},"_links":{"self":[{"href":"https:\/\/www.europesays.com\/de\/wp-json\/wp\/v2\/posts\/1276769","targetHints":{"allow":["GET"]}}],"collection":[{"href":"https:\/\/www.europesays.com\/de\/wp-json\/wp\/v2\/posts"}],"about":[{"href":"https:\/\/www.europesays.com\/de\/wp-json\/wp\/v2\/types\/post"}],"author":[{"embeddable":true,"href":"https:\/\/www.europesays.com\/de\/wp-json\/wp\/v2\/users\/2"}],"replies":[{"embeddable":true,"href":"https:\/\/www.europesays.com\/de\/wp-json\/wp\/v2\/comments?post=1276769"}],"version-history":[{"count":0,"href":"https:\/\/www.europesays.com\/de\/wp-json\/wp\/v2\/posts\/1276769\/revisions"}],"wp:featuredmedia":[{"embeddable":true,"href":"https:\/\/www.europesays.com\/de\/wp-json\/wp\/v2\/media\/1276770"}],"wp:attachment":[{"href":"https:\/\/www.europesays.com\/de\/wp-json\/wp\/v2\/media?parent=1276769"}],"wp:term":[{"taxonomy":"category","embeddable":true,"href":"https:\/\/www.europesays.com\/de\/wp-json\/wp\/v2\/categories?post=1276769"},{"taxonomy":"post_tag","embeddable":true,"href":"https:\/\/www.europesays.com\/de\/wp-json\/wp\/v2\/tags?post=1276769"}],"curies":[{"name":"wp","href":"https:\/\/api.w.org\/{rel}","templated":true}]}}