{"id":1276771,"date":"2026-09-02T22:32:17","date_gmt":"2026-09-02T22:32:17","guid":{"rendered":"https:\/\/www.europesays.com\/de\/1276771\/"},"modified":"2026-09-02T22:32:17","modified_gmt":"2026-09-02T22:32:17","slug":"manege-frei-im-kuerbis-wunderland-auf-pauls-bauernhof-sind-die-clowns-los-zwischen-30-000-kuerbissen-und-zirkus-akrobaten","status":"publish","type":"post","link":"https:\/\/www.europesays.com\/de\/1276771\/","title":{"rendered":"Manege frei im K\u00fcrbis-Wunderland: Auf Paul\u2019s Bauernhof sind die Clowns los \u2013 zwischen 30.000 K\u00fcrbissen und Zirkus-Akrobaten!"},"content":{"rendered":"<p data-path-to-node=\"4\">Der Sp\u00e4tsommer strahlt in leuchtendem Orange! Auf Paul\u2019s Bauernhof in Hofheim-Wallau ist die K\u00fcrbissaison offiziell er\u00f6ffnet! Bereits in ihrer f\u00fcnften Auflage pr\u00e4sentiert sich die beliebte Erlebniswelt in diesem Jahr unter dem spektakul\u00e4ren Motto \u201eZirkus\u201c. Landwirt Reiner Paul und sein Team haben in wochenlanger Handarbeit mehr als 30.000 feldfrische K\u00fcrbisse kunstvoll arrangiert und ein Ausflugsziel geschaffen, das direkt vor den Toren Wiesbadens mit Spielspa\u00df, Action, herrlicher Natur und au\u00dfergew\u00f6hnlichen Leckereien begeistert.<\/p>\n<p>16 imposante Skulpturen \u2013 Vom Riesen-Elefanten bis zum Zauberkaninchen<\/p>\n<p data-path-to-node=\"7\">Bereits bei der Ankunft begr\u00fc\u00dft der traditionelle, \u00fcber drei Meter hohe Riesen-K\u00fcrbis die G\u00e4ste. Auf dem weitl\u00e4ufigen Ausstellungsgel\u00e4nde wartet an jeder Wegbiegung ein neues Fotomotiv:<\/p>\n<ul data-path-to-node=\"8\">\n<li>\n<p data-path-to-node=\"8,0,0\">Faszinierende Zirkusakrobaten: Zu bestaunen gibt es unter anderem einen \u00fcber drei Meter gro\u00dfen Clown, einen f\u00fcnf Meter langen Elefanten, einen Tiger beim k\u00fchnen Sprung durch den Ring sowie eine artistische und zwei f\u00fcnf Meter hohe Pyramiden.<\/p>\n<\/li>\n<li>\n<p data-path-to-node=\"8,1,0\">Manege-Highlights: Ein gewaltiger Feuerspucker und ein Zauberkaninchen, das aus einem Zylinder hervorlugt, sorgen f\u00fcr staunende Gesichter.<\/p>\n<\/li>\n<li>\n<p data-path-to-node=\"8,2,0\">Stempel-Rallye: An jeder der 16 Figuren befindet sich eine Stempelstation, an der kleine und gro\u00dfe Entdecker ihre Rundgang-Karte f\u00fcllen k\u00f6nnen.<\/p>\n<\/li>\n<\/ul>\n<p>3.300 Meter Irrwege im Riesen-Maislabyrinth<\/p>\n<p data-path-to-node=\"11\">Direkt neben den K\u00fcrbiskunstwerken l\u00e4dt eines der gr\u00f6\u00dften Labyrinthe der Region zum Abenteuer ein: Auf einer Fl\u00e4che von 32.000 Quadratmetern bilden rund 333.000 Maispflanzen ein Wegenetz von mehr als 3,3 Kilometern L\u00e4nge.<\/p>\n<p data-path-to-node=\"12\">Das Besondere: Das Zirkusmotiv \u2013 mit Zelt, L\u00f6we, Clown und Schriftzug \u2013 wurde bereits bei der Aussaat millimetergenau via GPS-Technik angelegt! Im Feld gilt es, sieben Stationen und knifflige Quizfragen zu meistern; als Hauptgewinn lockt eine Planwagen-Kutschfahrt f\u00fcr 20 Personen inklusive Verpflegung. Von der Aussichtsplattform inmitten des Feldes reicht der Panoramablick bei klarem Wetter bis weit nach Mainz.<\/p>\n<p>Nonstop-Action f\u00fcr Kids \u2013 Vom Maisschwimmbad bis zum K\u00fcrbistunnel<\/p>\n<p data-path-to-node=\"15\">Auf Paul\u2019s Bauernhof kommt die Bewegung mitten im Gr\u00fcnen nicht zu kurz. Gr\u00f6\u00dftes Maisschwimmbad aller Zeiten: Ein riesiges Becken, gef\u00fcllt mit \u00fcber 25.000 Kilogramm reinen Maisk\u00f6rnern, l\u00e4dt zum Eintauchen und Buddeln ein.<\/p>\n<p data-path-to-node=\"16,1,0\">Ein 8\u00d712 Meter gro\u00dfes K\u00fcrbish\u00fcpfkissen, ein sechs Meter langer K\u00fcrbistunnel, ein Barfu\u00dfpfad sowie begehbare Skulpturen wie das K\u00fcrbisherz und der K\u00fcrbis-Regenbogen.<\/p>\n<p data-path-to-node=\"16,2,0\">Gesch\u00fctzt unter einem gro\u00dfen Sternenzelt k\u00f6nnen sich die Kinder auf Strohballen und zwei f\u00fcnf Meter langen Rutschen austoben.<\/p>\n<p data-path-to-node=\"16,3,0\">Wer seine eigene Grusel- oder Kunstfratze gestalten m\u00f6chte, findet im \u00fcberdachten Schnitzbereich s\u00e4mtliche Werkzeuge und K\u00fcrbisse direkt vor Ort.<\/p>\n<p>Kulinarische Highlights \u2013 K\u00fcrbispommes, Suppe und Pumpkin-Spice-Latte<\/p>\n<p data-path-to-node=\"19\">Auch f\u00fcr Genie\u00dfer setzt Paul\u2019s Bauernhof Ma\u00dfst\u00e4be: Aus \u00fcber 100 angebauten K\u00fcrbissorten auf 25 Hektar zaubert das Hof-Team Spezialit\u00e4ten, die es in dieser Frische und Vielfalt kaum ein zweites Mal gibt. Deftig &amp; Herzhaft: Frisch gebackene K\u00fcrbispommes aus st\u00e4rkehaltigem gr\u00fcnem Hokkaido (abgeschmeckt mit hausgemachtem K\u00fcrbis-Pommes-Gew\u00fcrz), dampfende K\u00fcrbissuppe, deftige K\u00fcrbisbratwurst und feuriges K\u00fcrbis-Chili.<\/p>\n<p data-path-to-node=\"19\">S\u00fc\u00dfe Versuchungen: Duftende K\u00fcrbiswaffeln, saftiger Pumpkin-Spice-Kuchen, frisch gebrannte K\u00fcrbiskerne, schokolierte Erdbeeren und Popcorn.<\/p>\n<p data-path-to-node=\"20,2,0\">Neben prickelndem K\u00fcrbis- und Erdbeer-Secco sowie fruchtiger Erdbeerapfelschorle sorgt der beliebte Pumpkin-Spice-Latte f\u00fcr echte Wohlf\u00fchl-Atmosph\u00e4re.<\/p>\n<p>Perfektes Ausflugsziel mit reichlich Parkpl\u00e4tzen<\/p>\n<p data-path-to-node=\"23\">Die K\u00fcrbiserlebniswelt verbindet Erholung, Spielspa\u00df und saisonalen Genuss harmonisch miteinander. Vor Ort stehen den Besucherinnen und Besuchern ausreichend kostenfreie Parkpl\u00e4tze direkt am Hofgel\u00e4nde zur Verf\u00fcgung, sodass einer entspannten Anreise nichts im Wege steht.<\/p>\n<p data-path-to-node=\"17,0,0\">Mehr aktuelle Meldungen und und Nachrichten f\u00fcr die Landeshauptstadt finden Sie t\u00e4glich in unseren verschiedenen Rubrik auf <a href=\"http:\/\/Wiesbadenaktuell.de\" target=\"_blank\" rel=\"noopener nofollow\"><b data-path-to-node=\"25\" data-index-in-node=\"434\">Wiesbadenaktuell.de<\/b><\/a>.<\/p>\n<p data-path-to-node=\"17\">P.S.: Sind Sie bei Facebook? Dann werden Sie Fan von <a href=\"https:\/\/www.facebook.com\/wiesbadenaktuell\" rel=\"nofollow noopener\" target=\"_blank\">Wiesbadenaktuell.de<\/a> und folgen Sie uns auch auf <a href=\"https:\/\/www.instagram.com\/wiesbadenaktuell.de\/\" rel=\"nofollow noopener\" target=\"_blank\">Instagram<\/a> sowie auf <a href=\"https:\/\/www.threads.net\/@wiesbadenaktuell.de\" rel=\"nofollow noopener\" target=\"_blank\">Threads<\/a>!<\/p>\n<p style=\"text-align: center;\" data-path-to-node=\"17\"><a href=\"https:\/\/wiesbadenaktuell.de\/galerien\/kuerbiserlebniswelt-herbstzauber-pur-spektakulaere-zirkusfiguren-und-spielspass-mitten-im-gruenen-in-hofheim-wallau-2026\/\" rel=\"nofollow noopener\" target=\"_blank\"><strong>Eine Fotostrecke mit 263 tollen und beeindruckenden Bildern gibt es unter<\/strong><\/a><\/p>\n<p><a href=\"https:\/\/wiesbadenaktuell.de\/galerien\/kuerbiserlebniswelt-herbstzauber-pur-spektakulaere-zirkusfiguren-und-spielspass-mitten-im-gruenen-in-hofheim-wallau-2026\/\" rel=\"nofollow noopener\" target=\"_blank\"><img decoding=\"async\" class=\"lazyload wpa-warning wpa-image-missing-alt aligncenter wp-image-257311 size-large\" data-orig-src=\"https:\/\/www.europesays.com\/de\/wp-content\/uploads\/2026\/09\/Kuerbiserlebniswelt_Pauls-Bauernhof_Wallau_29_08_2026_152-1024x683.jpg\" alt=\"\" width=\"1024\" height=\"683\" data-warning=\"Missing alt text\"  data- data-orig-\/><\/a><\/p>\n<p data-path-to-node=\"25\"><strong>InfoBox<\/strong><\/p>\n<p><strong>Die Fakten zur K\u00fcrbiserlebniswelt 2026 im \u00dcberblick:<\/strong><\/p>\n<ul data-path-to-node=\"26\">\n<li>\n<p data-path-to-node=\"26,0,0\"><b data-path-to-node=\"26,0,0\" data-index-in-node=\"0\">Saisonstart:<\/b> Samstag, 29. August (gro\u00dfes Finale an Halloween, 31. Oktober)<\/p>\n<\/li>\n<li>\n<p data-path-to-node=\"26,1,0\"><b data-path-to-node=\"26,1,0\" data-index-in-node=\"0\">Ort:<\/b> Paul\u2019s Bauernhof, Theodor-Heuss-Stra\u00dfe (Verbindungsstra\u00dfe Wallau in Richtung Wiesbaden-Nordenstadt), 65719 Hofheim-Wallau (nahe IKEA)<\/p>\n<\/li>\n<li>\n<p data-path-to-node=\"26,2,0\"><b data-path-to-node=\"26,2,0\" data-index-in-node=\"0\">\u00d6ffnungszeiten:<\/b><\/p>\n<ul data-path-to-node=\"26,2,1\">\n<li>\n<p data-path-to-node=\"26,2,1,0,0\">Montag bis Freitag: 14:00 bis 19:00 Uhr<\/p>\n<\/li>\n<li>\n<p data-path-to-node=\"26,2,1,1,0\">Samstag, Sonntag und Feiertage: 10:00 bis 19:00 Uhr<\/p>\n<\/li>\n<li>\n<p data-path-to-node=\"26,2,1,2,0\">In den hessischen Herbstferien: T\u00e4glich durchgehend von 10:00 bis 19:00 Uhr<\/p>\n<\/li>\n<\/ul>\n<\/li>\n<li>\n<p data-path-to-node=\"26,3,0\"><b data-path-to-node=\"26,3,0\" data-index-in-node=\"0\">Eintrittspreise:<\/b> 7,50 Euro f\u00fcr Erwachsene, 5,00 Euro erm\u00e4\u00dfigt<\/p>\n<\/li>\n<li><b data-path-to-node=\"26,4,0\" data-index-in-node=\"0\">Parken:<\/b> Gro\u00dfer Parkplatz direkt am Gel\u00e4nde vorhanden<\/li>\n<li><b data-path-to-node=\"26,4,0\" data-index-in-node=\"0\">Weitere Infos &amp; Termine:<\/b> <a href=\"http:\/\/www.pauls-bauernhof.de\" rel=\"nofollow noopener\" target=\"_blank\">www.pauls-bauernhof.de<\/a><\/li>\n<\/ul>\n<p><script async src=\"\/\/www.instagram.com\/embed.js\"><\/script><\/p>\n","protected":false},"excerpt":{"rendered":"Der Sp\u00e4tsommer strahlt in leuchtendem Orange! Auf Paul\u2019s Bauernhof in Hofheim-Wallau ist die K\u00fcrbissaison offiziell er\u00f6ffnet! Bereits in&hellip;\n","protected":false},"author":2,"featured_media":1276772,"comment_status":"","ping_status":"","sticky":false,"template":"","format":"standard","meta":{"footnotes":"","_share_on_mastodon":"0"},"categories":[1847],"tags":[3364,29,548,663,3934,30,13,2052,14,15,12,4544],"class_list":["post-1276771","post","type-post","status-publish","format-standard","has-post-thumbnail","category-wiesbaden","tag-de","tag-deutschland","tag-eu","tag-europa","tag-europe","tag-germany","tag-headlines","tag-hessen","tag-nachrichten","tag-news","tag-schlagzeilen","tag-wiesbaden"],"share_on_mastodon":{"url":"https:\/\/pubeurope.com\/@de\/117203825543883314","error":""},"_links":{"self":[{"href":"https:\/\/www.europesays.com\/de\/wp-json\/wp\/v2\/posts\/1276771","targetHints":{"allow":["GET"]}}],"collection":[{"href":"https:\/\/www.europesays.com\/de\/wp-json\/wp\/v2\/posts"}],"about":[{"href":"https:\/\/www.europesays.com\/de\/wp-json\/wp\/v2\/types\/post"}],"author":[{"embeddable":true,"href":"https:\/\/www.europesays.com\/de\/wp-json\/wp\/v2\/users\/2"}],"replies":[{"embeddable":true,"href":"https:\/\/www.europesays.com\/de\/wp-json\/wp\/v2\/comments?post=1276771"}],"version-history":[{"count":0,"href":"https:\/\/www.europesays.com\/de\/wp-json\/wp\/v2\/posts\/1276771\/revisions"}],"wp:featuredmedia":[{"embeddable":true,"href":"https:\/\/www.europesays.com\/de\/wp-json\/wp\/v2\/media\/1276772"}],"wp:attachment":[{"href":"https:\/\/www.europesays.com\/de\/wp-json\/wp\/v2\/media?parent=1276771"}],"wp:term":[{"taxonomy":"category","embeddable":true,"href":"https:\/\/www.europesays.com\/de\/wp-json\/wp\/v2\/categories?post=1276771"},{"taxonomy":"post_tag","embeddable":true,"href":"https:\/\/www.europesays.com\/de\/wp-json\/wp\/v2\/tags?post=1276771"}],"curies":[{"name":"wp","href":"https:\/\/api.w.org\/{rel}","templated":true}]}}