{"id":1276773,"date":"2026-09-02T22:33:15","date_gmt":"2026-09-02T22:33:15","guid":{"rendered":"https:\/\/www.europesays.com\/de\/1276773\/"},"modified":"2026-09-02T22:33:15","modified_gmt":"2026-09-02T22:33:15","slug":"194-nachwuchskraefte-starten-bei-der-stadt-augsburg","status":"publish","type":"post","link":"https:\/\/www.europesays.com\/de\/1276773\/","title":{"rendered":"194 Nachwuchskr\u00e4fte starten bei der Stadt Augsburg"},"content":{"rendered":"<p>  <a href=\"https:\/\/www.daz-augsburg.de\/194-nachwuchskraefte-starten-bei-der-stadt-augsburg\/\" rel=\"nofollow noopener\" target=\"_blank\">194 Nachwuchskr\u00e4fte starten bei der Stadt Augsburg<\/a><\/p>\n<p><strong>Bei der Stadt Augsburg hat am 1. September das neue Ausbildungsjahr begonnen. 194\u00a0Nachwuchskr\u00e4fte, darunter 22\u00a0Studenten und 24\u00a0Kinderpflegepraktikanten, sind in ihre berufliche Zukunft gestartet.<\/strong><\/p>\n<p>Von Bruno Stubenrauch<\/p>\n<p><img fetchpriority=\"high\" decoding=\"async\" width=\"1024\" height=\"602\" src=\"https:\/\/www.europesays.com\/de\/wp-content\/uploads\/2026\/09\/csm_26_09_01_194_Nachwuchskraefte_Stadt_Augsburg_Foto_Michael_Hochgemuth_Stadt_Augsburg_002_a951f5d0.jpeg\" alt=\"\" class=\"alignleft size-full wp-image-108765\"  \/>Willkommensveranstaltung im Kongress am Park, wo die Nach\u00adwuchs\u00adkr\u00e4fte Einblick in das st\u00e4dtische Ausbildungswesen erhielten. (Bild: Michael Hochgemuth \/ Stadt Augsburg)<\/p>\n<p>Die Stadt Augsburg bietet mehr als 20\u00a0verschiedene Ausbildungsberufe und Studieng\u00e4nge an. Das Spektrum reicht von Umwelttechnologie und B\u00e4derbetrieben \u00fcber Pflege und Erziehung bis zu technischen und verwaltungsbezogenen Berufen.<\/p>\n<p><strong>Neue Ausbildungsangebote<\/strong><\/p>\n<p>Das Ausbildungsangebot wird laufend erweitert. Zu den neueren Angeboten geh\u00f6ren die verg\u00fctete Kinderpflegeausbildung in st\u00e4dtischen Kindertageseinrichtungen, die Ausbildung zu Disponenten bei der Berufsfeuerwehr sowie das duale Studium Bauingenieurwesen bei der Stadtentw\u00e4sserung Augsburg.<\/p>\n<p>Auch die Internationalisierung der Ausbildung gewinnt an Bedeutung. In diesem Jahr beginnen f\u00fcnf Auszubildende aus Indien ihre Ausbildung zu Pflegefachkr\u00e4ften bei der Stadt Augsburg.<\/p>\n<p><strong>Weitere Nachwuchskr\u00e4fte im Oktober<\/strong><\/p>\n<p>Zus\u00e4tzlich zu den 194 zum 1. September gestarteten Nachwuchskr\u00e4ften beginnen am 1.\u00a0Oktober weitere zehn Studenten ihre Ausbildung bei der Stadt. Zum Auftakt wurden die neuen Kollegen bei einer Willkommensveranstaltung im Kongress am Park \u00fcber ihre Ausbildung, wichtige Ansprechstellen und die Arbeit der Stadtverwaltung informiert.<\/p>\n<p>F\u00fcr das Ausbildungsjahr 2027 sind bereits Bewerbungen m\u00f6glich. Die Stadt hat zahlreiche Ausbildungs- und Studienpl\u00e4tze ausgeschrieben und bietet auf ihrer Internetseite einen \u201eAusbildungsKompass\u201c an, mit dem Interessierte anhand ihrer St\u00e4rken und Vorlieben passende Angebote finden k\u00f6nnen.<\/p>\n<p>    Artikel vom<br \/>\n    <a href=\"https:\/\/www.daz-augsburg.de\/?m=20260903\" rel=\"nofollow noopener\" target=\"_blank\"><br \/>\n      03.09.2026    <\/a><br \/>\n    | Autor: Bruno Stubenrauch<br \/>Rubrik: <a href=\"https:\/\/www.daz-augsburg.de\/rubrik\/politik\/\" rel=\"category tag nofollow noopener\" target=\"_blank\">Politik<\/a>, <a href=\"https:\/\/www.daz-augsburg.de\/rubrik\/politik\/bildung\/\" rel=\"category tag nofollow noopener\" target=\"_blank\">Bildung<\/a>, <a href=\"https:\/\/www.daz-augsburg.de\/rubrik\/wirtschaft\/\" rel=\"category tag nofollow noopener\" target=\"_blank\">Wirtschaft<\/a>  <\/p>\n","protected":false},"excerpt":{"rendered":"194 Nachwuchskr\u00e4fte starten bei der Stadt Augsburg Bei der Stadt Augsburg hat am 1. September das neue Ausbildungsjahr&hellip;\n","protected":false},"author":2,"featured_media":1276774,"comment_status":"","ping_status":"","sticky":false,"template":"","format":"standard","meta":{"footnotes":"","_share_on_mastodon":"0"},"categories":[1846],"tags":[680,772,3364,29,548,663,3934,30,13,14,15,12],"class_list":["post-1276773","post","type-post","status-publish","format-standard","has-post-thumbnail","category-augsburg","tag-augsburg","tag-bayern","tag-de","tag-deutschland","tag-eu","tag-europa","tag-europe","tag-germany","tag-headlines","tag-nachrichten","tag-news","tag-schlagzeilen"],"share_on_mastodon":{"url":"https:\/\/pubeurope.com\/@de\/117203830933131091","error":""},"_links":{"self":[{"href":"https:\/\/www.europesays.com\/de\/wp-json\/wp\/v2\/posts\/1276773","targetHints":{"allow":["GET"]}}],"collection":[{"href":"https:\/\/www.europesays.com\/de\/wp-json\/wp\/v2\/posts"}],"about":[{"href":"https:\/\/www.europesays.com\/de\/wp-json\/wp\/v2\/types\/post"}],"author":[{"embeddable":true,"href":"https:\/\/www.europesays.com\/de\/wp-json\/wp\/v2\/users\/2"}],"replies":[{"embeddable":true,"href":"https:\/\/www.europesays.com\/de\/wp-json\/wp\/v2\/comments?post=1276773"}],"version-history":[{"count":0,"href":"https:\/\/www.europesays.com\/de\/wp-json\/wp\/v2\/posts\/1276773\/revisions"}],"wp:featuredmedia":[{"embeddable":true,"href":"https:\/\/www.europesays.com\/de\/wp-json\/wp\/v2\/media\/1276774"}],"wp:attachment":[{"href":"https:\/\/www.europesays.com\/de\/wp-json\/wp\/v2\/media?parent=1276773"}],"wp:term":[{"taxonomy":"category","embeddable":true,"href":"https:\/\/www.europesays.com\/de\/wp-json\/wp\/v2\/categories?post=1276773"},{"taxonomy":"post_tag","embeddable":true,"href":"https:\/\/www.europesays.com\/de\/wp-json\/wp\/v2\/tags?post=1276773"}],"curies":[{"name":"wp","href":"https:\/\/api.w.org\/{rel}","templated":true}]}}