{"id":1276785,"date":"2026-09-02T22:40:37","date_gmt":"2026-09-02T22:40:37","guid":{"rendered":"https:\/\/www.europesays.com\/de\/1276785\/"},"modified":"2026-09-02T22:40:37","modified_gmt":"2026-09-02T22:40:37","slug":"unfall-auf-kreuzung-in-bielefeld-vier-menschen-verletzt-darunter-zwei-kinder","status":"publish","type":"post","link":"https:\/\/www.europesays.com\/de\/1276785\/","title":{"rendered":"Unfall auf Kreuzung in Bielefeld: Vier Menschen verletzt, darunter zwei Kinder"},"content":{"rendered":"<p id=\"absatz1\" class=\"em_text\">Bielefeld-Schildesche. Bei einer Frontalkollision auf der Schildescher Kreuzung Westerfeldstra\u00dfe, Engersche Stra\u00dfe, Talbr\u00fcckenstra\u00dfe wurden am Nachmittag vier Personen verletzt \u2013 unter anderem waren zwei kleine Kinder (3, 5) betroffen. Die wichtige Kreuzung musste vor\u00fcbergehend voll gesperrt werden. Es kam zu langen Staus und Wartezeiten im fr\u00fchen Feierabendverkehr.<\/p>\n<p id=\"absatz2\" class=\"em_text\">Wie die Polizei am Unfallort mitteilte, war die 36-j\u00e4hrige Fahrerin eines \u0160koda Octavia war mit ihren Kindern (3,5) auf der Talbr\u00fcckenstra\u00dfe in Richtung Kreuzung unterwegs. An der Kreuzung ordnete sie sich auf der Linksabbiegerspur in Richtung Engersche Stra\u00dfe ein und bog bei Gr\u00fcn ab. Dabei \u00fcbersah nach Angaben eines Polizeisprechers aber den vorfahrtsberechtigten Golf einer 37-j\u00e4hrigen Bielefelderin im Gegenverkehr, die von der Westerfeldstra\u00dfe kommend geradeaus in Richtung Obersee fahren wollte. Beide Fahrzeuge stie\u00dfen nahezu frontal aufeinander.<\/p>\n<p id=\"absatz3\" class=\"em_text\">Wie der Einsatzleiter der Feuerwehr mitteilte, wurden bei der Kollision alle vier Insassen verletzt und mussten vom Notarzt sowie den Besatzungen dreier Rettungswagen vor Ort versorgt werden. Nach Angaben der Polizei gelten die beiden Bielefelderinnen am Steuer wie auch die beiden Kinder zum Gl\u00fcck nur als leicht verletzt. Trotzdem sei es m\u00f6glich, dass Patienten zumindest zur Beobachtung im Krankenhaus bleiben m\u00fcssen. Das werde gerade bei betroffenen Kindern \u00f6fter so veranlasst.<\/p>\n<p>        <a href=\"https:\/\/www.nw.de\/_em_daten\/_cache\/image\/1xZDV2TTBlVmZzY3I0SFdHWUNFTzlxOCtPYkNaN084WVdPVlBTWkF5VThVTVNzbWFHcDhUOERsekFHSnJyWVk1WEpvTGZIZFdoZXpXQzNtcTd1MlNpTVlGSDVudkg1elNGeXAwc1Y0aDRNUlE9\/260902-1557-926717874.jpg\" class=\"nw-article-image\" title=\"Rettungskr\u00e4fte sind vor Ort im Einsatz.\" data-glightbox=\"type: image; description: Rettungskr\u00e4fte sind vor Ort im Einsatz.  | \u00a9 Jens Reichenbach \" rel=\"nofollow noopener\" target=\"_blank\"><br \/>\n            <img decoding=\"async\" src=\"https:\/\/www.europesays.com\/de\/wp-content\/uploads\/2026\/09\/260902-1557-926717874.jpg\" class=\"nw-img-fluid nw-w-full nw-lazy nw-rounded-t-md\" alt=\"Rettungskr\u00e4fte sind vor Ort im Einsatz. - \u00a9 Jens Reichenbach\" data-format=\"16:9\"\/><br \/>\n        <\/a><\/p>\n<p>                Rettungskr\u00e4fte sind vor Ort im Einsatz.<br \/>\n                                    | \u00a9 Jens Reichenbach<\/p>\n<p>Staus rund um den Unfall in Bielefeld<\/p>\n<p class=\"em_text\">Rund um die Kreuzung bildeten sich gro\u00dfe Staus. Der Verkehr auf der Strecke Westerfeldstra\u00dfe in Richtung Obersee musste bis zum Abtransport der beiden Unfallfahrzeuge komplett gesperrt bleiben. Auch der Busverkehr in Richtung Obersee und Baumheide war von den Sperrungen betroffen. Die Linienbusse wurden von der Polizei jeweils abgeleitet. In alle anderen Richtungen konnte der Verkehr die Unfallstelle zumindest sp\u00e4ter einspurig passieren. Nachdem beide Fahrzeuge abgeschleppt waren, gab die Polizei die Kreuzung gegen 16.40 Uhr wieder frei.<\/p>\n<p id=\"absatz5\">\ud83d\udcf1 <b class=\"TextRun SCXW194037719 BCX0 NormalTextRun SCXW194037719 BCX0 bold\">News direkt aufs Smartphone:<\/b> <a href=\"https:\/\/whatsapp.com\/channel\/0029VaeYHJ40Qeam4DWyn109\" rel=\"noreferrer noopener nofollow\" target=\"_blank\">Hier finden Sie den kostenlosen Whatsapp-Kanal der NW-Bielefeld<\/a> <\/p>\n","protected":false},"excerpt":{"rendered":"Bielefeld-Schildesche. Bei einer Frontalkollision auf der Schildescher Kreuzung Westerfeldstra\u00dfe, Engersche Stra\u00dfe, Talbr\u00fcckenstra\u00dfe wurden am Nachmittag vier Personen verletzt&hellip;\n","protected":false},"author":2,"featured_media":1276786,"comment_status":"","ping_status":"","sticky":false,"template":"","format":"standard","meta":{"footnotes":"","_share_on_mastodon":"0"},"categories":[1841],"tags":[263385,1605,3364,29,514,6390,30,9307,1606,2379,9310,15354,1608,118550,198343,736,164252,16384,1613,1209,38551,121,29696,263383,1284,13175,9426],"class_list":["post-1276785","post","type-post","status-publish","format-standard","has-post-thumbnail","category-bielefeld","tag-koda","tag-bielefeld","tag-de","tag-deutschland","tag-fahrzeug","tag-frontalkollision","tag-germany","tag-label_foto","tag-label_m-80","tag-label_push","tag-label_social","tag-label_stroer","tag-label_top-news","tag-label_whatsapp","tag-meta_artikelklasse_aboanker","tag-meta_copyrights_nw","tag-meta_eo_zusammenfassung","tag-meta_themen_blaulicht_sicherheit","tag-meta_userneeds_informieremich","tag-nordrhein-westfalen","tag-obersee","tag-polizei","tag-schildesche","tag-talbrueckenstrasse","tag-unfall","tag-verkehrsbehinderung","tag-zusammenstoss"],"share_on_mastodon":{"url":"","error":"Validation failed: Text character limit of 500 exceeded"},"_links":{"self":[{"href":"https:\/\/www.europesays.com\/de\/wp-json\/wp\/v2\/posts\/1276785","targetHints":{"allow":["GET"]}}],"collection":[{"href":"https:\/\/www.europesays.com\/de\/wp-json\/wp\/v2\/posts"}],"about":[{"href":"https:\/\/www.europesays.com\/de\/wp-json\/wp\/v2\/types\/post"}],"author":[{"embeddable":true,"href":"https:\/\/www.europesays.com\/de\/wp-json\/wp\/v2\/users\/2"}],"replies":[{"embeddable":true,"href":"https:\/\/www.europesays.com\/de\/wp-json\/wp\/v2\/comments?post=1276785"}],"version-history":[{"count":0,"href":"https:\/\/www.europesays.com\/de\/wp-json\/wp\/v2\/posts\/1276785\/revisions"}],"wp:featuredmedia":[{"embeddable":true,"href":"https:\/\/www.europesays.com\/de\/wp-json\/wp\/v2\/media\/1276786"}],"wp:attachment":[{"href":"https:\/\/www.europesays.com\/de\/wp-json\/wp\/v2\/media?parent=1276785"}],"wp:term":[{"taxonomy":"category","embeddable":true,"href":"https:\/\/www.europesays.com\/de\/wp-json\/wp\/v2\/categories?post=1276785"},{"taxonomy":"post_tag","embeddable":true,"href":"https:\/\/www.europesays.com\/de\/wp-json\/wp\/v2\/tags?post=1276785"}],"curies":[{"name":"wp","href":"https:\/\/api.w.org\/{rel}","templated":true}]}}