{"id":1276789,"date":"2026-09-02T22:43:21","date_gmt":"2026-09-02T22:43:21","guid":{"rendered":"https:\/\/www.europesays.com\/de\/1276789\/"},"modified":"2026-09-02T22:43:21","modified_gmt":"2026-09-02T22:43:21","slug":"nina-brattig-aus-solingen-hat-rund-60-pflegekinder","status":"publish","type":"post","link":"https:\/\/www.europesays.com\/de\/1276789\/","title":{"rendered":"Nina Brattig aus Solingen hat rund 60 Pflegekinder"},"content":{"rendered":"<p class=\"text small\">Es klingt unglaublich, aber wahr: Nina Brattig aus <a href=\"https:\/\/www1.wdr.de\/nrw\/bergisches-land\/solingen\/index.html\" rel=\"neutral nofollow noopener\" title=\"\u00dcbersicht Nachrichten und Geschichten aus Solingen\" target=\"_blank\">Solingen<\/a> hat sieben eigene Kinder, aber damit nicht genug. Zusammen mit ihrem Mann Torben hat sie in den letzten Jahren insgesamt rund 60 Pflegekinder gro\u00dfgezogen. &#8222;Ich wollte immer viele Kinder, mein Mann behauptet immer noch, das h\u00e4tte ich ihm erst nach der Hochzeit gesagt. Ich hab mit 15 schon gesagt, entweder ich kriege viele Kinder oder ich gehe ins SOS Kinderdorf&#8220;.\u00a0Brattig selbst ist mit zwei Geschwistern gro\u00df geworden. Viel zu wenig, wie die 60-J\u00e4hrige auch heute noch sagt. Schon als Jugendliche hat sie deshalb Praktika in Kinderg\u00e4rten absolviert oder Babysitting-Jobs \u00fcbernommen.<\/p>\n<p>Sieben Kinder in zehn Jahren<\/p>\n<p class=\"text small\">Mit 26 Jahren bringt Nina Brattig das erste leibliche Kind auf die Welt, zehn Jahre sp\u00e4ter sind es dann sieben. F\u00fcr viele Familien w\u00e4re das eine gro\u00dfe Herausforderung, nicht aber f\u00fcr die Brattigs und da sind sie sich einig. Tochter Larissa, die heute inzwischen 31 Jahre alt ist, erinnert sich gern an ihre Kindheit. Besonders an die gemeinsamen Urlaube: &#8222;Wir hatten halt nen VW-Bus, da passen ja schon neun Leute rein, da k\u00fcmmert sich jeder um jeden. Und wenn man ankommt, dann geht Mama mit mindestens einem Helfer einkaufen &#8211; auf jeden Fall mit zwei Einkaufswagen.&#8220; <\/p>\n<p>Gro\u00dffamilie \u00fcber Generationen?<\/p>\n<p class=\"text small\">Tochter Larissa ist das zweite der sieben Brattig-Kinder und hat inzwischen auch zwei eigene. Das Gro\u00dffamilie-Modell ihrer Eltern kann sie sich pers\u00f6nlich aber nicht vorstellen:<\/p>\n<blockquote class=\"blockquote\"><p>\n&#8222;Wir waren ne Zeitlang alle auf derselben Schule, man dreht sich um, einer ist immer da.&#8220;<br \/>\nLarissa Brattig\n<\/p><\/blockquote>\n<p class=\"text small\">Nach dem siebten Kind war f\u00fcr Mutter Nina aber noch lange nicht Schluss. Denn das Leben, das sie ihren eigenen Kindern erm\u00f6glichte, dass wollte sie auch anderen Kindern schenken. Kindern, die es bei ihren leiblichen Eltern nicht so gut haben. Schon nach der Geburt ihres ersten Sohnes, meldete sie sich zusammen mit ihrem Mann f\u00fcr die Bereitschaftspflege, also f\u00fcr die kurzfristige Aufnahme von vernachl\u00e4ssigten Kindern. &#8222;Wir hatten einmal zwei Kinder, die haben so unfassbar gestunken, die haben wir 14 Tage t\u00e4glich gebadet und frisch angezogen und die haben danach immer noch gestunken \u2013 nach Urin, M\u00fcll, Schimmel, etc.&#8220;, so Nina Brattig weiter.<\/p>\n<p>Zu wenig Bereitschaftspflege<\/p>\n<p class=\"text small\">Eigentlich sollen Kinder bei einer Bereitschaftspflegefamilie maximal ein halbes Jahr bleiben. Weil es davon aber viel zu wenige gibt, werden auch schnell mal zwei bis drei Jahre daraus. Nina Brattig hat versucht, das Beste f\u00fcr jedes Kind zu tun und einen Alltag herzustellen &#8211; mit viel Liebe und Verl\u00e4sslichkeit:\u00a0&#8222;Nat\u00fcrlich geht einem das nah, diese vielen Kinder mit den blauen Flecken, das kriegen sie nicht ganz weggeschoben. Das ist ja immer pr\u00e4sent.&#8220;<\/p>\n<p class=\"text small\">Inzwischen haben Nina und Torben Brattig sieben Enkel. Ihre T\u00fcren stehen f\u00fcr Pflegekinder aber noch immer offen. Aktuell leben drei M\u00e4dchen bei ihnen. Ihre M\u00fctter haben in den Schwangerschaft getrunken. Die kleinste der drei M\u00e4dchen kommt jetzt in die Schule, eine F\u00f6rderschule.<\/p>\n<p>Unsere Quellen:<\/p>\n<ul>\n<li>Eindr\u00fccke der <a href=\"https:\/\/www1.wdr.de\/index.html\" rel=\"neutral nofollow noopener\" title=\"\u00dcbersicht WDR - Informationen und Nachrichten vom Westdeutschen Rundfunk\" target=\"_blank\">WDR<\/a>-Reporterin vor Ort<\/li>\n<li>Interview mit der Familie Brattig<\/li>\n<\/ul>\n<p class=\"text small\"><strong>Sendung<\/strong>: <strong>WDR.de<\/strong>,  Missbraucht und verwahrlost &#8211; dagegen hilft ganz viel Familie, <strong>02.09.2026<\/strong>, 17:05 Uhr<br \/><strong>Sendung<\/strong>: WDR Fernsehen,<strong>\u00a0Lokalzeit <a href=\"https:\/\/www1.wdr.de\/nrw\/bergisches-land\/index.html\" rel=\"neutral nofollow noopener\" title=\"\u00dcbersicht News und Geschichten aus dem Bergischen Land\" target=\"_blank\">Bergisches Land<\/a>, 02.09.2026<\/strong>, 19:30 Uhr<\/p>\n","protected":false},"excerpt":{"rendered":"Es klingt unglaublich, aber wahr: Nina Brattig aus Solingen hat sieben eigene Kinder, aber damit nicht genug. Zusammen&hellip;\n","protected":false},"author":2,"featured_media":1276790,"comment_status":"","ping_status":"","sticky":false,"template":"","format":"standard","meta":{"footnotes":"","_share_on_mastodon":"0"},"categories":[1840],"tags":[3364,29,30,1209,4418],"class_list":["post-1276789","post","type-post","status-publish","format-standard","has-post-thumbnail","category-wuppertal","tag-de","tag-deutschland","tag-germany","tag-nordrhein-westfalen","tag-wuppertal"],"share_on_mastodon":{"url":"https:\/\/pubeurope.com\/@de\/117203868539827113","error":""},"_links":{"self":[{"href":"https:\/\/www.europesays.com\/de\/wp-json\/wp\/v2\/posts\/1276789","targetHints":{"allow":["GET"]}}],"collection":[{"href":"https:\/\/www.europesays.com\/de\/wp-json\/wp\/v2\/posts"}],"about":[{"href":"https:\/\/www.europesays.com\/de\/wp-json\/wp\/v2\/types\/post"}],"author":[{"embeddable":true,"href":"https:\/\/www.europesays.com\/de\/wp-json\/wp\/v2\/users\/2"}],"replies":[{"embeddable":true,"href":"https:\/\/www.europesays.com\/de\/wp-json\/wp\/v2\/comments?post=1276789"}],"version-history":[{"count":0,"href":"https:\/\/www.europesays.com\/de\/wp-json\/wp\/v2\/posts\/1276789\/revisions"}],"wp:featuredmedia":[{"embeddable":true,"href":"https:\/\/www.europesays.com\/de\/wp-json\/wp\/v2\/media\/1276790"}],"wp:attachment":[{"href":"https:\/\/www.europesays.com\/de\/wp-json\/wp\/v2\/media?parent=1276789"}],"wp:term":[{"taxonomy":"category","embeddable":true,"href":"https:\/\/www.europesays.com\/de\/wp-json\/wp\/v2\/categories?post=1276789"},{"taxonomy":"post_tag","embeddable":true,"href":"https:\/\/www.europesays.com\/de\/wp-json\/wp\/v2\/tags?post=1276789"}],"curies":[{"name":"wp","href":"https:\/\/api.w.org\/{rel}","templated":true}]}}