{"id":1276791,"date":"2026-09-02T22:44:23","date_gmt":"2026-09-02T22:44:23","guid":{"rendered":"https:\/\/www.europesays.com\/de\/1276791\/"},"modified":"2026-09-02T22:44:23","modified_gmt":"2026-09-02T22:44:23","slug":"langerfelder-markt-ein-stueck-lokalgeschichte-in-bronze","status":"publish","type":"post","link":"https:\/\/www.europesays.com\/de\/1276791\/","title":{"rendered":"Langerfelder Markt: Ein St\u00fcck Lokalgeschichte in Bronze"},"content":{"rendered":"<p class=\"text_ohne_einzug richtext text-em-55 !leading-serif mx-6 desktop:mx-0\">Ein beliebter und belebter Treffpunkt im Stadtteil ist der Langerfelder Markt. Zwischen Caf\u00e9s und Gesch\u00e4ften finden sich hier einige eindrucksvolle Hingucker, die einen spannenden Einblick in die Geschichte des Stadtteils und ehemaligen Dorfs geben. <\/p>\n<p class=\"richtext text-em-55 !leading-serif mx-6 desktop:mx-0\">Neben H\u00e4usern im Bergischen Fachwerkstil und dem Kriegerdenkmal als Mittelpunkt des Platzes gibt es hier noch einen weiteren Hingucker. Vor der Alten Kirche steht n\u00e4mlich ein Brunnen, der an einen Streit in Langerfeld erinnert, der sich vor mehreren Hundert Jahren zugetragen hat. <\/p>\n<p>Streit wegen Wasserknappheit <br \/>vor etwa 300 Jahren      <\/p>\n<p class=\"text_ohne_einzug richtext text-em-55 !leading-serif mx-6 desktop:mx-0\">In ihrem Buch \u201eDenkm\u00e4ler, Brunnen und Plastiken in Wuppertal: Beitr\u00e4ge zur Denkmal- und Stadtbildpflege des Wuppertals\u201c geht Ruth Meyer-Kahrweg, basierend auf alten Berichten der Westdeutschen Zeitung, des Heimatgru\u00dfes und Unterlagen im Schwelmer Stadtarchiv, auf die Entstehungsgeschichte und die Bedeutung dieses Brunnens ein.<\/p>\n<p class=\"richtext text-em-55 !leading-serif mx-6 desktop:mx-0\">Und diese Geschichte beginnt im Jahr 1979. Als Folge einer teilweisen Umgestaltung des \u00f6stlichen Marktbereichs in Langerfeld erhielt Ulle Hees den Auftrag der st\u00e4dtischen Kunstkommission. Die Wuppertaler Bildhauerin und bildende K\u00fcnstlerin, die 2012 im Alter von 71 Jahren verstarb, schuf in enger Zusammenarbeit mit der Bezirksvertretung und mit dem Heimatforscher G\u00fcnther Voigt den Brunnen, der am 26. September w\u00e4hrend des Garnfestes in Langerfeld eingeweiht wurde.<\/p>\n<p class=\"richtext text-em-55 !leading-serif mx-6 desktop:mx-0\">Der Brunnen erinnert an die drei Fontainen im damaligen Dorf Langerfeld, um die etwa 1730 ein Streit entbrannte. Doch worum ging es dabei genau?<\/p>\n<p class=\"richtext text-em-55 !leading-serif mx-6 desktop:mx-0\">\u201eDa die drei Wasserstellen, die untereinander durch R\u00f6hren verbunden waren, aus nur einer Quelle gespeist wurden, mussten f\u00fcr das Waschen der W\u00e4sche jeweils bestimmte Zeiten eingehalten werden\u201c, erkl\u00e4rt Meyer-Kahrweg. \u201eGeschah dies nicht, dann floss aus den tiefer gelegenen Brunnen nur tr\u00fcbe Br\u00fche, und der Streit war gro\u00df.\u201c<\/p>\n<p class=\"richtext text-em-55 !leading-serif mx-6 desktop:mx-0\">Ulle Hees hielt die damalige Situation in Bronze fest. Oben am Brunnenrand wird munter gewaschen und geplanscht, das schmutzige Wasser rinnt in einer Spirale zur n\u00e4chst tieferen Zapfstelle, wo die Nutzer zornig die F\u00e4uste ballen. Die Prozessakten \u00fcber diese Streitereien sind heute noch im Schwelmer Stadtarchiv im Haus Martfeld einsehbar. Es hat Montag bis Donnerstag zwischen 14 und 17.30 Uhr ge\u00f6ffnet, um eine telefonische Voranmeldung unter 02336\u20056990 wird gebeten. <\/p>\n<p>Historische Wasserleitung<br \/>heute noch zu sehen      <\/p>\n<p class=\"text_ohne_einzug richtext text-em-55 !leading-serif mx-6 desktop:mx-0\">Die drei historischen Fontainen befanden sich an der Einm\u00fcndung der Inselstra\u00dfe in die Wilhelm-Hedtmann-Stra\u00dfe \u2013 heute markiert durch eine Brunnens\u00e4ule \u2013 am Markt sowie am Anfang der heutigen Kurzen Stra\u00dfe. <\/p>\n<p class=\"richtext text-em-55 !leading-serif mx-6 desktop:mx-0\">Vor der Filiale der Sparkasse an der Schwelmer Stra\u00dfe ist heute eine Gedenktafel des B\u00fcrgervereins Langerfeld und der Stadtsparkasse Wuppertal zu finden. Sie bezieht sich auf eine historische Wasserleitung, die nach dem Abriss eines alten Fachwerkgeb\u00e4udes entdeckt wurde. Diese h\u00f6lzerne Leitung wurde 1734 \u201eanl\u00e4sslich eines Benutzerstreites\u201c erstmalig erw\u00e4hnt. Die Leitung ist vor der Sparkasse in den Boden eingelassen und mit einer Glasplatte bedeckt. <\/p>\n<p class=\"richtext text-em-55 !leading-serif mx-6 desktop:mx-0\">Wer Interesse an Geschichte zeigt, f\u00fcr den lohnt es sich, bei einem Rundgang durch das historische Zentrum Langerfelds genauer hinzugucken. <\/p>\n","protected":false},"excerpt":{"rendered":"Ein beliebter und belebter Treffpunkt im Stadtteil ist der Langerfelder Markt. Zwischen Caf\u00e9s und Gesch\u00e4ften finden sich hier&hellip;\n","protected":false},"author":2,"featured_media":1276792,"comment_status":"","ping_status":"","sticky":false,"template":"","format":"standard","meta":{"footnotes":"","_share_on_mastodon":"0"},"categories":[1840],"tags":[2500,263467,263471,33844,263473,263472,3364,29,219837,44343,263470,263468,30,2989,30666,10007,59158,114794,263469,1209,52170,2127,245235,4418],"class_list":["post-1276791","post","type-post","status-publish","format-standard","has-post-thumbnail","category-wuppertal","tag-brunnen","tag-263467","tag-benutzerstreites","tag-bronze","tag-brunnenrand","tag-brunnensaeule","tag-de","tag-deutschland","tag-entstehungsgeschichte","tag-erinnert","tag-fontainen","tag-fontainenstreit","tag-germany","tag-geschichte","tag-hingucker","tag-historische","tag-langerfeld","tag-langerfelder","tag-lokalgeschichte","tag-nordrhein-westfalen","tag-nutzer","tag-streit","tag-streitereien","tag-wuppertal"],"share_on_mastodon":{"url":"https:\/\/pubeurope.com\/@de\/117203872199604371","error":""},"_links":{"self":[{"href":"https:\/\/www.europesays.com\/de\/wp-json\/wp\/v2\/posts\/1276791","targetHints":{"allow":["GET"]}}],"collection":[{"href":"https:\/\/www.europesays.com\/de\/wp-json\/wp\/v2\/posts"}],"about":[{"href":"https:\/\/www.europesays.com\/de\/wp-json\/wp\/v2\/types\/post"}],"author":[{"embeddable":true,"href":"https:\/\/www.europesays.com\/de\/wp-json\/wp\/v2\/users\/2"}],"replies":[{"embeddable":true,"href":"https:\/\/www.europesays.com\/de\/wp-json\/wp\/v2\/comments?post=1276791"}],"version-history":[{"count":0,"href":"https:\/\/www.europesays.com\/de\/wp-json\/wp\/v2\/posts\/1276791\/revisions"}],"wp:featuredmedia":[{"embeddable":true,"href":"https:\/\/www.europesays.com\/de\/wp-json\/wp\/v2\/media\/1276792"}],"wp:attachment":[{"href":"https:\/\/www.europesays.com\/de\/wp-json\/wp\/v2\/media?parent=1276791"}],"wp:term":[{"taxonomy":"category","embeddable":true,"href":"https:\/\/www.europesays.com\/de\/wp-json\/wp\/v2\/categories?post=1276791"},{"taxonomy":"post_tag","embeddable":true,"href":"https:\/\/www.europesays.com\/de\/wp-json\/wp\/v2\/tags?post=1276791"}],"curies":[{"name":"wp","href":"https:\/\/api.w.org\/{rel}","templated":true}]}}